{"id":26050,"date":"2025-09-16T08:09:57","date_gmt":"2025-09-16T06:09:57","guid":{"rendered":"https:\/\/zurnalsiepirkumi.lv\/?p=26050"},"modified":"2025-09-18T08:13:32","modified_gmt":"2025-09-18T06:13:32","slug":"kopigi-iepirkumi-un-datu-apmaina-stiprinas-zalu-pieejamibu-eiropa-un-gatavibu-parrobezu-veselibas-apdraudejumiem","status":"publish","type":"post","link":"https:\/\/zurnalsiepirkumi.lv\/?p=26050","title":{"rendered":"Kop\u012bgi iepirkumi un datu apmai\u0146a stiprin\u0101s z\u0101\u013cu pieejam\u012bbu Eirop\u0101 un gatav\u012bbu p\u0101rrobe\u017eu vesel\u012bbas apdraud\u0113jumiem"},"content":{"rendered":"\n<p>Koordin\u0113ta sadarb\u012bba starp Eiropas Savien\u012bbas (ES) dal\u012bbvalst\u012bm, tostarp kop\u012bgi iepirkumi un datu apmai\u0146a, \u013caus \u0101tr\u0101k nov\u0113rst z\u0101\u013cu defic\u012btu un nodro\u0161in\u0101t, ka pacienti savlaic\u012bgi sa\u0146em nepiecie\u0161am\u0101s z\u0101les, neform\u0101laj\u0101 ES vesel\u012bbas ministru san\u0101ksm\u0113, uzrun\u0101jot kol\u0113\u0123us, \u0161odien sac\u012bja vesel\u012bbas ministrs Hosams Abu Meri.<\/p>\n\n\n\n<p>15.-16. septembr\u012b Kopenh\u0101gen\u0101 ES dal\u012bbvalstu vesel\u012bbas ministri diskut\u0113ka par gatav\u012bbas stiprin\u0101\u0161anu p\u0101rrobe\u017eu vesel\u012bbas apdraud\u0113jumiem, k\u0101 ar\u012b strat\u0113\u0123ij\u0101m c\u012b\u0146ai pret antimikrobi\u0101lo rezistenci (AMR) un politiku dz\u012bv\u012bbas zin\u0101t\u0146u un kl\u012bnisko p\u0113t\u012bjumu jom\u0101. \u0160ie jaut\u0101jumi ir \u012bpa\u0161i noz\u012bm\u012bgi laik\u0101, kad Eiropa saskaras ar nopietniem \u0123eopolitiskiem un vesel\u012bbas apr\u016bpes izaicin\u0101jumiem, kas ietekm\u0113 ar\u012b apr\u016bpes kvalit\u0101ti un pieejam\u012bbu.<\/p>\n\n\n\n<p>Cie\u0161\u0101ka sadarb\u012bba starp dal\u012bbvalst\u012bm ir iz\u0161\u0137iro\u0161i svar\u012bga, lai nodro\u0161in\u0101tu nep\u0101rtrauktu piek\u013cuvi z\u0101l\u0113m un efekt\u012bv\u0101ku resursu izmanto\u0161anu \u2013 tas noz\u012bm\u0113 ar\u012b datu apmai\u0146u par kr\u0101jumiem un piepras\u012bjumu, k\u0101 ar\u012b kop\u012bgus iepirkumus. Tas viss \u013caus \u0101tr\u0101k rea\u0123\u0113t uz defic\u012bta situ\u0101cij\u0101m un stiprin\u0101s pieg\u0101des \u0137\u0113\u017eu dro\u0161\u012bbu. Baltijas valstu pieredze jau tagad r\u0101da, ka re\u0123ion\u0101l\u0101 koordin\u0101cija sniedz praktiskus rezult\u0101tus un pal\u012bdz pacientiem savlaic\u012bgi sa\u0146emt nepiecie\u0161amo \u0101rst\u0113\u0161anu. \u0160\u0101da sadarb\u012bba veido dro\u0161\u0101ku vidi pacientiem un rada p\u0101rliec\u012bbu, ka Eiropa sp\u0113j r\u012bkoties vienoti,\u201d uzrun\u0101jot ES vesel\u012bbas ministrus, sac\u012bja H.Abu Meri.<\/p>\n\n\n\n<p>Diskusij\u0101 par dz\u012bv\u012bbas zin\u0101t\u0146u att\u012bst\u012bbu ES H.Abu Meri uzsv\u0113ra, ka pacientu \u0101rst\u0113\u0161an\u0101s rezult\u0101tus iesp\u0113jams b\u016btiski uzlabot ar akt\u012bvu dal\u012bbu starptautiskos kl\u012bniskajos p\u0113t\u012bjumos. Latvija jau guvusi pozit\u012bvu pieredzi \u0161aj\u0101 jom\u0101 \u2013 R\u012bg\u0101 B\u0113rnu kl\u012bniskaj\u0101 universit\u0101tes slimn\u012bc\u0101 pa\u0161laik norisin\u0101s divi kl\u012bniskie p\u0113t\u012bjumi, ko organiz\u0113 N\u012bderlandes&nbsp;<em>Princess M\u00e1xima<\/em>&nbsp;<em>b\u0113rnu onkolo\u0123ijas centrs<\/em>.<\/p>\n\n\n\n<p>San\u0101ksmes laik\u0101 vesel\u012bbas ministrs tik\u0101s ar\u012b ar Pasaules Vesel\u012bbas organiz\u0101cijas (PVO) Eiropas Re\u0123ion\u0101lo direktoru Hansu Kl\u016bgi. Puses p\u0101rrun\u0101ja n\u0101kam\u0101 gada j\u016bnij\u0101 R\u012bg\u0101 gaid\u0101mo PVO Mazo valstu iniciat\u012bvas san\u0101ksmi, kas tiks velt\u012bta cilv\u0113kresursiem vesel\u012bbas apr\u016bp\u0113 \u2013 &nbsp;izaicin\u0101jumiem un risin\u0101jumiem.<\/p>\n","protected":false},"excerpt":{"rendered":"<p>Koordin\u0113ta sadarb\u012bba starp Eiropas Savien\u012bbas (ES) dal\u012bbvalst\u012bm, tostarp kop\u012bgi iepirkumi un datu apmai\u0146a, \u013caus \u0101tr\u0101k nov\u0113rst z\u0101\u013cu defic\u012btu un nodro\u0161in\u0101t, ka pacienti savlaic\u012bgi sa\u0146em nepiecie\u0161am\u0101s z\u0101les, neform\u0101laj\u0101 ES vesel\u012bbas ministru san\u0101ksm\u0113, uzrun\u0101jot kol\u0113\u0123us, \u0161odien sac\u012bja vesel\u012bbas ministrs Hosams Abu Meri.<\/p>\n","protected":false},"author":1938,"featured_media":13073,"comment_status":"closed","ping_status":"closed","sticky":false,"template":"","format":"standard","meta":{"footnotes":""},"categories":[120,174,71,49],"tags":[],"_links":{"self":[{"href":"https:\/\/zurnalsiepirkumi.lv\/index.php?rest_route=\/wp\/v2\/posts\/26050"}],"collection":[{"href":"https:\/\/zurnalsiepirkumi.lv\/index.php?rest_route=\/wp\/v2\/posts"}],"about":[{"href":"https:\/\/zurnalsiepirkumi.lv\/index.php?rest_route=\/wp\/v2\/types\/post"}],"author":[{"embeddable":true,"href":"https:\/\/zurnalsiepirkumi.lv\/index.php?rest_route=\/wp\/v2\/users\/1938"}],"replies":[{"embeddable":true,"href":"https:\/\/zurnalsiepirkumi.lv\/index.php?rest_route=%2Fwp%2Fv2%2Fcomments&post=26050"}],"version-history":[{"count":2,"href":"https:\/\/zurnalsiepirkumi.lv\/index.php?rest_route=\/wp\/v2\/posts\/26050\/revisions"}],"predecessor-version":[{"id":26052,"href":"https:\/\/zurnalsiepirkumi.lv\/index.php?rest_route=\/wp\/v2\/posts\/26050\/revisions\/26052"}],"wp:featuredmedia":[{"embeddable":true,"href":"https:\/\/zurnalsiepirkumi.lv\/index.php?rest_route=\/wp\/v2\/media\/13073"}],"wp:attachment":[{"href":"https:\/\/zurnalsiepirkumi.lv\/index.php?rest_route=%2Fwp%2Fv2%2Fmedia&parent=26050"}],"wp:term":[{"taxonomy":"category","embeddable":true,"href":"https:\/\/zurnalsiepirkumi.lv\/index.php?rest_route=%2Fwp%2Fv2%2Fcategories&post=26050"},{"taxonomy":"post_tag","embeddable":true,"href":"https:\/\/zurnalsiepirkumi.lv\/index.php?rest_route=%2Fwp%2Fv2%2Ftags&post=26050"}],"curies":[{"name":"wp","href":"https:\/\/api.w.org\/{rel}","templated":true}]}}