{"id":25699,"date":"2025-06-12T12:39:17","date_gmt":"2025-06-12T10:39:17","guid":{"rendered":"https:\/\/zurnalsiepirkumi.lv\/?p=25699"},"modified":"2025-06-12T12:39:17","modified_gmt":"2025-06-12T10:39:17","slug":"pasvaldibam-socialo-majoklu-izveidei-pieejami-38-miljoni-eiro","status":"publish","type":"post","link":"https:\/\/zurnalsiepirkumi.lv\/?p=25699","title":{"rendered":"Pa\u0161vald\u012bb\u0101m soci\u0101lo m\u0101jok\u013cu izveidei pieejami 38 miljoni eiro"},"content":{"rendered":"\n<p>Centr\u0101l\u0101 finan\u0161u un l\u012bgumu a\u0123ent\u016bra (CFLA) ir izsludin\u0101jusi divas atkl\u0101tas projektu atlases pa\u0161vald\u012bb\u0101m par Eiropas Savien\u012bbas (ES) fondu finans\u0113jumu soci\u0101lo m\u0101jok\u013cu b\u016bvniec\u012bbai. Pieejamais Eiropas Re\u0123ion\u0101l\u0101s att\u012bst\u012bbas fonda (ERAF) finans\u0113jums ab\u0101s atlas\u0113s kop\u0101 \u2013 38 miljoni eiro.<\/p>\n\n\n\n<p>Ekonomikas ministrijas izstr\u0101d\u0101t\u0101 ES fondu programma&nbsp;paredz\u0113ta,&nbsp;lai soci\u0101li un ekonomiski mazaizsarg\u0101t\u0101m person\u0101m nodro\u0161in\u0101tu t\u0101da m\u0101jok\u013ca pieejam\u012bbu, kas &nbsp;atbilst cilv\u0113ka cien\u012bgiem dz\u012bves apst\u0101k\u013ciem, k\u0101 ar\u012b lai samazin\u0101tu rindas pa\u0161vald\u012bb\u0101s \u0161\u0101du m\u0101jok\u013cu iz\u012br\u0113\u0161anai.<\/p>\n\n\n\n<p>Atsevi\u0161\u0137u telpu grupu p\u0101rb\u016bvei par soci\u0101lajiem m\u0101jok\u013ciem pieejams programmas 1. k\u0101rt\u0101 atliku\u0161ais ERAF finans\u0113jums 6,88 miljonu eiro apm\u0113r\u0101. Otraj\u0101 k\u0101rt\u0101 tiks atbalst\u012bta pa\u0161vald\u012bbu nepabeigto jaunb\u016bvju un jaunu \u0113ku b\u016bvniec\u012bba, un \u0161im m\u0113r\u0137im paredz\u0113ti 31,24 miljoni eiro no ERAF.<\/p>\n\n\n\n<p>ES fondu l\u012bdzek\u013cus var\u0113s invest\u0113t gan b\u016bvniec\u012bbas darbos un saist\u012bt\u0101s teritorijas labiek\u0101rto\u0161an\u0101, gan virtuves un sanit\u0101ro telpu apr\u012bko\u0161an\u0101 ar funkcion\u0101li nepiecie\u0161amaj\u0101m iek\u0101rt\u0101m un ier\u012bc\u0113m.<\/p>\n\n\n\n<p>Projektu iesniegumus CFLA pie\u0146em\u00a0no \u0161.g. 10. j\u016bnija\u00a0l\u012bdz 10. septembrim, projektu \u012bsteno\u0161anai pa\u0161vald\u012bbas var pl\u0101not laiku l\u012bdz 2029. gada beig\u0101m. \u00a0Projektu atlases dokument\u0101cija public\u0113ta CFLA t\u012bmek\u013cietn\u0113:\u00a0<a href=\"https:\/\/www.cfla.gov.lv\/lv\/4-3-1-3-k-1\" target=\"_blank\" rel=\"noreferrer noopener\">1. k\u0101rtas 2. uzsaukums<\/a>;\u00a0<a href=\"https:\/\/www.cfla.gov.lv\/lv\/4-3-1-3-k-2\" target=\"_blank\" rel=\"noreferrer noopener\">2. k\u0101rta<\/a>.\u00a0<\/p>\n\n\n\n<p>ES fondu atbalsts soci\u0101lo m\u0101jok\u013cu izveidei paredz\u0113ts ES koh\u0113zijas politikas programmas 2021.\u20132027. gadam 4.3.1. specifisk\u0101 atbalsta m\u0113r\u0137a &#8220;Veicin\u0101t soci\u0101li atstumto kopienu, m\u0101jsaimniec\u012bbu ar zemiem ien\u0101kumiem un nelabv\u0113l\u012bg\u0101 situ\u0101cij\u0101 eso\u0161o grupu, tostarp cilv\u0113ku ar \u012bpa\u0161\u0101m vajadz\u012bb\u0101m soci\u0101li ekonomisko integr\u0101ciju, \u012bstenojot integr\u0113tas darb\u012bbas, tostarp nodro\u0161inot m\u0101jokli un soci\u0101los pakalpojumus&#8221;\u00a0<a href=\"https:\/\/likumi.lv\/ta\/id\/345674-eiropas-savienibas-kohezijas-politikas-programmas-2021-2027-gadam-4-3-1-specifiska-atbalsta-merka-veicinat-sociali-atstumto\" target=\"_blank\" rel=\"noreferrer noopener\">4.3.1.3.<\/a>\u00a0pas\u0101kuma &#8220;Soci\u0101lo m\u0101jok\u013cu atjauno\u0161ana vai jaunu soci\u0101lo m\u0101jok\u013cu b\u016bvniec\u012bba&#8221; ietvaros.<\/p>\n\n\n\n<p>Inform\u0101cija par pirmaj\u0101 atlases k\u0101rt\u0101 apstiprin\u0101tajiem projektiem pieejama \u0161eit:&nbsp;<a href=\"https:\/\/www.cfla.gov.lv\/lv\/4-3-1-3-k-1#apstiprinatie-projektu-iesniegumi\">apstiprin\u0101tie projekti<\/a>.<\/p>\n\n\n\n<p>Inform\u0101cija par vis\u0101m projektu atlas\u0113m pieejama CFLA t\u012bmek\u013cvietnes sada\u013c\u0101 \u201c<a href=\"https:\/\/www.cfla.gov.lv\/lv\/projektu-atlases\">Projektu atlases<\/a>\u201d.<\/p>\n","protected":false},"excerpt":{"rendered":"<p>Centr\u0101l\u0101 finan\u0161u un l\u012bgumu a\u0123ent\u016bra (CFLA) ir izsludin\u0101jusi divas atkl\u0101tas projektu atlases pa\u0161vald\u012bb\u0101m par Eiropas Savien\u012bbas (ES) fondu finans\u0113jumu soci\u0101lo m\u0101jok\u013cu b\u016bvniec\u012bbai. Pieejamais Eiropas Re\u0123ion\u0101l\u0101s att\u012bst\u012bbas fonda (ERAF) finans\u0113jums ab\u0101s atlas\u0113s kop\u0101 \u2013 38 miljoni eiro.<\/p>\n","protected":false},"author":1938,"featured_media":25698,"comment_status":"closed","ping_status":"closed","sticky":false,"template":"","format":"standard","meta":{"footnotes":""},"categories":[20,23,120],"tags":[],"_links":{"self":[{"href":"https:\/\/zurnalsiepirkumi.lv\/index.php?rest_route=\/wp\/v2\/posts\/25699"}],"collection":[{"href":"https:\/\/zurnalsiepirkumi.lv\/index.php?rest_route=\/wp\/v2\/posts"}],"about":[{"href":"https:\/\/zurnalsiepirkumi.lv\/index.php?rest_route=\/wp\/v2\/types\/post"}],"author":[{"embeddable":true,"href":"https:\/\/zurnalsiepirkumi.lv\/index.php?rest_route=\/wp\/v2\/users\/1938"}],"replies":[{"embeddable":true,"href":"https:\/\/zurnalsiepirkumi.lv\/index.php?rest_route=%2Fwp%2Fv2%2Fcomments&post=25699"}],"version-history":[{"count":2,"href":"https:\/\/zurnalsiepirkumi.lv\/index.php?rest_route=\/wp\/v2\/posts\/25699\/revisions"}],"predecessor-version":[{"id":25701,"href":"https:\/\/zurnalsiepirkumi.lv\/index.php?rest_route=\/wp\/v2\/posts\/25699\/revisions\/25701"}],"wp:featuredmedia":[{"embeddable":true,"href":"https:\/\/zurnalsiepirkumi.lv\/index.php?rest_route=\/wp\/v2\/media\/25698"}],"wp:attachment":[{"href":"https:\/\/zurnalsiepirkumi.lv\/index.php?rest_route=%2Fwp%2Fv2%2Fmedia&parent=25699"}],"wp:term":[{"taxonomy":"category","embeddable":true,"href":"https:\/\/zurnalsiepirkumi.lv\/index.php?rest_route=%2Fwp%2Fv2%2Fcategories&post=25699"},{"taxonomy":"post_tag","embeddable":true,"href":"https:\/\/zurnalsiepirkumi.lv\/index.php?rest_route=%2Fwp%2Fv2%2Ftags&post=25699"}],"curies":[{"name":"wp","href":"https:\/\/api.w.org\/{rel}","templated":true}]}}