{"id":25648,"date":"2025-05-30T13:29:15","date_gmt":"2025-05-30T11:29:15","guid":{"rendered":"https:\/\/zurnalsiepirkumi.lv\/?p=25648"},"modified":"2025-05-30T13:29:15","modified_gmt":"2025-05-30T11:29:15","slug":"jaunas-iespejas-eez-un-norvegijas-grantu-programmas","status":"publish","type":"post","link":"https:\/\/zurnalsiepirkumi.lv\/?p=25648","title":{"rendered":"Jaunas iesp\u0113jas EEZ un Norv\u0113\u0123ijas grantu programm\u0101s"},"content":{"rendered":"\n<p>Ceturtdien, 29. maij\u0101, finan\u0161u ministra Arvila A\u0161eradena vad\u012bb\u0101 notika \u0161\u012b gada tre\u0161\u0101 Eiropas Savien\u012bbas (ES) fondu tematisk\u0101s komitejas san\u0101ksme. T\u0101s laik\u0101 pan\u0101kta vieno\u0161an\u0101s par tr\u012bs priorit\u0101raj\u0101m jom\u0101m Eiropas Ekonomikas zonas (EEZ) un Norv\u0113\u0123ijas grantu jaunaj\u0101 period\u0101, kuras virz\u012bt sarun\u0101m ar donorvalst\u012bm, k\u0101 ar\u012b Atvese\u013co\u0161anas fonda (AF) ietaup\u012bjumu un atlikumu novirz\u012b\u0161anu augstas gatav\u012bbas ce\u013cu rekonstrukcijas darbiem un zemas \u012bres maksas m\u0101jok\u013cu b\u016bvniec\u012bbai. Vienlaikus uzs\u0101kta diskusija un iesp\u0113ju izv\u0113rt\u0113\u0161ana \u0161\u012b gada otraj\u0101 pus\u0113 papla\u0161in\u0101t invest\u012bcijas dro\u0161\u012bbas un aizsardz\u012bbas jom\u0101s, \u0146emot v\u0113r\u0101 Eiropas Komisijas (EK) virz\u012bto\u00a0<em>ReArm Europe<\/em>\u00a0 iniciat\u012bvu.<\/p>\n\n\n\n<p>ES fondu komitejas san\u0101ksm\u0113 ne tikai vienoj\u0101mies par Norv\u0113\u0123ijas un EEZ grantu n\u0101kam\u0101 perioda priorit\u0101t\u0113m un Atvese\u013co\u0161anas fonda papildu finans\u0113juma novirz\u012b\u0161anu ce\u013cu rekonstrukcijai re\u0123ionos un zemas \u012bres m\u0101jok\u013cu b\u016bvniec\u012bbas atbalsta programmai, bet ar\u012b s\u0101k\u0101m izv\u0113rt\u0113t iesp\u0113jas v\u0113l pla\u0161\u0101k p\u0101rpl\u0101not ES fondu finans\u0113jumu, lai stiprin\u0101tu Latvijas dro\u0161\u012bbu un aizsardz\u012bbu. \u0160\u012b ir strat\u0113\u0123iska pieeja, kas \u013cauj mums elast\u012bgi izmantot pieejamos resursus, saska\u0146ojot tos ar valsts bud\u017eeta pl\u0101no\u0161anu un vald\u012bbas noteiktaj\u0101m priorit\u0101t\u0113m. Vienlaikus turpin\u0101m darbu pie birokr\u0101tijas mazin\u0101\u0161anas, lai padar\u012btu ES fondu projektu \u012bsteno\u0161anu vienk\u0101r\u0161\u0101ku, efekt\u012bv\u0101ku un pieejam\u0101ku gan uz\u0146\u0113m\u0113jiem, gan pa\u0161vald\u012bb\u0101m,\u201c\u00a0nor\u0101da finan\u0161u ministrs Arvils A\u0161eradens.<\/p>\n\n\n\n<p>\u0145emot v\u0113r\u0101&nbsp;<strong>85 miljonu eiro indikat\u012bv\u0101s invest\u012bciju iesp\u0113jas<\/strong><strong>&nbsp;EEZ un Norv\u0113\u0123ijas grantu jaunaj\u0101 period\u0101<\/strong>&nbsp;l\u012bdz 2031.gadam, tematiskaj\u0101 komitej\u0101 tika pan\u0101kta vieno\u0161an\u0101s virz\u012bt uz vald\u012bbu priek\u0161likumus sarunu uzs\u0101k\u0161anai ar donorvalst\u012bm par trim programm\u0101m:&nbsp;\u201c<strong>Viet\u0113j\u0101 att\u012bst\u012bba un notur\u012bba\u201d<\/strong>&nbsp;(~ 42,5 milj. eiro) ietver patvert\u0146u izveidi un kr\u012b\u017eu vad\u012bbas kapacit\u0101ti;&nbsp;<strong>\u201cZa\u013c\u0101s inov\u0101cijas\u201d<\/strong>&nbsp;(~27,5 milj. eiro) paredz atbalstu uz\u0146\u0113m\u0113jdarb\u012bbai un pies\u0101r\u0146otu vietu san\u0101cijai, savuk\u0101rt&nbsp;<strong>\u201cKorekcijas dienesti\u201d<\/strong>&nbsp;(~15 milj. eiro) \u2013 sievie\u0161u cietuma b\u016bvniec\u012bbu, korekcijas dienestu stiprin\u0101\u0161anu un rehabilit\u0101cijas pakalpojumus b\u0113rniem ar atkar\u012bb\u0101m no apreibino\u0161\u0101m viel\u0101m. P\u0113c vald\u012bbas l\u0113muma Finan\u0161u ministrija (FM) sadarb\u012bb\u0101 ar atbild\u012bgaj\u0101m iest\u0101d\u0113m uzs\u0101ks ofici\u0101las sarunas ar donorvalst\u012bm.<\/p>\n\n\n\n<p>Fondu komitej\u0101 konceptu\u0101li vienoj\u0101s&nbsp;<strong>par AF ietaup\u012bjumu un atlikumu izmanto\u0161anu gad\u012bjumos,<\/strong>&nbsp;kad noteiktas AF aktivit\u0101tes tiek \u012bstenotas ar maz\u0101ku finans\u0113jumu nek\u0101 s\u0101kotn\u0113ji pl\u0101nots. AF pl\u0101ns ir j\u0101realiz\u0113 l\u012bdz 2026. gada vidum, t\u0101d\u0113\u013c atliku\u0161ais un ietaup\u012btais finans\u0113jums j\u0101novirza augstas gatav\u012bbas projektiem, kurus var \u012bstenot ierobe\u017eot\u0101 termi\u0146\u0101. Fondu komiteja l\u0113ma finans\u0113jumu novirz\u012bt ministriju iepriek\u0161 pieteiktaj\u0101m vajadz\u012bb\u0101m \u2013 ce\u013cu rekonstrukcijai re\u0123ionos un zemas \u012bres maksas m\u0101jok\u013cu b\u016bvniec\u012bbai Altum programm\u0101.<\/p>\n\n\n\n<p>Tematiskaj\u0101 komitej\u0101 tika uzs\u0101kta&nbsp;<strong>diskusija par iesp\u0113j\u0101m 2025. gada otraj\u0101 pus\u0113 virz\u012bt v\u0113l vienu ES fondu finans\u0113juma p\u0101rda\u013cu k\u0101rtu valsts aizsardz\u012bbas stiprin\u0101\u0161anai.<\/strong>&nbsp;\u0160\u0101du iesp\u0113ju izskat\u012b\u0161ana saist\u012bta ar&nbsp;<strong>EK&nbsp;<em>ReArm Europe<\/em>&nbsp;iniciat\u012bvu<\/strong>&nbsp;un apr\u012bl\u012b publiskotajiem regulu groz\u012bjumu priek\u0161likumiem, kas dal\u012bbvalst\u012bm paredz pla\u0161\u0101kas iesp\u0113jas elast\u012bgi p\u0101rpl\u0101not eso\u0161o ES fondu finans\u0113jumu dro\u0161\u012bbas un aizsardz\u012bbas vajadz\u012bb\u0101m. Potenci\u0101lie groz\u012bjumi tiktu izstr\u0101d\u0101ti cie\u0161\u0101 sasaist\u0113 ar valsts bud\u017eeta pl\u0101no\u0161anu un vald\u012bbas noteiktaj\u0101m priorit\u0101t\u0113m, \u0146emot v\u0113r\u0101, ka papildu finans\u0113jums b\u016btu j\u0101rod eso\u0161aj\u0101s ministriju aploksn\u0113s. \u0160\u0101das &nbsp;p\u0101rdales b\u016btu papildin\u0101jums nupat vald\u012bb\u0101 apstiprin\u0101tajiem ES fondu programmas vidusposma groz\u012bjumiem (groz\u012bjumi jau iesniegti apstiprin\u0101\u0161anai EK), kuru galvenais fokuss jau \u0161obr\u012bd ir valsts dro\u0161\u012bbas un notur\u012bbas stiprin\u0101\u0161ana.<\/p>\n\n\n\n<p>San\u0101ksm\u0113 ar\u012b p\u0101rrun\u0101ti&nbsp;<strong>ES fondu programmas ievie\u0161anas jaut\u0101jumi, tostarp darbs pie birokr\u0101tijas mazin\u0101\u0161anas un vienk\u0101r\u0161o\u0161anas pas\u0101kumiem.<\/strong>&nbsp;FM turpina \u012bstenot r\u012bc\u012bbas pl\u0101nu administrat\u012bv\u0101 sloga mazin\u0101\u0161anai ES fondu projektiem. L\u012bdz maijam apstr\u0101d\u0101ti vair\u0101k nek\u0101 400 priek\u0161likumi no nozaru ministrij\u0101m, pa\u0161vald\u012bb\u0101m, uz\u0146\u0113m\u0113ju organiz\u0101cij\u0101m un soci\u0101lajiem partneriem. Identific\u0113tas asto\u0146as priorit\u0101r\u0101s jomas, kur\u0101s notiek da\u017e\u0101da l\u012bme\u0146a un veidu uzlabojumi \u2013 \u012bpa\u0161i projektu atlases vienk\u0101r\u0161o\u0161an\u0101, uzraudz\u012bbas un iepirkumu procesa efektiviz\u0113\u0161an\u0101. Tiek ar\u012b p\u0101rskat\u012bts nacion\u0101lais regul\u0113jums, atsakoties no pras\u012bb\u0101m, kas p\u0101rsniedz ES noteikto, lai mazin\u0101tu slogu un samazin\u0101tu atskai\u0161u apjomu.<\/p>\n\n\n\n<p><strong>Jau \u0161obr\u012bd \u012bstenoti konkr\u0113ti atvieglojumi, kas sniedz taust\u0101mu ieguvumu projektu \u012bstenot\u0101jiem<\/strong>&nbsp;\u2013 piem\u0113ram, pla\u0161\u0101ka \u201ckonsult\u0113 vispirms\u201d principa piem\u0113ro\u0161ana Centr\u0101l\u0101s finan\u0161u un l\u012bgumu a\u0123ent\u016bras darb\u0101,&nbsp;tai skait\u0101 nov\u0113r\u0161ot dubl\u0113jo\u0161as un laikietilp\u012bgas p\u0101rbaudes, \u0101tr\u0101ka atlase \u201cA\u201d reitinga uz\u0146\u0113mumiem, atteik\u0161an\u0101s no atsevi\u0161\u0137u krit\u0113riju v\u0113rt\u0113\u0161anas, ja projektu atlas\u0113 pieejamais finans\u0113jums ir pietiekams visu kvalific\u0113to projektu atbalstam, pla\u0161\u0101ka pa\u0161deklar\u0113\u0161an\u0101s ievie\u0161ana un digit\u0101lais atbalsts. Visus pl\u0101notos uzdevumus paredz\u0113ts pabeigt l\u012bdz 2025. gada j\u016bnija beig\u0101m, un par paveikto FM sniegs p\u0101rskatu vald\u012bb\u0101.<\/p>\n\n\n\n<p>Vienlaikus tematiskaj\u0101 komiteja uzklaus\u012bja Vesel\u012bbas ministrijas redz\u0113jumu par to, k\u0101 n\u0101kotn\u0113 visefekt\u012bv\u0101k \u012bstenot priorit\u0101ros vesel\u012bbas infrastrukt\u016bras projektus. &nbsp;<\/p>\n","protected":false},"excerpt":{"rendered":"<p>Ceturtdien, 29. maij\u0101, finan\u0161u ministra Arvila A\u0161eradena vad\u012bb\u0101 notika \u0161\u012b gada tre\u0161\u0101 Eiropas Savien\u012bbas (ES) fondu tematisk\u0101s komitejas san\u0101ksme. T\u0101s laik\u0101 pan\u0101kta vieno\u0161an\u0101s par tr\u012bs priorit\u0101raj\u0101m jom\u0101m Eiropas Ekonomikas zonas (EEZ) un Norv\u0113\u0123ijas grantu jaunaj\u0101 period\u0101, kuras virz\u012bt sarun\u0101m ar donorvalst\u012bm, k\u0101 ar\u012b Atvese\u013co\u0161anas fonda (AF) ietaup\u012bjumu un atlikumu novirz\u012b\u0161anu augstas gatav\u012bbas ce\u013cu rekonstrukcijas darbiem un zemas \u012bres maksas m\u0101jok\u013cu b\u016bvniec\u012bbai.<\/p>\n","protected":false},"author":1938,"featured_media":25258,"comment_status":"closed","ping_status":"closed","sticky":false,"template":"","format":"standard","meta":{"footnotes":""},"categories":[20,233,120],"tags":[],"_links":{"self":[{"href":"https:\/\/zurnalsiepirkumi.lv\/index.php?rest_route=\/wp\/v2\/posts\/25648"}],"collection":[{"href":"https:\/\/zurnalsiepirkumi.lv\/index.php?rest_route=\/wp\/v2\/posts"}],"about":[{"href":"https:\/\/zurnalsiepirkumi.lv\/index.php?rest_route=\/wp\/v2\/types\/post"}],"author":[{"embeddable":true,"href":"https:\/\/zurnalsiepirkumi.lv\/index.php?rest_route=\/wp\/v2\/users\/1938"}],"replies":[{"embeddable":true,"href":"https:\/\/zurnalsiepirkumi.lv\/index.php?rest_route=%2Fwp%2Fv2%2Fcomments&post=25648"}],"version-history":[{"count":2,"href":"https:\/\/zurnalsiepirkumi.lv\/index.php?rest_route=\/wp\/v2\/posts\/25648\/revisions"}],"predecessor-version":[{"id":25650,"href":"https:\/\/zurnalsiepirkumi.lv\/index.php?rest_route=\/wp\/v2\/posts\/25648\/revisions\/25650"}],"wp:featuredmedia":[{"embeddable":true,"href":"https:\/\/zurnalsiepirkumi.lv\/index.php?rest_route=\/wp\/v2\/media\/25258"}],"wp:attachment":[{"href":"https:\/\/zurnalsiepirkumi.lv\/index.php?rest_route=%2Fwp%2Fv2%2Fmedia&parent=25648"}],"wp:term":[{"taxonomy":"category","embeddable":true,"href":"https:\/\/zurnalsiepirkumi.lv\/index.php?rest_route=%2Fwp%2Fv2%2Fcategories&post=25648"},{"taxonomy":"post_tag","embeddable":true,"href":"https:\/\/zurnalsiepirkumi.lv\/index.php?rest_route=%2Fwp%2Fv2%2Ftags&post=25648"}],"curies":[{"name":"wp","href":"https:\/\/api.w.org\/{rel}","templated":true}]}}