{"id":25353,"date":"2025-03-25T08:09:01","date_gmt":"2025-03-25T06:09:01","guid":{"rendered":"https:\/\/zurnalsiepirkumi.lv\/?p=25353"},"modified":"2025-03-28T08:11:11","modified_gmt":"2025-03-28T06:11:11","slug":"atverts-tresais-projektu-konkurss-interreg-baltijas-juras-regiona-programma-2021-2027-gadam-mazo-projektu-iesniegsanai","status":"publish","type":"post","link":"https:\/\/zurnalsiepirkumi.lv\/?p=25353","title":{"rendered":"Atv\u0113rts tre\u0161ais projektu konkurss Interreg Baltijas j\u016bras re\u0123iona programm\u0101 2021.-2027.gadam mazo projektu iesnieg\u0161anai"},"content":{"rendered":"\n<p>Vied\u0101s administr\u0101cijas un re\u0123ion\u0101l\u0101s att\u012bst\u012bbas ministrija (turpm\u0101k \u2013 VARAM) aicina piedal\u012bties Interreg Baltijas j\u016bras re\u0123iona programmas 2021.-2027.gadam (turpm\u0101k\u00a0 \u2013 programma) 3.projektu konkurs\u0101 mazo projektu iesnieg\u0161anai, kas atv\u0113rts no 2025.gada 25.marta l\u012bdz 2025.gada 8.oktobrim.<\/p>\n\n\n\n<p>Programmas m\u0113r\u0137is ir ar transnacion\u0101l\u0101s sadarb\u012bbas pal\u012bdz\u012bbu praks\u0113 \u012bstenot inovat\u012bvus, \u016bdens resursu efekt\u012bvas izmanto\u0161anas un ilgtsp\u0113j\u012bgus klimata risin\u0101jumus, nodro\u0161inot ieguvumu visiem Baltijas j\u016bras re\u0123iona iedz\u012bvot\u0101jiem.<\/p>\n\n\n\n<p>Programmas teritorija ietver visu D\u0101nijas, Igaunijas, Somijas, Latvijas, Lietuvas, Polijas, Zviedrijas un Norv\u0113\u0123ijas teritoriju, k\u0101 ar\u012b atsevi\u0161\u0137as V\u0101cijas teritorijas.<\/p>\n\n\n\n<p>Atbalsts pl\u0101nots transnacion\u0101l\u0101s sadarb\u012bbas aktivit\u0101t\u0113m institucion\u0101lo sp\u0113ju sekm\u0113\u0161anai, atbalstot mazu un lauku teritoriju att\u012bst\u012bbu, kas saskaras ar soci\u0101lekonomiskiem izaicin\u0101jumiem viet\u0113j\u0101s kopien\u0101s Baltijas j\u016bras re\u0123ion\u0101. Pretendentiem projekti j\u0101izstr\u0101d\u0101, \u0146emot v\u0113r\u0101 sava re\u0123iona demogr\u0101fiskos un soci\u0101lekonomiskos aspektus, nodro\u0161inot, ka pl\u0101not\u0101s aktivit\u0101tes balst\u0101s viet\u0113jos izaicin\u0101jumos, tos transform\u0113jot iesp\u0113j\u0101s attiec\u012bgo teritoriju att\u012bst\u012bbai.<\/p>\n\n\n\n<p>Programmu l\u012bdzfinans\u0113 Eiropas Re\u0123ion\u0101l\u0101s att\u012bst\u012bbas fonds (ERAF) un kop\u0113jais pieejamais ERAF finans\u0113jums projektiem tre\u0161aj\u0101 projektu konkurs\u0101 ir 8.3 milj.&nbsp;<em>euro<\/em>.<\/p>\n\n\n\n<p>Projekta partner\u012bb\u0101<strong>&nbsp;<\/strong>j\u0101iesaist\u0101s vismaz tr\u012bs partnera iest\u0101d\u0113m no tr\u012bs da\u017e\u0101d\u0101m programmas dal\u012bbvalst\u012bm. Vienam no partneriem j\u0101uz\u0146emas Vado\u0161\u0101 partnera loma, p\u0101r\u0113jie partner\u012bb\u0101 iesaist\u012btie piedal\u0101s k\u0101 projekta partneri vai asoci\u0113tie partneri.<\/p>\n\n\n\n<p>Finans\u0113juma sa\u0146\u0113m\u0113ji var b\u016bt valsts, re\u0123ion\u0101l\u0101s un viet\u0113j\u0101s publisk\u0101s p\u0101rvaldes iest\u0101des (tai skait\u0101 universit\u0101tes un zin\u0101tnisk\u0101s instit\u016bcijas), nevalstisk\u0101s organiz\u0101cijas, priv\u0101tie uz\u0146\u0113mumi.<\/p>\n\n\n\n<p>Finans\u0113juma sa\u0146\u0113m\u0113jiem b\u016bs iesp\u0113ja sa\u0146emt&nbsp; programmas ERAF l\u012bdzfinans\u0113jumu 80% apm\u0113r\u0101 no attiecin\u0101majiem izdevumiem, pa\u0161iem partneriem j\u0101nodro\u0161ina l\u012bdzfinans\u0113jums 20% apm\u0113r\u0101.<\/p>\n\n\n\n<p>S\u012bk\u0101ka inform\u0101cija par programmas tre\u0161\u0101 projektu konkursa nosac\u012bjumiem, saist\u012btajiem dokumentiem, informat\u012bviem materi\u0101liem, k\u0101 ar\u012b projektu ideju un partner\u012bbas izveides platformu ir pieejama&nbsp;programmas t\u012bmek\u013ca vietn\u0113:&nbsp;<a href=\"https:\/\/interreg-baltic.eu\/gateway\/\">https:\/\/interreg-baltic.eu\/gateway\/<\/a>.<\/p>\n\n\n\n<p>Projekta idejas veidlapas iesnieg\u0161ana \u2013 konsult\u0101cijas ar programmas Vado\u0161o iest\u0101di\/Kop\u012bgo sekretari\u0101tu ir priek\u0161noteikums un oblig\u0101ts solis, lai pieteiktos finans\u0113jumam programm\u0101. Tikai tie projektu iesniedz\u0113ji, kuri konsult\u0113sies par savu projekta ideju, sa\u0146ems piek\u013cuvi elektroniskajai sist\u0113mai\u00a0<em>\u201cBAMOS+\u201d<\/em>\u00a0projekta iesnieg\u0161anai. Vair\u0101k par konsult\u0101ciju procesu un projektu iesnieg\u0161anu programmas t\u012bmek\u013ca vietn\u0113:\u00a0<a href=\"https:\/\/interreg-baltic.eu\/gateway\/consultations\/\" target=\"_blank\" rel=\"noreferrer noopener\">https:\/\/interreg-baltic.eu\/gateway\/consultations\/<\/a>.<\/p>\n\n\n\n<p>Jaut\u0101jumu gad\u012bjum\u0101, aicin\u0101m sazin\u0101ties ar programmas Vado\u0161\u0101s iest\u0101des\/Kop\u012bg\u0101 sekretari\u0101ta p\u0101rst\u0101vjiem:&nbsp;<a href=\"mailto:info@interreg-baltic.eu\">info@interreg-baltic.eu<\/a>.<\/p>\n\n\n\n<p>T\u0101pat, aicin\u0101m pieteikties dal\u012bbai VARAM organiz\u0113taj\u0101 informat\u012bvaj\u0101 pas\u0101kum\u0101 finans\u0113juma sa\u0146\u0113m\u0113jiem Latvij\u0101 par programmas tre\u0161o projektu konkursu mazo projektu iesnieg\u0161anai, kas notiks \u0161.g. 9.apr\u012bl\u012b (tie\u0161saist\u0113). Dal\u012bbai pas\u0101kum\u0101 iesp\u0113jams re\u0123istr\u0113ties\u00a0<a href=\"https:\/\/docs.google.com\/forms\/d\/1jbR8K0d8PX40Ow7HfWrXq3De2TvUYOdHsoFCU_mwQOQ\/edit\" target=\"_blank\" rel=\"noreferrer noopener\"><strong>\u0160EIT.<\/strong><\/a><\/p>\n\n\n\n<p>Programmas Vado\u0161\u0101 iest\u0101de\/Kop\u012bgais sekretari\u0101ts potenci\u0101lajiem finans\u0113juma sa\u0146\u0113m\u0113jiem organiz\u0113 semin\u0101rus (tie\u0161saist\u0113) kvalitat\u012bvu projektu pieteikumu sagatavo\u0161anai, inform\u0113jot par programmas tematisko ietvaru un projektu \u012bsteno\u0161anas nosac\u012bjumiem. Tuv\u0101kais semin\u0101rs notiks \u0161.g. 7.apr\u012bl\u012b (tie\u0161saist\u0113). \u00a0Dal\u012bbai semin\u0101r\u0101 iesp\u0113jams re\u0123istr\u0113ties\u00a0<a href=\"https:\/\/interreg-baltic.eu\/event\/thematic-webinar-small-projects-big-wins-repetition987525371\/\" target=\"_blank\" rel=\"noreferrer noopener\"><strong>\u0160EIT.<\/strong><\/a><\/p>\n\n\n\n<p>VARAM pilda Nacion\u0101l\u0101s atbild\u012bg\u0101s iest\u0101des funkcijas Eiropas Savien\u012bbas Koh\u0113zijas politikas m\u0113r\u0137a \u201eEiropas teritori\u0101l\u0101 sadarb\u012bba\u201d (Interreg) programmu 2021.-2027.gadam, tai skait\u0101 Interreg Baltijas j\u016bras re\u0123iona programmas \u012bsteno\u0161anas koordin\u0101cijai Latvij\u0101.&nbsp; Kontaktpersona VARAM: Ilga Gru\u0161eva (<a href=\"mailto:ilga.gruseva@varam.gov.lv\">ilga.gruseva@varam.gov.lv<\/a>; t\u0101lr.:&nbsp;<a href=\"tel:+371 67026472\">+371 67026472<\/a>).<\/p>\n\n\n\n<p>Vair\u0101k inform\u0101cijas par Interreg programmu aktualit\u0101t\u0113m Latvij\u0101:\u00a0<a href=\"https:\/\/www.interreg.lv\/lv\/\" target=\"_blank\" rel=\"noreferrer noopener\">https:\/\/www.interreg.lv\/lv\/<\/a>\u00a0un\u00a0<a href=\"https:\/\/www.facebook.com\/Interreg.lv\" target=\"_blank\" rel=\"noreferrer noopener\">https:\/\/www.facebook.com\/Interreg.lv<\/a>.<\/p>\n","protected":false},"excerpt":{"rendered":"<p>Vied\u0101s administr\u0101cijas un re\u0123ion\u0101l\u0101s att\u012bst\u012bbas ministrija (turpm\u0101k \u2013 VARAM) aicina piedal\u012bties Interreg Baltijas j\u016bras re\u0123iona programmas 2021.-2027.gadam (turpm\u0101k\u00a0 \u2013 programma) 3.projektu konkurs\u0101 mazo projektu iesnieg\u0161anai, kas atv\u0113rts no 2025.gada 25.marta l\u012bdz 2025.gada 8.oktobrim.<\/p>\n","protected":false},"author":1938,"featured_media":25352,"comment_status":"closed","ping_status":"open","sticky":false,"template":"","format":"standard","meta":{"footnotes":""},"categories":[120],"tags":[],"_links":{"self":[{"href":"https:\/\/zurnalsiepirkumi.lv\/index.php?rest_route=\/wp\/v2\/posts\/25353"}],"collection":[{"href":"https:\/\/zurnalsiepirkumi.lv\/index.php?rest_route=\/wp\/v2\/posts"}],"about":[{"href":"https:\/\/zurnalsiepirkumi.lv\/index.php?rest_route=\/wp\/v2\/types\/post"}],"author":[{"embeddable":true,"href":"https:\/\/zurnalsiepirkumi.lv\/index.php?rest_route=\/wp\/v2\/users\/1938"}],"replies":[{"embeddable":true,"href":"https:\/\/zurnalsiepirkumi.lv\/index.php?rest_route=%2Fwp%2Fv2%2Fcomments&post=25353"}],"version-history":[{"count":1,"href":"https:\/\/zurnalsiepirkumi.lv\/index.php?rest_route=\/wp\/v2\/posts\/25353\/revisions"}],"predecessor-version":[{"id":25354,"href":"https:\/\/zurnalsiepirkumi.lv\/index.php?rest_route=\/wp\/v2\/posts\/25353\/revisions\/25354"}],"wp:featuredmedia":[{"embeddable":true,"href":"https:\/\/zurnalsiepirkumi.lv\/index.php?rest_route=\/wp\/v2\/media\/25352"}],"wp:attachment":[{"href":"https:\/\/zurnalsiepirkumi.lv\/index.php?rest_route=%2Fwp%2Fv2%2Fmedia&parent=25353"}],"wp:term":[{"taxonomy":"category","embeddable":true,"href":"https:\/\/zurnalsiepirkumi.lv\/index.php?rest_route=%2Fwp%2Fv2%2Fcategories&post=25353"},{"taxonomy":"post_tag","embeddable":true,"href":"https:\/\/zurnalsiepirkumi.lv\/index.php?rest_route=%2Fwp%2Fv2%2Ftags&post=25353"}],"curies":[{"name":"wp","href":"https:\/\/api.w.org\/{rel}","templated":true}]}}