{"id":24998,"date":"2025-01-28T10:10:05","date_gmt":"2025-01-28T08:10:05","guid":{"rendered":"https:\/\/zurnalsiepirkumi.lv\/?p=24998"},"modified":"2025-01-28T10:10:05","modified_gmt":"2025-01-28T08:10:05","slug":"varam-aicina-piedalities-centrala-baltijas-juras-regiona-programmas-2021-2027-g-projektu-konkursos-2025-gada","status":"publish","type":"post","link":"https:\/\/zurnalsiepirkumi.lv\/?p=24998","title":{"rendered":"VARAM aicina piedal\u012bties Centr\u0101l\u0101 Baltijas j\u016bras re\u0123iona programmas 2021.\u20132027.g. projektu konkursos 2025.gad\u0101"},"content":{"rendered":"\n<p>Vied\u0101s administr\u0101cijas un re\u0123ion\u0101l\u0101s att\u012bst\u012bbas ministrija k\u0101 Nacion\u0101l\u0101 atbild\u012bg\u0101 iest\u0101de par Interreg programm\u0101m Latvij\u0101,\u00a0 aicina\u00a0piedal\u012bties Centr\u0101l\u0101 Baltijas j\u016bras re\u0123iona p\u0101rrobe\u017eu sadarb\u012bbas programmas 2021.-2027.gadam (turpm\u0101k \u2013 Programma), projektu konkursos 2025.gad\u0101.<\/p>\n\n\n\n<p>Programma tiek finans\u0113ta no Eiropas Re\u0123ion\u0101l\u0101s att\u012bst\u012bbas fonda un pied\u0101v\u0101 iesp\u0113jas \u012bstenot p\u0101rrobe\u017eu sadarb\u012bbas projektus, veidojot partner\u012bbu organiz\u0101cij\u0101m no Latvijas, Igaunijas, Zviedrijas un Somijas, tai skait\u0101 \u0100landu sal\u0101m.&nbsp;<\/p>\n\n\n\n<p>Programma veidota ar m\u0113r\u0137i stiprin\u0101t sadarb\u012bbu starp p\u0101rrobe\u017eu re\u0123ioniem, veicinot inovat\u012bvu uz\u0146\u0113m\u0113jdarb\u012bbas att\u012bst\u012bbu, Centr\u0101l\u0101 Baltijas j\u016bras re\u0123iona vides un resursu izmanto\u0161anu, pieejamu un iek\u013caujo\u0161u darba tirgus att\u012bst\u012bbu, k\u0101 ar\u012b publiskos pakalpojumus un risin\u0101jumus Centr\u0101l\u0101 Baltijas j\u016bras re\u0123ionu iedz\u012bvot\u0101jiem.<\/p>\n\n\n\n<p>Projektu ietvaros var\u00a0 \u012bstenot \u0161\u0101das\u00a0p\u0101rrobe\u017eu \u00a0\/ kop\u012bgas aktivit\u0101tes: produktu un pakalpojumu att\u012bst\u012bba (tai skait\u0101 publiskie pakalpojumi), procesu digitaliz\u0101cija, izpratnes sekm\u0113\u0161ana un prasmju att\u012bst\u012bba, m\u0101rketinga aktivit\u0101tes, pieredzes apmai\u0146a un lab\u0101s prakses p\u0101r\u0146em\u0161ana, priek\u0161izp\u0113te un pl\u0101nu izstr\u0101de, jaunu meto\u017eu un tehnolo\u0123iju izstr\u0101de un \u012bsteno\u0161ana, pilota darb\u012bbas, (u.c., skat\u012bt\u00a0<a href=\"https:\/\/centralbaltic.eu\/for-applicants\/key-documents\/#programme-documents\" target=\"_blank\" rel=\"noreferrer noopener\">programmas dokumentos<\/a>)<\/p>\n\n\n\n<p>2025.gad\u0101 norisin\u0101sies\u00a0<a href=\"https:\/\/centralbaltic.eu\/news\/get-ready-fifth-call-for-project-proposals-opens-in-2025\/\" target=\"_blank\" rel=\"noreferrer noopener\">piektais projektu konkurss<\/a>\u00a0no 10.03.2025.-30.09.2025.<\/p>\n\n\n\n<ul>\n<li>Regul\u0101ro projektu\u00a0konkurss (visa Latvijas teritorija);<\/li>\n\n\n\n<li>Mazo projektu\u00a0konkurss (visa Latvijas teritorija);<\/li>\n<\/ul>\n\n\n\n<p><strong>I<\/strong>esnieg\u0161ana elektroniskaj\u0101 platform\u0101 JEMS\u00a0\u00a0no\u00a001.08.2025.-30.09.2025.<\/p>\n\n\n\n<p>\u012asteno\u0161anas ilgums mazajiem projektiem ir 18 m\u0113ne\u0161i, bet regul\u0101rajiem projektiem tie ir 36 m\u0113ne\u0161i. &nbsp;<\/p>\n\n\n\n<p>J\u0101\u0146em v\u0113r\u0101, ja v\u0113laties pieteikties konkurs\u0101\u00a0nepiecie\u0161ami partneri no vismaz div\u0101m dal\u012bbvalst\u012bm, projekta rezult\u0101tiem visos gad\u012bjumos j\u0101attiecas uz programmas teritoriju, j\u0101b\u016bt skaidrai p\u0101rrobe\u017eu sadarb\u012bbas pievienotajai v\u0113rt\u012bbai, k\u0101 ar\u012b projekta partneri pa\u0161i priek\u0161finans\u0113 projekta \u012bsteno\u0161anu, programmas finans\u0113jumu sa\u0146emot p\u0113c projekta k\u0101rt\u0113j\u0101s atskaites apstiprin\u0101\u0161anas no Vado\u0161\u0101s iest\u0101des puses.<\/p>\n\n\n\n<p>Finans\u0113juma sa\u0146\u0113m\u0113ji var b\u016bt valsts, re\u0123ion\u0101l\u0101s un viet\u0113j\u0101s publisk\u0101s p\u0101rvaldes iest\u0101des, &nbsp;universit\u0101tes un zin\u0101tnisk\u0101s instit\u016bcijas, biedr\u012bbas un nodibin\u0101jumi, un atsevi\u0161\u0137iem programmas m\u0113r\u0137iem ar\u012b mazie vai vid\u0113jie uz\u0146\u0113mumi.<\/p>\n\n\n\n<p>Iesak\u0101m iepaz\u012bties ar aktu\u0101lajiem\u00a0<a href=\"https:\/\/centralbaltic.eu\/for-applicants\/key-documents\/#programme-documents\" target=\"_blank\" rel=\"noreferrer noopener\">Programmas dokumentiem<\/a>,\u00a0Rokasgr\u0101matu u.c., kuros sniegta b\u016btiska inform\u0101cija potenci\u0101lajiem projektu iesniedz\u0113jiem.<\/p>\n\n\n\n<p>T\u0101pat ar\u012b aicin\u0101m aizpild\u012bt\u00a0<a href=\"https:\/\/centralbaltic.eu\/present-your-project-idea\/\" target=\"_blank\" rel=\"noreferrer noopener\">projektu idejas formu\u00a0<\/a>un pieteikties\u00a0<a href=\"https:\/\/centralbaltic.eu\/for-applicants\/key-documents\/present-your-project-idea\/\" target=\"_blank\" rel=\"noreferrer noopener\">konsult\u0101cij\u0101m pie Programmas projektu vad\u012bt\u0101jiem<\/a>!\u00a0\u00a0<\/p>\n\n\n\n<p>Aicin\u0101m sekot l\u012bdzi\u00a0<a href=\"https:\/\/centralbaltic.eu\/news\/\" target=\"_blank\" rel=\"noreferrer noopener\">Programmas aktualit\u0101t\u0113m\u00a0<\/a>un piedal\u012bties\u00a0<a href=\"https:\/\/centralbaltic.eu\/2025-applicant-support-events\/\" target=\"_blank\" rel=\"noreferrer noopener\">Programmas informat\u012bvajos pas\u0101kumos<\/a>, k\u0101 ar\u012b pieteikties\u00a0<a href=\"https:\/\/centralbaltic.eu\/newsletter\/\" target=\"_blank\" rel=\"noreferrer noopener\">Jaunumu sa\u0146em\u0161anai\u00a0<\/a>sav\u0101 e-past\u0101!<\/p>\n\n\n\n<p>Iesak\u0101m re\u0123istr\u0113ties ar\u012b\u00a0<a href=\"https:\/\/partnersearch-centralbaltic.eu\/landingpage\/\" target=\"_blank\" rel=\"noreferrer noopener\">potenci\u0101lo projektu partneru lap\u0101<\/a>, lai J\u016bs var\u0113tu viegl\u0101k atrast savus sadarb\u012bbas partnerus!<\/p>\n\n\n\n<p>K\u0101 ar\u012b aicin\u0101m piedal\u012bties:<\/p>\n\n\n\n<ul>\n<li>19.02.2025., no plkst. 10:00.<strong>\u00a0<\/strong>\u00a0 &#8211; \u00a0<a href=\"https:\/\/www.interreg.lv\/lv\/kalendars\/2154_vebinars-par-centrala-baltijas-juras-regiona-programmu-un-tas-5-projektu-konkursu\/\" target=\"_blank\" rel=\"noreferrer noopener\">informat\u012bv\u0101\u00a0vebin\u0101r\u0101\u00a0<\/a>(latvie\u0161u val.) par Centr\u0101l\u0101 Baltijas j\u016bras re\u0123iona programmu un t\u0101s 5.projektu konkursu!\u00a0<a href=\"https:\/\/docs.google.com\/forms\/d\/e\/1FAIpQLSew-uVCqoBbMJLW79-zaojIZKPb4pJstWZsUzICrMTJ6EWMow\/viewform?usp=header\" target=\"_blank\" rel=\"noreferrer noopener\"><strong><em>RE\u0122ISTR\u0100CIJA\u00a0<\/em><\/strong><\/a><em>atv\u0113rta l\u012bdz 14.02.2025.<\/em><\/li>\n<\/ul>\n\n\n\n<p>Visa inform\u0101cija par&nbsp;<a href=\"https:\/\/centralbaltic.eu\/news\/get-ready-fifth-call-for-project-proposals-opens-in-2025\/\">projektu konkursiem<\/a>, tai skait\u0101,&nbsp;<a href=\"https:\/\/centralbaltic.eu\/for-applicants\/call-calendar\/\">projektu&nbsp;konkursu kalend\u0101rs<\/a>, atrodama Programmas m\u0101jas lap\u0101.<\/p>\n\n\n\n<p>Ar inform\u0101ciju par Programmu latvie\u0161u valod\u0101 varat iepaz\u012bties vietn\u0113\u00a0<a href=\"https:\/\/www.interreg.lv\/lv\/interreg-latvija\/2021-2027gada-periods\/centrala-baltijas-juras-regiona-programma\/\" target=\"_blank\" rel=\"noreferrer noopener\">interreg.lv<\/a>.<\/p>\n\n\n\n<p>Programmas komunik\u0101cijas kan\u0101li:<\/p>\n\n\n\n<p>&#8211; M\u0101jas lapa:\u00a0<a href=\"https:\/\/centralbaltic.eu\/\" target=\"_blank\" rel=\"noreferrer noopener\">centralbaltic.eu<\/a><br>&#8211; Facebook:\u00a0<a href=\"https:\/\/www.facebook.com\/centralbaltic\/\" target=\"_blank\" rel=\"noreferrer noopener\">#centralbaltic<\/a><br>&#8211; Instagram:\u00a0<a href=\"https:\/\/www.instagram.com\/centralbalticprogramme\/\" target=\"_blank\" rel=\"noreferrer noopener\">#centralbalticprogramme<\/a><\/p>\n","protected":false},"excerpt":{"rendered":"<p>Vied\u0101s administr\u0101cijas un re\u0123ion\u0101l\u0101s att\u012bst\u012bbas ministrija k\u0101 Nacion\u0101l\u0101 atbild\u012bg\u0101 iest\u0101de par Interreg programm\u0101m Latvij\u0101,\u00a0 aicina\u00a0piedal\u012bties Centr\u0101l\u0101 Baltijas j\u016bras re\u0123iona p\u0101rrobe\u017eu sadarb\u012bbas programmas 2021.-2027.gadam  projektu konkursos 2025.gad\u0101.<\/p>\n","protected":false},"author":1938,"featured_media":22767,"comment_status":"closed","ping_status":"closed","sticky":false,"template":"","format":"standard","meta":{"footnotes":""},"categories":[32,39,50],"tags":[],"_links":{"self":[{"href":"https:\/\/zurnalsiepirkumi.lv\/index.php?rest_route=\/wp\/v2\/posts\/24998"}],"collection":[{"href":"https:\/\/zurnalsiepirkumi.lv\/index.php?rest_route=\/wp\/v2\/posts"}],"about":[{"href":"https:\/\/zurnalsiepirkumi.lv\/index.php?rest_route=\/wp\/v2\/types\/post"}],"author":[{"embeddable":true,"href":"https:\/\/zurnalsiepirkumi.lv\/index.php?rest_route=\/wp\/v2\/users\/1938"}],"replies":[{"embeddable":true,"href":"https:\/\/zurnalsiepirkumi.lv\/index.php?rest_route=%2Fwp%2Fv2%2Fcomments&post=24998"}],"version-history":[{"count":2,"href":"https:\/\/zurnalsiepirkumi.lv\/index.php?rest_route=\/wp\/v2\/posts\/24998\/revisions"}],"predecessor-version":[{"id":25000,"href":"https:\/\/zurnalsiepirkumi.lv\/index.php?rest_route=\/wp\/v2\/posts\/24998\/revisions\/25000"}],"wp:featuredmedia":[{"embeddable":true,"href":"https:\/\/zurnalsiepirkumi.lv\/index.php?rest_route=\/wp\/v2\/media\/22767"}],"wp:attachment":[{"href":"https:\/\/zurnalsiepirkumi.lv\/index.php?rest_route=%2Fwp%2Fv2%2Fmedia&parent=24998"}],"wp:term":[{"taxonomy":"category","embeddable":true,"href":"https:\/\/zurnalsiepirkumi.lv\/index.php?rest_route=%2Fwp%2Fv2%2Fcategories&post=24998"},{"taxonomy":"post_tag","embeddable":true,"href":"https:\/\/zurnalsiepirkumi.lv\/index.php?rest_route=%2Fwp%2Fv2%2Ftags&post=24998"}],"curies":[{"name":"wp","href":"https:\/\/api.w.org\/{rel}","templated":true}]}}