{"id":24891,"date":"2025-01-09T10:51:12","date_gmt":"2025-01-09T08:51:12","guid":{"rendered":"https:\/\/zurnalsiepirkumi.lv\/?p=24891"},"modified":"2025-01-09T10:51:13","modified_gmt":"2025-01-09T08:51:13","slug":"siltumapgades-komersanti-vares-sanemt-altum-aizdevums-lai-paaugstinatu-savu-energoefektivitati","status":"publish","type":"post","link":"https:\/\/zurnalsiepirkumi.lv\/?p=24891","title":{"rendered":"Siltumapg\u0101des komersanti var\u0113s sa\u0146emt ALTUM aizdevums, lai paaugstin\u0101tu savu energoefektivit\u0101ti"},"content":{"rendered":"\n<p>Par pieteikumu pie\u0146em\u0161anas uzs\u0101k\u0161anu inform\u0113sim ALTUM m\u0101jas lap\u0101 un soci\u0101lo mediju kan\u0101los. Aicin\u0101m sekot jaunumiem!<\/p>\n\n\n\n<p>Klimata un ener\u0123\u0113tikas ministrijas sagatavot\u0101 inform\u0101cija:<\/p>\n\n\n\n<p><br>\u0160.g., 7. janv\u0101r\u012b, Ministru kabinets (MK) apstiprin\u0101ja Klimata un ener\u0123\u0113tikas ministrijas (KEM) izstr\u0101d\u0101to atbalsta programmu atjaun\u012bgo energoresursu (AER) izmanto\u0161anai un energoefektivit\u0101tes paaugstin\u0101\u0161anai centraliz\u0113taj\u0101 siltumapg\u0101d\u0113 un aukstumapg\u0101d\u0113<strong>.<\/strong><\/p>\n\n\n\n<p>Atbalstam var\u0113s pieteikties siltumapg\u0101des uz\u0146\u0113mumi \u2013 siltumener\u0123ijas ra\u017eot\u0101ji un siltumapg\u0101des\/aukstumapg\u0101des sist\u0113mas operatori. Kop\u0113jais programmas finans\u0113jums \u2013 55,8 milj. eiro. Atbalstam var\u0113s pieteikties provizoriski no \u0161.g. 2.ceturk\u0161\u0146a l\u012bdz 2029. gada 31. martam.<\/p>\n\n\n\n<p>\u201cProgramma veidota, lai ne tikai palielin\u0101tu AER izmanto\u0161anas \u012bpatsvaru centraliz\u0113taj\u0101 siltumapg\u0101d\u0113 un aukstumapg\u0101d\u0113, bet vienlaikus moderniz\u0113tu un att\u012bst\u012btu nepiecie\u0161amo infrastrukt\u016bru, m\u0113r\u0137tiec\u012bgi samazinot siltumu zudumus, kas veido da\u013cu no siltumapg\u0101des uz\u0146\u0113mumu izmaks\u0101m. Jo zem\u0101kas ir siltuma zudumu izmaksas, jo maz\u0101ku ietekmi tas atst\u0101j uz siltumapg\u0101des tarifu, ko maks\u0101 iedz\u012bvot\u0101ji. \u0160\u012b programma j\u016btamu atbalstu sniegs uz\u0146\u0113mumiem att\u0101l\u0101kos re\u0123ionos, kuru liel\u0101kais izaicin\u0101jums ir br\u012bvo l\u012bdzek\u013cu pieejam\u012bbu savas sist\u0113mas moderniz\u0101cijas darbu veik\u0161anai, k\u0101 ar\u012b tiem, kuru siltumapg\u0101des sist\u0113mas ir fiziski nokalpoju\u0161as. Uz\u0146\u0113m\u0113jiem b\u016bs iesp\u0113ja \u012bstenot kompleksus risin\u0101jumus \u2013 uzlabot sist\u0113mas energoefektivit\u0101ti un vienlaic\u012bgi nomainot fosil\u0101 kurin\u0101m\u0101 iek\u0101rtas uz AER tehnolo\u0123ij\u0101m, piem\u0113ram, siltums\u016bk\u0146i,\u201d\u00a0st\u0101sta klimata un ener\u0123\u0113tikas ministrs Kaspars Melnis.<\/p>\n\n\n\n<p>Programmas ietvaros var\u0113s pieteikties atbalstam centraliz\u0113t\u0101s siltumapg\u0101des vai aukstumapg\u0101des ra\u017eo\u0161anas avota b\u016bvniec\u012bbai, jaunu AER vai bezemisiju siltumener\u0123ijas un aukstumener\u0123ijas ra\u017eo\u0161anas un akumul\u0101cijas iek\u0101rtu ieg\u0101dei un uzst\u0101d\u012b\u0161anai, piem\u0113ram, siltums\u016bk\u0146i, k\u0101 ar\u012b elektroener\u0123ijas ra\u017eo\u0161anas un uzkr\u0101\u0161anas iek\u0101rtu ieg\u0101dei\/uzst\u0101d\u012b\u0161anai, piem\u0113ram, saules pane\u013ci, v\u0113ja \u0123eneratori.<\/p>\n\n\n\n<p>Vienlaikus atbalsta programmas ietvaros var\u0113s b\u016bv\u0113t un p\u0101rb\u016bv\u0113t centraliz\u0113t\u0101s siltumapg\u0101des vai aukstumapg\u0101des p\u0101rvades un sadales sist\u0113mas, tai skait\u0101 veikt jaunu piesl\u0113gumu b\u016bvniec\u012bbu un siltummezglu izb\u016bvi. Programma atbalst\u012bs ar\u012b gaisu pies\u0101r\u0146ojo\u0161o vielu emisiju att\u012br\u012b\u0161anas iek\u0101rtu ieg\u0101di un uzst\u0101d\u012b\u0161anu, k\u0101 ar\u012b iesp\u0113ju ieg\u0101d\u0101ties un uzst\u0101d\u012bt iek\u0101rtas, kuras \u013cauj ra\u017eo\u0161anas proces\u0101 atg\u016bt otrreiz\u0113jos ener\u0123ijas resursus, piem\u0113ram, atlikumsiltumu.<\/p>\n\n\n\n<p>Atbalsta programmas finans\u0113juma kop\u0113jais apjoms ir 55,8 milj. eiro, no tiem 85% veido ES finans\u0113jums \u2013 Eiropas Re\u0123ion\u0101l\u0101 att\u012bst\u012bbas fonds.<\/p>\n\n\n\n<p>Aizdevumu var izsniegt gan ALTUM, gan cits finans\u0113t\u0101js. Pirmaj\u0101 gad\u012bjum\u0101 \u2013 t\u0101 b\u016bs\u00a0kapit\u0101la atlaide no \u201cAltum\u201d aizdevuma pamatsummas, bet otr\u0101 gad\u012bjum\u0101 \u2013 \u201cAltum\u201d garantija l\u012bdz 80% no cita finans\u0113t\u0101ja aizdevuma un kapit\u0101la atlaide pamatsummas da\u013c\u0113jam samazin\u0101jumam.<\/p>\n\n\n\n<p>Maksim\u0101l\u0101 \u201cAltum\u201d aizdevuma summa ir l\u012bdz 10 milj. eiro, bet maksim\u0101l\u0101 kapit\u0101la atlaide vienam atbalsta sa\u0146\u0113m\u0113jam \u2013 l\u012bdz 9 milj. eiro. Vienam atbalsta sa\u0146\u0113m\u0113jam ir iesp\u0113ja iesniegt vair\u0101kus projektus.<\/p>\n\n\n\n<p>Pla\u0161\u0101ku inform\u0101ciju par atbalsta programmas nosac\u012bjumiem, tostarp par pieteikumu iesnieg\u0161anas s\u0101kuma datumu, var\u0113s uzzin\u0101t \u201dAltum\u201d t\u012bmek\u013ca vietn\u0113. \u201cAltum\u201d public\u0113s priek\u0161nosac\u012bjumus projektu pieteikumu atlasei, vienlaikus organiz\u0113jot informat\u012bvu semin\u0101ru par atbalsta programmas pieteik\u0161an\u0101s k\u0101rt\u012bbu.<\/p>\n","protected":false},"excerpt":{"rendered":"<p>\u0160.g., 7. janv\u0101r\u012b, Ministru kabinets (MK) apstiprin\u0101ja Klimata un ener\u0123\u0113tikas ministrijas (KEM) izstr\u0101d\u0101to atbalsta programmu atjaun\u012bgo energoresursu (AER) izmanto\u0161anai un energoefektivit\u0101tes paaugstin\u0101\u0161anai centraliz\u0113taj\u0101 siltumapg\u0101d\u0113 un aukstumapg\u0101d\u0113.<\/p>\n","protected":false},"author":1938,"featured_media":24890,"comment_status":"closed","ping_status":"closed","sticky":false,"template":"","format":"standard","meta":{"footnotes":""},"categories":[418,23,47],"tags":[],"_links":{"self":[{"href":"https:\/\/zurnalsiepirkumi.lv\/index.php?rest_route=\/wp\/v2\/posts\/24891"}],"collection":[{"href":"https:\/\/zurnalsiepirkumi.lv\/index.php?rest_route=\/wp\/v2\/posts"}],"about":[{"href":"https:\/\/zurnalsiepirkumi.lv\/index.php?rest_route=\/wp\/v2\/types\/post"}],"author":[{"embeddable":true,"href":"https:\/\/zurnalsiepirkumi.lv\/index.php?rest_route=\/wp\/v2\/users\/1938"}],"replies":[{"embeddable":true,"href":"https:\/\/zurnalsiepirkumi.lv\/index.php?rest_route=%2Fwp%2Fv2%2Fcomments&post=24891"}],"version-history":[{"count":2,"href":"https:\/\/zurnalsiepirkumi.lv\/index.php?rest_route=\/wp\/v2\/posts\/24891\/revisions"}],"predecessor-version":[{"id":24893,"href":"https:\/\/zurnalsiepirkumi.lv\/index.php?rest_route=\/wp\/v2\/posts\/24891\/revisions\/24893"}],"wp:featuredmedia":[{"embeddable":true,"href":"https:\/\/zurnalsiepirkumi.lv\/index.php?rest_route=\/wp\/v2\/media\/24890"}],"wp:attachment":[{"href":"https:\/\/zurnalsiepirkumi.lv\/index.php?rest_route=%2Fwp%2Fv2%2Fmedia&parent=24891"}],"wp:term":[{"taxonomy":"category","embeddable":true,"href":"https:\/\/zurnalsiepirkumi.lv\/index.php?rest_route=%2Fwp%2Fv2%2Fcategories&post=24891"},{"taxonomy":"post_tag","embeddable":true,"href":"https:\/\/zurnalsiepirkumi.lv\/index.php?rest_route=%2Fwp%2Fv2%2Ftags&post=24891"}],"curies":[{"name":"wp","href":"https:\/\/api.w.org\/{rel}","templated":true}]}}