{"id":24669,"date":"2024-11-29T12:20:59","date_gmt":"2024-11-29T10:20:59","guid":{"rendered":"https:\/\/zurnalsiepirkumi.lv\/?p=24669"},"modified":"2024-11-29T12:20:59","modified_gmt":"2024-11-29T10:20:59","slug":"es-konkuretspejas-varda-ir-japieversas-vairak-drosibai-inovaciju-kapinasanai-ka-ari-administrativa-sloga-mazinasanai","status":"publish","type":"post","link":"https:\/\/zurnalsiepirkumi.lv\/?p=24669","title":{"rendered":"ES konkur\u0113tsp\u0113jas v\u0101rd\u0101 ir j\u0101piev\u0113r\u0161as vair\u0101k dro\u0161\u012bbai, inov\u0101ciju k\u0101pin\u0101\u0161anai, k\u0101 ar\u012b administrat\u012bv\u0101 sloga mazin\u0101\u0161anai"},"content":{"rendered":"\n<p>\u0160.g. 28.novembr\u012b Brisel\u0113, Be\u013c\u0123ij\u0101 norisin\u0101j\u0101s Eiropas Savien\u012bbas Konkur\u0113tsp\u0113jas ministru padomes san\u0101ksme, kur\u0101 ES\u00a0dal\u012bbvalstu p\u0101rst\u0101vji diskut\u0113ja par Eiropas konkur\u0113tsp\u0113jas n\u0101kotni un lab\u0101ka regul\u0113juma iesp\u0113j\u0101m Eirop\u0101.\u00a0Latvijas viedokli san\u0101ksm\u0113 pauda Ekonomikas ministrijas parlament\u0101rais sekret\u0101rs Jur\u0123is Miezainis.<\/p>\n\n\n\n<p><strong>S\u0113des laik\u0101 tika apstiprin\u0101ti Prezident\u016bras secin\u0101jumi\u00a0<\/strong><strong>par Eiropas konkur\u0113tsp\u0113jas n\u0101kotni.\u00a0<\/strong>Latvija augstu v\u0113rt\u0113 Padomes secin\u0101jumos izkl\u0101st\u012btos ieteikumus un priek\u0161likumus ES konkur\u0113tsp\u0113jas stiprin\u0101\u0161anai, jo \u0161is m\u0113r\u0137is atbilst visu dal\u012bbvalstu kop\u012bgaj\u0101m interes\u0113m. Atzin\u012bgi v\u0113rt\u0113jams, ka jaun\u0101 Eiropas Komisija konkur\u0113tsp\u0113jas veicin\u0101\u0161anu ir izvirz\u012bjusi par galveno horizont\u0101lo priorit\u0101ti.<\/p>\n\n\n\n<p>\u201cLatvijas ieskat\u0101, nepiecie\u0161ams vair\u0101k izcelt milit\u0101ro un aizsardz\u012bbas nozari, jo pa\u0161reiz\u0113jo \u0123eopolitisko izaicin\u0101jumu apst\u0101k\u013cos \u0161\u012b sektora stiprin\u0101\u0161ana ar m\u0113r\u0137tiec\u012bgu atbalstu p\u0113tniec\u012bbai, inov\u0101cij\u0101m un ra\u017eo\u0161anai ir b\u016btiska ES dro\u0161\u012bbai un strat\u0113\u0123iskajai autonomijai,\u201d uzrun\u0101jot s\u0113des dal\u012bbniekus pauda\u00a0<strong>EM parlament\u0101rais sekret\u0101rs Jur\u0123is Miezainis<\/strong>.<\/p>\n\n\n\n<p>Latvijai b\u016btiska ir ar\u012b bioekonomika un biotehnolo\u0123ijas, lai samazin\u0101tu atkar\u012bbu no \u0101r\u0113jiem resursiem, veicin\u0101tu inov\u0101cijas ilgtsp\u0113j\u012bg\u0101 ener\u0123\u0113tikas p\u0101rej\u0101 un stiprin\u0101tu ES konkur\u0113tsp\u0113ju, izmantojot m\u0113r\u0137tiec\u012bgu finans\u0113jumu un sadarb\u012bbas p\u0113tniec\u012bbu. T\u0101pat mums svar\u012bgs skaidrs un vienk\u0101r\u0161s normat\u012bvais regul\u0113jums, zemas ener\u0123ijas izmaksas un lab\u0101ka piek\u013cuve finans\u0113jumam, \u012bpa\u0161i koncentr\u0113joties uz mazajiem un vid\u0113jiem uz\u0146\u0113mumiem k\u0101 ES r\u016bpniec\u012bbas pamatu, kas \u013caus stiprin\u0101t ar\u012b ES kop\u0113jo ekonomisko notur\u012bbu.<\/p>\n\n\n\n<p>Savuk\u0101rt<strong>\u00a0dal\u012bbvalstu diskusij\u0101 par Lab\u0101ku regul\u0113jumu\u00a0<\/strong>Jur\u0123is Miezainis uzsv\u0113ra: &#8220;M\u0113s \u012bpa\u0161i uzsveram nepiecie\u0161am\u012bbu stiprin\u0101t ES vienoto tirgu, nov\u0113r\u0161ot \u0161\u0137\u0113r\u0161\u013cus, jo \u012bpa\u0161i pakalpojumu jom\u0101, un harmoniz\u0113jot nacion\u0101l\u0101s pras\u012bbas, lai k\u0101pin\u0101tu konkur\u0113tsp\u0113ju. Mazo un vid\u0113jo uz\u0146\u0113mumu atbalsts ilgtsp\u0113jas pras\u012bbu izpild\u0113 un \u201cviens iek\u0161\u0101, viens \u0101r\u0101\u201d likumdo\u0161anas principa ievie\u0161ana, ko papildina m\u0101ksl\u012bg\u0101 intelekta vad\u012bti ietekmes nov\u0113rt\u0113jumi, b\u016bs galvenie r\u012bki gudr\u0101kam un ilgtsp\u0113j\u012bg\u0101kam ES regul\u0113jumam&#8221;.<\/p>\n\n\n\n<p>No r\u016bpniecisk\u0101s perspekt\u012bvas raugoties, Latvijai noz\u012bm\u012bgi, ka ES ties\u012bbu akti ir piel\u0101gojami inov\u0101cij\u0101m un glob\u0101laj\u0101m p\u0101rmai\u0146\u0101m, t\u0101d\u0113\u013c tehnolo\u0123isk\u0101 neitralit\u0101te ES ties\u012bbu aktos ir oblig\u0101ta, vienlaikus saglab\u0101jot l\u012bdzsvaru starp vides, pat\u0113r\u0113t\u0101ju, darba \u0146\u0113m\u0113ju, sabiedr\u012bbas vesel\u012bbas, dro\u0161\u012bbas un aizsardz\u012bbas m\u0113r\u0137iem. Turkl\u0101t ES ties\u012bbu aktiem j\u0101b\u016bt balst\u012btiem uz pier\u0101d\u012bjumiem, p\u0101rredzamiem, iek\u013caujo\u0161iem un racion\u0101liem, lai samazin\u0101tu nevajadz\u012bgu slogu.&nbsp;<strong>Latvija \u012bpa\u0161i atbalsta administrat\u012bv\u0101 sloga mazin\u0101\u0161anas iniciat\u012bvu.&nbsp;<\/strong>Birokr\u0101tijas samazin\u0101\u0161anai j\u0101notiek ne tikai uz pap\u012bra, bet ar\u012b praks\u0113, t\u0101p\u0113c izteikti gaid\u012bta ir Komisijas priek\u0161likuma samazin\u0101t zi\u0146o\u0161anas pras\u012bbas par 25%,&nbsp;jo \u012bpa\u0161i attiec\u012bb\u0101 uz MVU, \u012bsteno\u0161an\u0101s dz\u012bv\u0113. T\u0101pat Eiropai un Latvijai noz\u012bm\u012bga ir automobi\u013cu r\u016bpniec\u012bbas t\u0101l\u0101k\u0101 att\u012bst\u012bba, kas \u0161obr\u012bd ir nepiecie\u0161ama ar\u012b m\u016bsu dro\u0161\u012bbas un aizsardz\u012bbas stiprin\u0101\u0161anai.<\/p>\n","protected":false},"excerpt":{"rendered":"<p>\u0160.g. 28.novembr\u012b Brisel\u0113, Be\u013c\u0123ij\u0101 norisin\u0101j\u0101s Eiropas Savien\u012bbas Konkur\u0113tsp\u0113jas ministru padomes san\u0101ksme, kur\u0101 ES\u00a0dal\u012bbvalstu p\u0101rst\u0101vji diskut\u0113ja par Eiropas konkur\u0113tsp\u0113jas n\u0101kotni un lab\u0101ka regul\u0113juma iesp\u0113j\u0101m Eirop\u0101.\u00a0<\/p>\n","protected":false},"author":1938,"featured_media":19012,"comment_status":"closed","ping_status":"closed","sticky":false,"template":"","format":"standard","meta":{"footnotes":""},"categories":[120,47],"tags":[],"_links":{"self":[{"href":"https:\/\/zurnalsiepirkumi.lv\/index.php?rest_route=\/wp\/v2\/posts\/24669"}],"collection":[{"href":"https:\/\/zurnalsiepirkumi.lv\/index.php?rest_route=\/wp\/v2\/posts"}],"about":[{"href":"https:\/\/zurnalsiepirkumi.lv\/index.php?rest_route=\/wp\/v2\/types\/post"}],"author":[{"embeddable":true,"href":"https:\/\/zurnalsiepirkumi.lv\/index.php?rest_route=\/wp\/v2\/users\/1938"}],"replies":[{"embeddable":true,"href":"https:\/\/zurnalsiepirkumi.lv\/index.php?rest_route=%2Fwp%2Fv2%2Fcomments&post=24669"}],"version-history":[{"count":2,"href":"https:\/\/zurnalsiepirkumi.lv\/index.php?rest_route=\/wp\/v2\/posts\/24669\/revisions"}],"predecessor-version":[{"id":24671,"href":"https:\/\/zurnalsiepirkumi.lv\/index.php?rest_route=\/wp\/v2\/posts\/24669\/revisions\/24671"}],"wp:featuredmedia":[{"embeddable":true,"href":"https:\/\/zurnalsiepirkumi.lv\/index.php?rest_route=\/wp\/v2\/media\/19012"}],"wp:attachment":[{"href":"https:\/\/zurnalsiepirkumi.lv\/index.php?rest_route=%2Fwp%2Fv2%2Fmedia&parent=24669"}],"wp:term":[{"taxonomy":"category","embeddable":true,"href":"https:\/\/zurnalsiepirkumi.lv\/index.php?rest_route=%2Fwp%2Fv2%2Fcategories&post=24669"},{"taxonomy":"post_tag","embeddable":true,"href":"https:\/\/zurnalsiepirkumi.lv\/index.php?rest_route=%2Fwp%2Fv2%2Ftags&post=24669"}],"curies":[{"name":"wp","href":"https:\/\/api.w.org\/{rel}","templated":true}]}}