{"id":24503,"date":"2024-10-29T09:52:41","date_gmt":"2024-10-29T07:52:41","guid":{"rendered":"https:\/\/zurnalsiepirkumi.lv\/?p=24503"},"modified":"2024-10-29T09:53:03","modified_gmt":"2024-10-29T07:53:03","slug":"mediju-modernizacijai-un-digitalizacijai-piesaistits-papildu-finansejums-74-miljoni-eiro","status":"publish","type":"post","link":"https:\/\/zurnalsiepirkumi.lv\/?p=24503","title":{"rendered":"Mediju moderniz\u0101cijai un digitaliz\u0101cijai piesaist\u012bts papildu finans\u0113jums 7,4 miljoni eiro"},"content":{"rendered":"\n<p>\u0145emot v\u0113r\u0101 komercmediju augsto interesi par Atvese\u013co\u0161anas fonda (AF) atbalsta programmu mediju moderniz\u0101cijai un digitaliz\u0101cijai,<sup><a href=\"#fn1\" id=\"ref1\">*<\/a><\/sup> Kult\u016bras ministrija (KM) sadarb\u012bb\u0101 ar Finan\u0161u, Izgl\u012bt\u012bbas un zin\u0101tnes (IZM), un Ekonomikas ministrij\u0101m (EM) radusi iesp\u0113ju piesaist\u012bt papildu 7,4 miljonus eiro pla\u0161\u0101ka atbalsta nodro\u0161in\u0101\u0161anai.<\/p>\n\n\n\n<p>\u201cEsmu pateic\u012bga koal\u012bcijas partneriem par sadarb\u012bbu, risinot jaut\u0101jumu par atbalstu medijiem. Sp\u0113c\u012bg\u0101 interese un augstais piepras\u012bjums \u0161aj\u0101 jom\u0101 skaidri apliecina, ka mediju sektors ir gatavs uzs\u0101kt noz\u012bm\u012bgu transform\u0101ciju, kas nepiecie\u0161ama, lai sasniegtu m\u016bsu kop\u012bgos m\u0113r\u0137us re\u0123ion\u0101l\u0101, nacion\u0101l\u0101 un Eiropas l\u012bmen\u012b. Tas ir strat\u0113\u0123isks solis, kas nostiprina m\u016bsu ap\u0146em\u0161anos veidot modernu, daudzpus\u012bgu un digit\u0101li sp\u0113c\u012bgu mediju vidi, kura var\u0113s pilnv\u0113rt\u012bgi kalpot sabiedr\u012bbas interes\u0113m un demokr\u0101tiskaj\u0101m v\u0113rt\u012bb\u0101m,\u201d nor\u0101da kult\u016bras ministre Agnese L\u0101ce.<\/p>\n\n\n\n<p>Mediju moderniz\u0101cijai un digitaliz\u0101cijai papildu 4 miljoni eiro tiks novirz\u012bti no EM p\u0101rzi\u0146\u0101 eso\u0161\u0101s AF programmas \u201cAtbalsts procesu digitaliz\u0101cijai komercdarb\u012bb\u0101,\u201d un v\u0113l 3,4 miljoni eiro no IZM AF programmas \u201cPa\u0161vad\u012bbas IKT speci\u0101listu m\u0101c\u012bbu pieejas att\u012bst\u012bba.\u201d<\/p>\n\n\n\n<p>Palielinot programmas finans\u0113jumu, vienlaikus tiek palielin\u0101ts ar\u012b sasniedzamais m\u0113r\u0137r\u0101d\u012bt\u0101js &#8211; l\u012bdz\u0161in\u0113jo 3 izveidoto mediju nozares digit\u0101lo platformu vai digit\u0101lo risin\u0101jumu viet\u0101 attiec\u012bgi pl\u0101nots izveidot 9 mediju nozares digit\u0101l\u0101s platformas vai digit\u0101los risin\u0101jumus.<\/p>\n\n\n\n<p>Jau zi\u0146ots, ka&nbsp;Centr\u0101l\u0101s finan\u0161u un l\u012bgumu a\u0123ent\u016bras (CFLA) izsludin\u0101taj\u0101 konkurs\u0101 mediju moderniz\u0101cijai un digitaliz\u0101cijai tika&nbsp;sa\u0146emti 30 projektu iesniegumi, kuros pieteiktie Atvese\u013co\u0161anas fonda ieguld\u012bjumi &#8211; 12&nbsp;219&nbsp;810 eiro &#8211; vair\u0101k nek\u0101 tr\u012bsk\u0101rt p\u0101rsniedz programm\u0101 pieejamo atbalstu 3 700&nbsp;000 eiro apm\u0113r\u0101. CFLA&nbsp;ir&nbsp;pabeigusi projektu pirmreiz\u0113jo v\u0113rt\u0113\u0161anu konkursa k\u0101rt\u012bb\u0101, pieejam\u0101 finans\u0113juma ietvaros apstiprin\u0101\u0161anai virzot septi\u0146us projektus ar nosac\u012bjumiem, kas projektu pieteic\u0113jiem v\u0113l j\u0101izpilda. Pas\u0101kuma \u012bsteno\u0161anas nosac\u012bjumiem atbilst 27 projektu iesniegumi no kopum\u0101 30 pieteiktajiem projektiem.<\/p>\n\n\n\n<p>Programmas \u201cMediju nozares uz\u0146\u0113mumu procesu moderniz\u0113\u0161ana\u201d kop\u0113jais finans\u0113jums l\u012bdz ar papildu finans\u0113juma ra\u0161anu sast\u0101d\u012bs 11,1 miljonu eiro; atbalsta pas\u0101kumus pl\u0101nots \u012bstenot l\u012bdz 2026. gada 30. j\u016bnijam.<\/p>\n\n\n\n<p>Mediju nozares uz\u0146\u0113mumu procesu moderniz\u0113\u0161anas un digitaliz\u0113\u0161anas programmas ietvaros paredz\u0113ts atbalsts uz\u0146\u0113mumu tehnolo\u0123isko risin\u0101jumu att\u012bst\u012bbai mediju moderniz\u0101cijai un digitaliz\u0101cijai, uz\u0146\u0113mumu ra\u017eo\u0161anas procesu pa\u0101trin\u0101\u0161anai, k\u0101 ar\u012b t\u0101du IT r\u012bku izveidei, kas uzlabo mediju satura pieejam\u012bbu un datu anal\u012bzi par to auditorijas paradumiem.<\/p>\n\n\n\n<p>Uz programm\u0101 pieejamo finans\u0113jumu var\u0113ja pretend\u0113t komerci\u0101lo masu inform\u0101cijas l\u012bdzek\u013cu \u012bpa\u0161nieki vai biedri, juridiskas personas vai person\u0101lsabiedr\u012bbas, kas veic sabiedrisk\u0101s domas izp\u0113ti un sniedz pakalpojumus medijiem, t.sk. Latvijas tirg\u016b veic mediju auditorijas p\u0113t\u012bjumus, vai fiziska persona, kas ir re\u0123istr\u0113ta NEPLP k\u0101 elektroniskais pla\u0161sazi\u0146as l\u012bdzeklis vai Uz\u0146\u0113mumu re\u0123istra masu inform\u0101cijas l\u012bdzek\u013cu re\u0123istr\u0101 \u2013 var pieteikties CFLA jau izsludin\u0101taj\u0101 atkl\u0101t\u0101 projektu konkurs\u0101.<\/p>\n\n\n\n<p>Programmu Ministru kabineta noteikumi atbalst\u012bti vald\u012bbas \u0161.g. 20. febru\u0101ra s\u0113d\u0113; atbalsta nosac\u012bjumi izskat\u012bti Mediju politikas konsultat\u012bv\u0101s padomes 2023. gada 15.septembra, 18. oktobra un 15. decembra s\u0113d\u0113s.<\/p>\n\n\n\n<p><sup id=\"fn1\">*- \u201cEiropas Savien\u012bbas Atvese\u013co\u0161anas un notur\u012bbas meh\u0101nisma pl\u0101na 2.2. reformu un invest\u012bciju virziena \u201cUz\u0146\u0113mumu digit\u0101l\u0101 transform\u0101cija un inov\u0101cijas\u201d 2.2.1.5.i. invest\u012bcijas \u201cMediju nozares uz\u0146\u0113mumu digit\u0101l\u0101s transform\u0101cijas veicin\u0101\u0161ana\u201d programmas \u201cMediju nozares uz\u0146\u0113mumu procesu moderniz\u0113\u0161ana\u201d<a href=\"#ref1\" title=\"Jump back to footnote 1 in the text.\">\u21a9<\/a><\/sup><\/p>\n\n\n\n<h4 class=\"wp-block-heading\"><strong><em>Par Atvese\u013co\u0161anas fondu<\/em><\/strong><\/h4>\n\n\n\n<p><em>ES Atvese\u013co\u0161anas fonds (Recovery and Resilience Facility) ir Eiropas Komisijas centraliz\u0113ti p\u0101rvald\u012bta bud\u017eeta programma, kas izveidota papildus 2021. \u2013 2027. gada pl\u0101no\u0161anas perioda ES daudzgadu bud\u017eetam. Programmas m\u0113r\u0137is ir atbalst\u012bt reformas un invest\u012bcijas, kas saist\u012btas ar p\u0101reju uz za\u013co un digit\u0101lo ekonomiku, k\u0101 ar\u012b mazin\u0101t kr\u012bzes rad\u012bto soci\u0101lo un ekonomisko ietekmi. No Atvese\u013co\u0161anas fonda Latvijas tautsaimniec\u012bb\u0101 l\u012bdz 2026.gada beig\u0101m paredz\u0113ts invest\u0113t 1,97 miljardus eiro, \u012bstenojot reformas un veicot invest\u012bcijas visos se\u0161os Atvese\u013co\u0161anas fonda darb\u012bbas virzienos: Klimats un ener\u0123\u0113tika (tai skait\u0101 REPowerEU), Digit\u0101l\u0101 transform\u0101cija, Nevienl\u012bdz\u012bbas mazin\u0101\u0161ana, Ekonomikas transform\u0101cija, Vesel\u012bba un Likuma vara.<\/em><\/p>\n\n\n\n<p><em>Atvese\u013co\u0161anas fonda reformas un invest\u012bcijas Latvij\u0101 tiek finans\u0113tas no Eiropas Savien\u012bbas Atvese\u013co\u0161anas un notur\u012bbas meh\u0101nisma (European Commission Recovery and Resiliance Facility) bud\u017eeta l\u012bdzek\u013ciem, ar valsts bud\u017eeta l\u012bdzfinans\u0113jumu.<\/em><\/p>\n","protected":false},"excerpt":{"rendered":"<p>\u0145emot v\u0113r\u0101 komercmediju augsto interesi par Atvese\u013co\u0161anas fonda (AF) atbalsta programmu mediju moderniz\u0101cijai un digitaliz\u0101cijai, Kult\u016bras ministrija (KM) sadarb\u012bb\u0101 ar Finan\u0161u, Izgl\u012bt\u012bbas un zin\u0101tnes (IZM), un Ekonomikas ministrij\u0101m (EM) radusi iesp\u0113ju piesaist\u012bt papildu 7,4 miljonus eiro pla\u0161\u0101ka atbalsta nodro\u0161in\u0101\u0161anai.<\/p>\n","protected":false},"author":1938,"featured_media":24502,"comment_status":"closed","ping_status":"open","sticky":false,"template":"","format":"standard","meta":{"footnotes":""},"categories":[120,34,44,47],"tags":[],"_links":{"self":[{"href":"https:\/\/zurnalsiepirkumi.lv\/index.php?rest_route=\/wp\/v2\/posts\/24503"}],"collection":[{"href":"https:\/\/zurnalsiepirkumi.lv\/index.php?rest_route=\/wp\/v2\/posts"}],"about":[{"href":"https:\/\/zurnalsiepirkumi.lv\/index.php?rest_route=\/wp\/v2\/types\/post"}],"author":[{"embeddable":true,"href":"https:\/\/zurnalsiepirkumi.lv\/index.php?rest_route=\/wp\/v2\/users\/1938"}],"replies":[{"embeddable":true,"href":"https:\/\/zurnalsiepirkumi.lv\/index.php?rest_route=%2Fwp%2Fv2%2Fcomments&post=24503"}],"version-history":[{"count":1,"href":"https:\/\/zurnalsiepirkumi.lv\/index.php?rest_route=\/wp\/v2\/posts\/24503\/revisions"}],"predecessor-version":[{"id":24504,"href":"https:\/\/zurnalsiepirkumi.lv\/index.php?rest_route=\/wp\/v2\/posts\/24503\/revisions\/24504"}],"wp:featuredmedia":[{"embeddable":true,"href":"https:\/\/zurnalsiepirkumi.lv\/index.php?rest_route=\/wp\/v2\/media\/24502"}],"wp:attachment":[{"href":"https:\/\/zurnalsiepirkumi.lv\/index.php?rest_route=%2Fwp%2Fv2%2Fmedia&parent=24503"}],"wp:term":[{"taxonomy":"category","embeddable":true,"href":"https:\/\/zurnalsiepirkumi.lv\/index.php?rest_route=%2Fwp%2Fv2%2Fcategories&post=24503"},{"taxonomy":"post_tag","embeddable":true,"href":"https:\/\/zurnalsiepirkumi.lv\/index.php?rest_route=%2Fwp%2Fv2%2Ftags&post=24503"}],"curies":[{"name":"wp","href":"https:\/\/api.w.org\/{rel}","templated":true}]}}