{"id":24350,"date":"2024-10-09T13:21:06","date_gmt":"2024-10-09T11:21:06","guid":{"rendered":"https:\/\/zurnalsiepirkumi.lv\/?p=24350"},"modified":"2024-10-09T13:26:43","modified_gmt":"2024-10-09T11:26:43","slug":"rigas-pasvaldibas-skolas-sogad-isteno-vairak-neka-60-eiropas-savienibas-projektu","status":"publish","type":"post","link":"https:\/\/zurnalsiepirkumi.lv\/?p=24350","title":{"rendered":"R\u012bgas pa\u0161vald\u012bbas skol\u0101s \u0161ogad \u012bsteno vair\u0101k nek\u0101 60 Eiropas Savien\u012bbas projektu"},"content":{"rendered":"\n<p>Ik gadu vair\u0101kas R\u012bgas pa\u0161vald\u012bbas skolas \u012bsteno Eiropas Savien\u012bbas (ES) projektus. 2024. gad\u0101 32 R\u012bgas pa\u0161vald\u012bbas skolas piedal\u0101s 61 Eiropas Savien\u012bbas projekt\u0101, tai skait\u0101 ir s\u0101kti 14&nbsp;jauni projekti, kuru laik\u0101 pedagogi uzlabo profesion\u0101lo kompetenci, lai \u012bstenotu kvalitat\u012bvu m\u0101c\u012bbu procesu, t\u0101pat projekti saist\u012bti ar digit\u0101lo prasmju pilnveido\u0161anu, sve\u0161valodas prasmju uzlabo\u0161anu, m\u0101c\u012bbu vides uzlabo\u0161anu, STEM priek\u0161metu prasmju uzlabo\u0161anu u.c.<\/p>\n\n\n\n<p>\u201cV\u0113los izteikt sirsn\u012bgu pateic\u012bbu vis\u0101m R\u012bgas skol\u0101m, kas ik gadu velta papildu ener\u0123iju un laiku, lai \u012bstenotu da\u017e\u0101dus Eiropas Savien\u012bbas programmu projektus, veicinot izgl\u012bt\u012bbas kvalit\u0101ti un ilgtsp\u0113j\u012bgu att\u012bst\u012bbu. Skolu iesaiste \u0161ajos projektos ir b\u016btiska ne tikai izgl\u012bt\u012bbas procesa uzlabo\u0161anai, bet ar\u012b skol\u0113nu soci\u0101lo un digit\u0101lo prasmju att\u012bst\u012b\u0161anai, k\u0101 ar\u012b pedagogu profesion\u0101lajai izaugsmei. Pati, piedaloties sav\u0101 pirmaj\u0101&nbsp;<em>Erasmus<\/em>&nbsp;projekt\u0101, ieguvu ne tikai jaunas zin\u0101\u0161anas un prasmes, bet ar\u012b neaizmirstamus starptautiskus kontaktus un pieredzi, kas v\u0113l\u0101k pal\u012bdz\u0113ja veidot atv\u0113rt\u0101ku un iek\u013caujo\u0161\u0101ku m\u0101c\u012bbu vidi, un motiv\u0113ja turpin\u0101t darbu izgl\u012bt\u012bbas jom\u0101. \u0160\u0101da veida mobilit\u0101te un sadarb\u012bba ir neatsverama, lai veidotu R\u012bgu par pils\u0113tu ar augstas kvalit\u0101tes izgl\u012bt\u012bbu, kur katrs pedagogs un skol\u0113ns g\u016bst iesp\u0113ju augt un att\u012bst\u012bties,\u201d saka R\u012bgas domes Izgl\u012bt\u012bbas, kult\u016bras un sporta komitejas priek\u0161s\u0113d\u0113t\u0101ja Laima Geikina.<\/p>\n\n\n\n<p>Lai veicin\u0101tu personu un grupu m\u0101c\u012bbu mobilit\u0101ti, k\u0101 ar\u012b sadarb\u012bbu, kvalit\u0101ti, iek\u013cau\u0161anu, taisn\u012bgumu, izcil\u012bbu, rado\u0161umu un inov\u0101ciju izgl\u012bt\u012bbas jom\u0101, \u201cErasmus+\u201d programmas ietvaros ir iesp\u0113jams ieg\u016bt akredit\u0101ciju, ar kuras pal\u012bdz\u012bbu skolas var iesaist\u012bties p\u0101rrobe\u017eu apmai\u0146\u0101 un sadarb\u012bb\u0101. \u201cErasmus+\u201d akredit\u0101cijas pie\u0161\u0137ir\u0161ana apliecina, ka pieteikuma iesniedz\u0113js ir sagatavojis pl\u0101nu, k\u0101 \u012bstenot augstas kvalit\u0101tes mobilit\u0101tes darb\u012bbas k\u0101 da\u013cu no pla\u0161\u0101kas savas organiz\u0101cijas att\u012bst\u012bbas strat\u0113\u0123ijas. 11 R\u012bgas skolas ir sa\u0146\u0113mu\u0161as \u201cErasmus+\u201d akredit\u0101ciju. Akredit\u0113to projektu m\u0113r\u0137i ir m\u0101c\u012b\u0161anas un m\u0101c\u012b\u0161an\u0101s kvalit\u0101tes uzlabo\u0161ana, k\u0101 ar\u012b&nbsp; Eiropas izgl\u012bt\u012bbas telpas izveides veicin\u0101\u0161ana.&nbsp;M\u0101c\u012bbu mobilit\u0101te sniedz iesp\u0113jas g\u016bt m\u0101c\u012b\u0161an\u0101s un profesion\u0101lo pieredzi ES dal\u012bbvalst\u012bs.<\/p>\n\n\n\n<p><strong>Liel\u0101kie akredit\u0113tie mobilit\u0101tes projekti skol\u0113niem un skolu person\u0101lam \u0161ogad ir:<\/strong><\/p>\n\n\n\n<ul>\n<li>R\u012bgas Valsts v\u0101cu \u0123imn\u0101zijai ar m\u0113r\u0137i att\u012bst\u012bt skol\u0113nu soci\u0101l\u0101s un izzino\u0161\u0101s prasmes, uzlabot sve\u0161valodu un digit\u0101l\u0101s kompetences, k\u0101 ar\u012b pilnveidot pedagogu profesion\u0101lo kvalifik\u0101ciju, lai nodro\u0161in\u0101tu kvalitat\u012bvu m\u0101c\u012bbu procesu. Projekta bud\u017eets 65 185 eiro.<\/li>\n\n\n\n<li>R\u012bgas 22. vidusskolai ar m\u0113r\u0137i pilnveidot pedagogu profesion\u0101l\u0101s kompetences, skolas ilgtsp\u0113j\u012bgas att\u012bst\u012bbas veicin\u0101\u0161ana, sadarb\u012bbas iesp\u0113ju un pieredzes apmai\u0146as skol\u0113nu apm\u0101c\u012bb\u0101 papla\u0161in\u0101\u0161ana starptautisk\u0101 l\u012bmen\u012b. Projekta bud\u017eets 61 185 eiro.<\/li>\n\n\n\n<li>R\u012bgas 6. vidusskolai, lai m\u0113r\u0137tiec\u012bgi uzlabotu m\u0101c\u012bbu procesu skol\u0101, g\u016bstot pla\u0161\u0101ku pieredzi un uzlabojot skolas vidi, k\u0101 ar\u012b piesaist\u012btu starptautiskus vieslektorus izgl\u012bt\u012bbas procesa nodro\u0161in\u0101\u0161an\u0101 un motiv\u0113tu skol\u0113nus m\u0101c\u012bbu sasniegumu uzlabo\u0161anai. Projekta bud\u017eets ir 57 339 eiro.<\/li>\n<\/ul>\n\n\n\n<p>Visu skolu \u012bstenoto projektu m\u0113r\u0137is ir veicin\u0101t augst\u0101ku izgl\u012bt\u012bbas kvalit\u0101ti un ilgtsp\u0113j\u012bgu att\u012bst\u012bbu R\u012bgas skol\u0101s.<\/p>\n\n\n\n<p>T\u0101pat ar\u012b citas R\u012bgas pa\u0161vald\u012bbas skolas realiz\u0113 v\u0113rien\u012bgus projektus, kuru m\u0113r\u0137i ir da\u017e\u0101di: att\u012bst\u012bt Eiropas pilson\u012bbas apzi\u0146u skol\u0113nos, veidot iek\u013caujo\u0161u izgl\u012bt\u012bbas vidi skol\u0113niem ar speci\u0101l\u0101m vajadz\u012bb\u0101m, k\u0101 ar\u012b uzlabot digit\u0101l\u0101s prasmes un dro\u0161u digit\u0101lo politiku. Projektu laik\u0101 tiks izveidotas m\u0101c\u012bbu videi piem\u0113rotas \u0101rtelpas, urb\u0101nie d\u0101rzi, k\u0101 ar\u012b atbalst\u012bta skol\u0113nu l\u012bdzdal\u012bba l\u0113mumu pie\u0146em\u0161an\u0101.<\/p>\n\n\n\n<p>Kopum\u0101 desmit gadu laik\u0101 R\u012bgas pa\u0161vald\u012bb\u0101 310 ES projektus realiz\u0113ju\u0161as 66 galvaspils\u0113tas skolas. Visvair\u0101k projektus realiz\u0113jusi R\u012bgas Rai\u0146a vidusskola, R\u012bgas Valsts 3. \u0123imn\u0101zija un R\u012bgas Ang\u013cu \u0123imn\u0101zija. Da\u017eas no skol\u0101m gad\u0101 laik\u0101 realiz\u0113 ar\u012b vair\u0101kus projektus vienlaic\u012bgi. &nbsp;<\/p>\n\n\n\n<p>2023. gad\u0101 R\u012bgas Valsts 2. \u0123imn\u0101zijas projekts &#8220;Jaun\u0101s tendences ekonomik\u0101 un uz\u0146\u0113m\u0113jdarb\u012bb\u0101&#8221; sa\u0146\u0113ma&nbsp;<em>Nordplus<\/em>&nbsp;<em>Junior Aurora<\/em>&nbsp;gada balvu. Projekts tiek \u012bstenots no 2022. un ietver kla\u0161u apmai\u0146as braucienus par t\u0101d\u0101m t\u0113m\u0101m k\u0101 soci\u0101l\u0101 uz\u0146\u0113m\u0113jdarb\u012bba, aprites ekonomika un l\u012bdzdal\u012bbas ekonomika. \u0160\u012b balva izce\u013c veiksm\u012bg\u0101kos&nbsp;<em>Nordplus<\/em>&nbsp;Jaunie\u0161u apak\u0161programmas projektus, k\u0101 ar\u012b cildina studentu, skolot\u0101ju, skolu un citu organiz\u0101ciju sasniegumus. \u0160ogad balvai nomin\u0113ts R\u012bgas 5. pamatskolas \u2013 att\u012bst\u012bbas centra koordin\u0113tais projekts \u201cFizisko aktivit\u0101\u0161u meto\u017eu izstr\u0101de b\u0113rniem ar funkcion\u0101liem trauc\u0113jumiem\u201d. Projekt\u0101 izveidots digit\u0101lais metodiskais materi\u0101ls, ko sporta skolot\u0101ji var izmantot darb\u0101 ar skol\u0113niem ar funkcion\u0101liem trauc\u0113jumiem, iek\u013caujot metodes, lai motiv\u0113tu un iedvesmotu skol\u0113nus akt\u012bv\u0101k piedal\u012bties fizisk\u0101s audzin\u0101\u0161anas stund\u0101s. Kop\u0101 apkopotas 12 m\u0101c\u012bbu metodes, kas tulkotas latvie\u0161u, ang\u013cu, igau\u0146u un lietuvie\u0161u valod\u0101s.<\/p>\n\n\n\n<p>P\u0113d\u0113jos gados ir v\u0113rojams neliels kritums projektu skait\u0101 R\u012bgas pa\u0161vald\u012bbas skol\u0101s, kas skaidrojams ar Covid 19 ietekmi. Da\u013cai no projektiem, ko nevar\u0113ja \u012bstenot Covid 19 laik\u0101, ir &nbsp;pagarin\u0101ti termi\u0146i un tie tiek \u012bstenoti ilg\u0101k\u0101 laika period\u0101.<\/p>\n\n\n\n<figure class=\"wp-block-gallery has-nested-images columns-default is-cropped wp-block-gallery-1 is-layout-flex wp-block-gallery-is-layout-flex\">\n<figure class=\"wp-block-image size-full\"><img loading=\"lazy\" decoding=\"async\" width=\"1573\" height=\"1080\" data-id=\"24357\" src=\"https:\/\/zurnalsiepirkumi.lv\/wp-content\/uploads\/2024\/10\/1attels.jpg\" alt=\"\" class=\"wp-image-24357\" srcset=\"https:\/\/zurnalsiepirkumi.lv\/wp-content\/uploads\/2024\/10\/1attels.jpg 1573w, https:\/\/zurnalsiepirkumi.lv\/wp-content\/uploads\/2024\/10\/1attels-336x231.jpg 336w, https:\/\/zurnalsiepirkumi.lv\/wp-content\/uploads\/2024\/10\/1attels-768x527.jpg 768w, https:\/\/zurnalsiepirkumi.lv\/wp-content\/uploads\/2024\/10\/1attels-1536x1055.jpg 1536w\" sizes=\"(max-width: 1573px) 100vw, 1573px\" \/><\/figure>\n<\/figure>\n\n\n\n<figure class=\"wp-block-image size-full\"><img loading=\"lazy\" decoding=\"async\" width=\"1573\" height=\"1080\" src=\"https:\/\/zurnalsiepirkumi.lv\/wp-content\/uploads\/2024\/10\/2attels.jpg\" alt=\"\" class=\"wp-image-24358\" srcset=\"https:\/\/zurnalsiepirkumi.lv\/wp-content\/uploads\/2024\/10\/2attels.jpg 1573w, https:\/\/zurnalsiepirkumi.lv\/wp-content\/uploads\/2024\/10\/2attels-336x231.jpg 336w, https:\/\/zurnalsiepirkumi.lv\/wp-content\/uploads\/2024\/10\/2attels-768x527.jpg 768w, https:\/\/zurnalsiepirkumi.lv\/wp-content\/uploads\/2024\/10\/2attels-1536x1055.jpg 1536w\" sizes=\"(max-width: 1573px) 100vw, 1573px\" \/><\/figure>\n\n\n\n<figure class=\"wp-block-image size-full\"><img loading=\"lazy\" decoding=\"async\" width=\"800\" height=\"550\" src=\"https:\/\/zurnalsiepirkumi.lv\/wp-content\/uploads\/2024\/10\/rigas-pasvaldibas-skolas-sogad-realize-67-es-projektus.png\" alt=\"\" class=\"wp-image-24354\" srcset=\"https:\/\/zurnalsiepirkumi.lv\/wp-content\/uploads\/2024\/10\/rigas-pasvaldibas-skolas-sogad-realize-67-es-projektus.png 800w, https:\/\/zurnalsiepirkumi.lv\/wp-content\/uploads\/2024\/10\/rigas-pasvaldibas-skolas-sogad-realize-67-es-projektus-336x231.png 336w, https:\/\/zurnalsiepirkumi.lv\/wp-content\/uploads\/2024\/10\/rigas-pasvaldibas-skolas-sogad-realize-67-es-projektus-768x528.png 768w\" sizes=\"(max-width: 800px) 100vw, 800px\" \/><\/figure>\n","protected":false},"excerpt":{"rendered":"<p>Ik gadu vair\u0101kas R\u012bgas pa\u0161vald\u012bbas skolas \u012bsteno Eiropas Savien\u012bbas (ES) projektus. 2024. gad\u0101 32 R\u012bgas pa\u0161vald\u012bbas skolas piedal\u0101s 61 Eiropas Savien\u012bbas projekt\u0101, tai skait\u0101 ir s\u0101kti 14\u00a0jauni projekti<\/p>\n","protected":false},"author":1936,"featured_media":24355,"comment_status":"closed","ping_status":"closed","sticky":false,"template":"","format":"standard","meta":{"footnotes":""},"categories":[120,28],"tags":[],"_links":{"self":[{"href":"https:\/\/zurnalsiepirkumi.lv\/index.php?rest_route=\/wp\/v2\/posts\/24350"}],"collection":[{"href":"https:\/\/zurnalsiepirkumi.lv\/index.php?rest_route=\/wp\/v2\/posts"}],"about":[{"href":"https:\/\/zurnalsiepirkumi.lv\/index.php?rest_route=\/wp\/v2\/types\/post"}],"author":[{"embeddable":true,"href":"https:\/\/zurnalsiepirkumi.lv\/index.php?rest_route=\/wp\/v2\/users\/1936"}],"replies":[{"embeddable":true,"href":"https:\/\/zurnalsiepirkumi.lv\/index.php?rest_route=%2Fwp%2Fv2%2Fcomments&post=24350"}],"version-history":[{"count":3,"href":"https:\/\/zurnalsiepirkumi.lv\/index.php?rest_route=\/wp\/v2\/posts\/24350\/revisions"}],"predecessor-version":[{"id":24362,"href":"https:\/\/zurnalsiepirkumi.lv\/index.php?rest_route=\/wp\/v2\/posts\/24350\/revisions\/24362"}],"wp:featuredmedia":[{"embeddable":true,"href":"https:\/\/zurnalsiepirkumi.lv\/index.php?rest_route=\/wp\/v2\/media\/24355"}],"wp:attachment":[{"href":"https:\/\/zurnalsiepirkumi.lv\/index.php?rest_route=%2Fwp%2Fv2%2Fmedia&parent=24350"}],"wp:term":[{"taxonomy":"category","embeddable":true,"href":"https:\/\/zurnalsiepirkumi.lv\/index.php?rest_route=%2Fwp%2Fv2%2Fcategories&post=24350"},{"taxonomy":"post_tag","embeddable":true,"href":"https:\/\/zurnalsiepirkumi.lv\/index.php?rest_route=%2Fwp%2Fv2%2Ftags&post=24350"}],"curies":[{"name":"wp","href":"https:\/\/api.w.org\/{rel}","templated":true}]}}