{"id":23914,"date":"2024-07-17T08:01:30","date_gmt":"2024-07-17T06:01:30","guid":{"rendered":"https:\/\/zurnalsiepirkumi.lv\/?p=23914"},"modified":"2024-07-17T08:01:30","modified_gmt":"2024-07-17T06:01:30","slug":"digitalas-modernizacijas-komiteja-vienojas-par-147-milj-eiro-eraf-finansejuma-prioritatem-ikt-attistibas-pasakumiem","status":"publish","type":"post","link":"https:\/\/zurnalsiepirkumi.lv\/?p=23914","title":{"rendered":"Digit\u0101l\u0101s moderniz\u0101cijas komiteja vienojas par 147 milj. eiro ERAF finans\u0113juma priorit\u0101t\u0113m IKT att\u012bst\u012bbas pas\u0101kumiem"},"content":{"rendered":"\n<p>16.j\u016blij\u0101 Vied\u0101s administr\u0101cijas un re\u0123ion\u0101l\u0101s att\u012bst\u012bbas ministrija (VARAM) Digit\u0101l\u0101s moderniz\u0101cijas tematisk\u0101s komitejas s\u0113d\u0113 prezent\u0113ja un apsprieda neatliekami \u012bstenojamos priorit\u0101ros projektus un pas\u0101kumus, kuri var\u0113tu tikt atbalst\u012bti Eiropas Re\u0123ion\u0101l\u0101 att\u012bst\u012bbas fonda (ERAF) invest\u012bciju pas\u0101kum\u0101 IKT risin\u0101jumu un pakalpojumu att\u012bst\u012bbai un iesp\u0113ju rad\u012b\u0161anai priv\u0101tajam sektoram<sup><a href=\"#fn1\" id=\"ref1\">*<\/a><\/sup>.<\/p>\n\n\n\n<p>Invest\u012bciju ietvaros valsts atbalst\u012bs iniciat\u012bvas ar pozit\u012bvu ietekmi uz uz\u0146\u0113m\u0113jdarb\u012bbas vides digitaliz\u0101ciju &#8211; 50% no kop\u0113j\u0101 invest\u012bciju apjoma paredzot projektiem, kuru ietvaros pl\u0101nots izstr\u0101d\u0101t uz saimniecisk\u0101s darb\u012bbas veic\u0113jiem v\u0113rstus pakalpojumus, produktus vai procesus. T\u0101pat paredz\u0113ts atbalsts ES saist\u012bbu p\u0101r\u0146em\u0161anai un r\u012bc\u012bbpolitikas ievie\u0161anai, programm\u0101m, kas paaugstin\u0101s valsts IKT efektivit\u0101ti un ilgtsp\u0113ju.<\/p>\n\n\n\n<p><strong>VARAM ministre Inga B\u0113rzi\u0146a<\/strong>: \u201c\u0160\u012b invest\u012bciju programma \u013cauj mums atbalst\u012bt un \u012bstenot sist\u0113miskas nacion\u0101la un nozaru l\u012bme\u0146a reformas un nodro\u0161in\u0101t valsts IKT att\u012bst\u012bbu \u012bstenojot ekselences programmas pakalpojumu un jauno tehnolo\u0123iju pielietojumos valsts p\u0101rvald\u0113. VARAM priek\u0161likums ir virz\u012bt t\u0101das invest\u012bcijas, kas sniedz pla\u0161u ietekmi un konkr\u0113tus ieguvumus sabiedr\u012bbai, vienlaikus atbalstot inov\u0101cijas. \u0160obr\u012bd jau esam vienoju\u0161ies par septi\u0146iem neatliekami \u012bstenojamiem projektiem, kas veicin\u0101s valsts digit\u0101lo transform\u0101ciju un uzlabos da\u017e\u0101du nozaru efektivit\u0101ti un ilgtsp\u0113ju.\u201d<\/p>\n\n\n\n<p>\u0145emot v\u0113r\u0101, ka ERAF pieejamais finans\u0113jums \u0161aj\u0101 pas\u0101kum\u0101 ir 146,8 miljoni eiro, savuk\u0101rt nozaru pieteikt\u0101s vajadz\u012bbas p\u0101rsniedza 478 miljonus eiro, ministri konceptu\u0101li vienoj\u0101s par septi\u0146\u0101m neatliekami \u012bstenojamiem projektiem ar augstu gatav\u012bbu un steidzam\u012bbu, piem\u0113ram, &nbsp;personu apliecino\u0161u dokumentu inform\u0101cijas sist\u0113mas izstr\u0101de Pilson\u012bbas un migr\u0101cijas lietu p\u0101rvaldes vajadz\u012bb\u0101m, kuras ievie\u0161anas rezult\u0101t\u0101 tiks paaugstin\u0101ts personu identifik\u0101cijas dokumenta kvalit\u0101te, dokumentu sa\u0146em\u0161anas pieejam\u012bba, nepaaugstinot izmaksas iedz\u012bvot\u0101jam. B\u016bvniec\u012bbas procesa pilnveide, ietverot ar\u012b Zemesgr\u0101matas procesus, kas atvieglos un pa\u0101trin\u0101s b\u016bves re\u0123istr\u0101ciju, k\u0101 rezult\u0101t\u0101 tiks samazin\u0101ti termi\u0146i priv\u0101tm\u0101jas b\u016bvniec\u012bbas ieceres saska\u0146o\u0161anai. Robe\u017e\u0161\u0137\u0113rso\u0161anas risin\u0101juma izstr\u0101de samazin\u0101s vai pat piln\u012bb\u0101 nov\u0113rs\u012bs fiziskas kravas auto rindas pirms robe\u017eas \u0161\u0137\u0113rso\u0161anas. &nbsp;<\/p>\n\n\n\n<p>Papildu tam, komiteja vienoj\u0101s par finans\u0113juma sadal\u012bjumu priorit\u0101r\u0101m att\u012bst\u012bbas jom\u0101m, kuru ietvaros konkr\u0113tiem att\u012bst\u012bbas projektiem finans\u0113jums tiks pie\u0161\u0137irts p\u0113c tam, kad tiks izstr\u0101d\u0101ti jomu att\u012bst\u012bbas vispus\u012bgi att\u012bst\u012bbas pl\u0101ni jeb jomu arhitekt\u016bru apraksti, kas defin\u0113s jomu att\u012bst\u012bbas m\u0113r\u0137us un sasniedzamos rezult\u0101tus, k\u0101 ar\u012b n\u0101kotnes risin\u0101jumu pl\u0101nojumu un konkr\u0113tus att\u012bst\u012bbas projektus \u0161\u012b pl\u0101nojuma \u012bsteno\u0161anai un \u0161o projektu sasniedzamos konkr\u0113tos rezult\u0101tus.<\/p>\n\n\n\n<p>\u0100rk\u0101rtas priorit\u0101tes projektu ietvaros att\u012bst\u0101mo risin\u0101jumu saska\u0146o\u0161ana un projektu virz\u012b\u0161ana Ministru kabineta saska\u0146ojumam tiks uzs\u0101kta nekav\u0113jo\u0161i un ir pabeidzama l\u012bdz 2024. gada beig\u0101m.<\/p>\n\n\n\n<p>Att\u012bst\u012bbas jomu pl\u0101nojumu gatav\u012bbas pak\u0101pes \u0161obr\u012bd ir at\u0161\u0137ir\u012bgas, t\u0101p\u0113c gal\u0113jais termi\u0146\u0161 to izstr\u0101dei un saska\u0146o\u0161anai ir &nbsp;noteikts 2025. gada j\u016bnijs. Koordin\u0113tu jomu att\u012bst\u012bbas pl\u0101nu \/ arhitekt\u016bru un saist\u012bto projektu izstr\u0101di \u0161iem att\u012bst\u012bbas virzieniem paredz\u0113ts detaliz\u0113t l\u012bdz n\u0101kam\u0101 gada vidum un iesniegt apstiprin\u0101\u0161anai Ministru kabinet\u0101 v\u0113l\u0101kais l\u012bdz 2025. gada beig\u0101m.<\/p>\n\n\n\n<p><sup id=\"fn1\">*ERAF SAM 1.3.1.1. pas\u0101kums \u201cIKT risin\u0101jumu un pakalpojumu att\u012bst\u012bba un iesp\u0113ju rad\u012b\u0161ana priv\u0101tajam sektoram\u201d<a href=\"#ref1\" title=\"Jump back to footnote 1 in the text.\">\u21a9<\/a><\/sup><\/p>\n","protected":false},"excerpt":{"rendered":"<p>16.j\u016blij\u0101 Vied\u0101s administr\u0101cijas un re\u0123ion\u0101l\u0101s att\u012bst\u012bbas ministrija (VARAM) Digit\u0101l\u0101s moderniz\u0101cijas tematisk\u0101s komitejas s\u0113d\u0113 prezent\u0113ja un apsprieda neatliekami \u012bstenojamos priorit\u0101ros projektus un pas\u0101kumus, kuri var\u0113tu tikt atbalst\u012bti Eiropas Re\u0123ion\u0101l\u0101 att\u012bst\u012bbas fonda (ERAF) invest\u012bciju pas\u0101kum\u0101 IKT risin\u0101jumu un pakalpojumu att\u012bst\u012bbai un iesp\u0113ju rad\u012b\u0161anai priv\u0101tajam sektoram.<\/p>\n","protected":false},"author":1938,"featured_media":23608,"comment_status":"closed","ping_status":"closed","sticky":false,"template":"","format":"standard","meta":{"footnotes":""},"categories":[23,120],"tags":[],"_links":{"self":[{"href":"https:\/\/zurnalsiepirkumi.lv\/index.php?rest_route=\/wp\/v2\/posts\/23914"}],"collection":[{"href":"https:\/\/zurnalsiepirkumi.lv\/index.php?rest_route=\/wp\/v2\/posts"}],"about":[{"href":"https:\/\/zurnalsiepirkumi.lv\/index.php?rest_route=\/wp\/v2\/types\/post"}],"author":[{"embeddable":true,"href":"https:\/\/zurnalsiepirkumi.lv\/index.php?rest_route=\/wp\/v2\/users\/1938"}],"replies":[{"embeddable":true,"href":"https:\/\/zurnalsiepirkumi.lv\/index.php?rest_route=%2Fwp%2Fv2%2Fcomments&post=23914"}],"version-history":[{"count":2,"href":"https:\/\/zurnalsiepirkumi.lv\/index.php?rest_route=\/wp\/v2\/posts\/23914\/revisions"}],"predecessor-version":[{"id":23916,"href":"https:\/\/zurnalsiepirkumi.lv\/index.php?rest_route=\/wp\/v2\/posts\/23914\/revisions\/23916"}],"wp:featuredmedia":[{"embeddable":true,"href":"https:\/\/zurnalsiepirkumi.lv\/index.php?rest_route=\/wp\/v2\/media\/23608"}],"wp:attachment":[{"href":"https:\/\/zurnalsiepirkumi.lv\/index.php?rest_route=%2Fwp%2Fv2%2Fmedia&parent=23914"}],"wp:term":[{"taxonomy":"category","embeddable":true,"href":"https:\/\/zurnalsiepirkumi.lv\/index.php?rest_route=%2Fwp%2Fv2%2Fcategories&post=23914"},{"taxonomy":"post_tag","embeddable":true,"href":"https:\/\/zurnalsiepirkumi.lv\/index.php?rest_route=%2Fwp%2Fv2%2Ftags&post=23914"}],"curies":[{"name":"wp","href":"https:\/\/api.w.org\/{rel}","templated":true}]}}