{"id":23901,"date":"2024-07-16T13:54:11","date_gmt":"2024-07-16T11:54:11","guid":{"rendered":"https:\/\/zurnalsiepirkumi.lv\/?p=23901"},"modified":"2024-07-16T15:01:27","modified_gmt":"2024-07-16T13:01:27","slug":"kulturas-ministrija-izsludina-metu-konkursu-latvijas-ekspozicijai-venecijas-biennales-19-starptautiskaja-arhitekturas-izstade","status":"publish","type":"post","link":"https:\/\/zurnalsiepirkumi.lv\/?p=23901","title":{"rendered":"Kult\u016bras ministrija izsludina metu konkursu Latvijas ekspoz\u012bcijai Ven\u0113cijas bienn\u0101les 19. starptautiskaj\u0101 arhitekt\u016bras izst\u0101d\u0113"},"content":{"rendered":"\n<p>Kult\u016bras ministrija (KM) \u0161.g. 15. j\u016blij\u0101 izsludin\u0101jusi metu konkursu par Latvijas ekspoz\u012bcijas koncepciju un \u012bsteno\u0161anu Ven\u0113cijas bienn\u0101les 19. starptautiskaj\u0101 arhitekt\u016bras izst\u0101d\u0113 2025. gad\u0101. Konkursa m\u0113r\u0137is ir izv\u0113l\u0113ties augstv\u0113rt\u012bg\u0101ko ekspoz\u012bcijas koncepciju un dizaina risin\u0101jumu, kas n\u0101kamgad reprezent\u0113s Latviju Ven\u0113cijas bienn\u0101les starptautiskaj\u0101 arhitekt\u016bras izst\u0101d\u0113.<\/p>\n\n\n\n<p>Metu konkurs\u0101 aicin\u0101ti piedal\u012bties Latvij\u0101 vai \u0101rvalst\u012bs praktiz\u0113jo\u0161i arhitekti, dizaineri, m\u0101kslinieki, kuratori, rado\u0161as starpdisciplin\u0101ras komandas, kas ir juridiskas vai fiziskas personas vai personu apvien\u012bbas.<\/p>\n\n\n\n<p>Ven\u0113cijas bienn\u0101les 19. starptautisk\u0101s izst\u0101des kurators ir arhitekts un in\u017eenieris, Masa\u010d\u016bsetsas tehnolo\u0123iju instit\u016bta un Mil\u0101nas politehnisk\u0101s universit\u0101tes profesors, arhitekt\u016bras un inov\u0101ciju biroja CRA-Carlo Ratti Associati dibin\u0101t\u0101js un The Senseable City Lab direktors Dr. Karlo Rati (Carlo Ratti). Karlo Rati izvirz\u012bt\u0101 bienn\u0101les t\u0113ma \u2013 Intelligens. Natural. Artificial. Collective. (\u201eInteli\u0123ence. Dabisk\u0101. M\u0101ksl\u012bg\u0101. Kolekt\u012bv\u0101\u201d).<\/p>\n\n\n\n<p>T\u0113mas izkl\u0101st\u0101 kurators uzsver: \u201cJ\u0113dziens Intelligens ir saist\u012bts ar m\u016bsdienu terminu \u201cinteli\u0123ence\u201d, ta\u010du tas atsauc atmi\u0146\u0101 ar\u012b pla\u0161\u0101ku saist\u012bto noz\u012bmju kopumu. Paties\u012bb\u0101 p\u0113d\u0113j\u0101 zilbe \u201cgens\u201d lat\u012b\u0146u valod\u0101 noz\u012bm\u0113 \u201ccilv\u0113ki.\u201d Rodas jauna, izdom\u0101ta sakne, kas liecina par inteli\u0123ences n\u0101kotni, kas ir iek\u013caujo\u0161a, daudzpus\u012bga un t\u0113laina, p\u0101rsniedzot \u0161odienas ierobe\u017eojo\u0161o koncentr\u0113\u0161anos uz m\u0101ksl\u012bgo intelektu. Ven\u0113cijas bienn\u0101les 19. starptautisk\u0101s arhitekt\u016bras izst\u0101des fokuss b\u016bs b\u016bv\u0113t\u0101 vide un daudz\u0101s discipl\u012bnas, kas to veido. Arhitekt\u016bra ir centr\u0101, bet \u2013 ne viena pati. T\u0101 ir da\u013ca no papla\u0161in\u0101tas sf\u0113ras, kas integr\u0113 m\u0101kslu, in\u017eenierzin\u0101tnes, biolo\u0123iju, datu zin\u0101tnes, soci\u0101l\u0101s un politikas zin\u0101tnes, planet\u0101ro sist\u0113mu zin\u0101tnes un citas discipl\u012bnas, katru no t\u0101m sasaistot ar urb\u0101n\u0101s telpas materialit\u0101ti. B\u016bv\u0113t\u0101 vide ir viena no liel\u0101kajiem atmosf\u0113ras izme\u0161u avotiem, t\u0101d\u0113j\u0101di arhitekt\u016bra ir viena no m\u016bsu plan\u0113tas degrad\u0101cijas vaininiec\u0113m. T\u0101 k\u0101 klimata kr\u012bze k\u013c\u016bst aizvien strauj\u0101ka, vai mums ir j\u0101samierin\u0101s ar \u0161o lomu, vai ar\u012b m\u0113s joproj\u0101m sp\u0113jam pied\u0101v\u0101t risin\u0101jumus \u2013 b\u016btiskus un ne-kosm\u0113tiskus, efekt\u012bvus un \u0101tri \u012bstenojamus?\u201d<\/p>\n\n\n\n<p>K.Rati mudina Ven\u0113cijas bienn\u0101les izst\u0101des nacion\u0101l\u0101s dal\u012bbvalstis piev\u0113rsties kop\u012bgajam aicin\u0101jumam One place, one solution (\u201cViena vieta, viens risin\u0101jums\u201d), \u201cpar\u0101dot, k\u0101 ar viet\u0113jo atjaut\u012bbu var risin\u0101t m\u016bsu laikmeta eksistenci\u0101lo izaicin\u0101jumu kop\u012bgi, atspogu\u013cojot daudzveid\u012bgas pieejas.\u201d K.Rati aicina katru valsti sniegt vienu risin\u0101jumu, lai kop\u012bgi var\u0113tu izveidot glob\u0101lu r\u012bc\u012bbas pied\u0101v\u0101jumu n\u0101kotnei. Detaliz\u0113t\u0101ka inform\u0101cija par bienn\u0101les t\u0113mu&nbsp;<a href=\"https:\/\/www.labiennale.org\/en\/news\/biennale-architettura-2025-title-intelligens-natural-artificial-collective\" target=\"_blank\" rel=\"noreferrer noopener\">t\u012bmek\u013cvietn\u0113<\/a>.<\/p>\n\n\n\n<p><strong>Konkursa pretendenti savus pied\u0101v\u0101jumus aicin\u0101ti iesniegt l\u012bdz \u0161\u0101 gada 16. septembra plkst. 11:00, iesniedzot tos kl\u0101tien\u0113 KM.<\/strong><\/p>\n\n\n\n<p>Metu konkurs\u0101 par Latvijas ekspoz\u012bcijas koncepciju un \u012bsteno\u0161anu tiks noteikti tr\u012bs vietu ieguv\u0113ji, no kuriem augst\u0101k\u0101s vietas ieguv\u0113js tiks uzaicin\u0101ts uz sarunu proced\u016bru, lai nosl\u0113gtu iepirkuma l\u012bgumu. Latvijas ekspoz\u012bciju ir paredz\u0113ts \u012bstenot Ven\u0113cij\u0101 v\u0113sturiskaj\u0101s Arsen\u0101la Artigleria telp\u0101s.<\/p>\n\n\n\n<p>Kop\u0113j\u0101 iepirkuma l\u012bgumcena par Latvijas paviljona realiz\u0101ciju nevar p\u0101rsniegt 90 000,00 eiro (bez PVN). Papildu projekta \u012bsteno\u0161anas izmaks\u0101m KM sedz ar\u012b telpu nomas izdevumus Arsen\u0101l\u0101, paredzot tam atsevi\u0161\u0137u finans\u0113jumu.<\/p>\n\n\n\n<p>Metu konkursa godalgu fonds ir 4 000 eiro (neieskaitot PVN): metu konkursa 1.vietas ieguv\u0113js sa\u0146ems 2&nbsp;000 eiro, savuk\u0101rt 2. un 3.vietas ieguv\u0113ji katrs \u2013 1&nbsp;000 eiro.<\/p>\n\n\n\n<p>Iesniegtos pieteikumus v\u0113rt\u0113s konkursa \u017e\u016brijas komisija: t\u0101s priek\u0161s\u0113d\u0113t\u0101js, Nacion\u0101l\u0101 arhitekt\u016bras padomes priek\u0161s\u0113d\u0113t\u0101js, arhitektu biroja \u201eDidrihsons arhitekti\u201d vad\u012bt\u0101js Gatis Didrihsons, priek\u0161s\u0113d\u0113t\u0101ja vietniece, Latvijas M\u0101kslas akad\u0113mijas Laikmet\u012bg\u0101s m\u0101kslas, dizaina un arhitekt\u016bras instit\u016bta p\u0113tniece Dina Suhanova; \u017e\u016brijas komisijas locek\u013ci: arhitektu biroja \u201eArhitekta J.Pogas birojs\u201d vad\u012bt\u0101js, Latvijas Arhitektu savien\u012bbas padomes priek\u0161s\u0113d\u0113t\u0101ja vietnieks Juris Poga, SIA &#8220;R\u012bgas nami&#8221; Att\u012bst\u012bbas un b\u016bvniec\u012bbas projektu vad\u012bbas departamenta vad\u012bt\u0101ja, arhitekt\u016bras kriti\u0137e, kuratore Ieva Z\u012bb\u0101rte, m\u0101ksliniece, scenogr\u0101fe, Latvijas ekspoz\u012bcijas Ven\u0113cijas bienn\u0101les 56. starptautiskaj\u0101 m\u0101kslas izst\u0101d\u0113 \u012bstenot\u0101ja Katr\u012bna Neiburga.<\/p>\n\n\n\n<p><em>Ven\u0113cijas arhitekt\u016bras bienn\u0101le ir viena no noz\u012bm\u012bg\u0101kaj\u0101m arhitekt\u016bras izst\u0101d\u0113m Eirop\u0101 un pasaul\u0113, t\u0101 notiek reizi katros 2 gados. Ven\u0113cijas bienn\u0101les 19. starptautisk\u0101s arhitekt\u016bras izst\u0101des norises laiks ir no 2025. gada 10. maija l\u012bdz 2025. gada 23. novembrim (pirms atkl\u0101\u0161anas dienas \u2013 2025. gada 8. un 9. maij\u0101). Pla\u0161\u0101ka inform\u0101cija par 2025. gada Ven\u0113cijas arhitekt\u016bras bienn\u0101li&nbsp;<a href=\"https:\/\/www.labiennale.org\/en\/architecture\/2025\" target=\"_blank\" rel=\"noreferrer noopener\">t\u012bmek\u013cvietn\u0113<\/a>.<\/em><\/p>\n\n\n\n<p><em>Latvija ar nacion\u0101lo paviljonu n\u0101kamgad jau vienpadsmito reizi b\u016bs p\u0101rst\u0101v\u0113ta Ven\u0113cijas arhitekt\u016bras bienn\u0101l\u0113; \u0161aj\u0101 starptautiskaj\u0101 forum\u0101 t\u0101 piedal\u0101s kop\u0161 2002. gada.<\/em><\/p>\n\n\n\n<p><em>2023. gad\u0101 Ven\u0113cijas bienn\u0101les 18. starptautisk\u0101 arhitekt\u016bras bienn\u0101l\u0113 Latvijas paviljonu \u201cT\/C Latvija\u201d \u012bstenoja arhitektu biroja \u201cDEI ARH\u201d rado\u0161\u0101 komanda. Latvijas paviljons guva pla\u0161u pozit\u012bvu rezonansi starptautiskajos medijos &#8211; vair\u0101ki mediji to ierindoja starp 10 lab\u0101kajiem bienn\u0101les paviljoniem. Kopum\u0101 Ven\u0113cijas bienn\u0101les 18. starptautisko arhitekt\u016bras izst\u0101di apmekl\u0113ja vair\u0101k nek\u0101 285 000 skat\u012bt\u0101ju un taj\u0101 piedal\u012bj\u0101s p\u0101rst\u0101vji no 64 dal\u012bbvalst\u012bm vis\u0101 pasaul\u0113.<\/em><\/p>\n","protected":false},"excerpt":{"rendered":"<p>Kult\u016bras ministrija (KM) \u0161.g. 15. j\u016blij\u0101 izsludin\u0101jusi metu konkursu par Latvijas ekspoz\u012bcijas koncepciju un \u012bsteno\u0161anu Ven\u0113cijas bienn\u0101les 19. starptautiskaj\u0101 arhitekt\u016bras izst\u0101d\u0113 2025. gad\u0101. Konkursa m\u0113r\u0137is ir izv\u0113l\u0113ties augstv\u0113rt\u012bg\u0101ko ekspoz\u012bcijas koncepciju un dizaina risin\u0101jumu, kas n\u0101kamgad reprezent\u0113s Latviju Ven\u0113cijas bienn\u0101les starptautiskaj\u0101 arhitekt\u016bras izst\u0101d\u0113.<\/p>\n","protected":false},"author":1938,"featured_media":23900,"comment_status":"closed","ping_status":"closed","sticky":false,"template":"","format":"standard","meta":{"footnotes":""},"categories":[405,120],"tags":[],"_links":{"self":[{"href":"https:\/\/zurnalsiepirkumi.lv\/index.php?rest_route=\/wp\/v2\/posts\/23901"}],"collection":[{"href":"https:\/\/zurnalsiepirkumi.lv\/index.php?rest_route=\/wp\/v2\/posts"}],"about":[{"href":"https:\/\/zurnalsiepirkumi.lv\/index.php?rest_route=\/wp\/v2\/types\/post"}],"author":[{"embeddable":true,"href":"https:\/\/zurnalsiepirkumi.lv\/index.php?rest_route=\/wp\/v2\/users\/1938"}],"replies":[{"embeddable":true,"href":"https:\/\/zurnalsiepirkumi.lv\/index.php?rest_route=%2Fwp%2Fv2%2Fcomments&post=23901"}],"version-history":[{"count":3,"href":"https:\/\/zurnalsiepirkumi.lv\/index.php?rest_route=\/wp\/v2\/posts\/23901\/revisions"}],"predecessor-version":[{"id":23909,"href":"https:\/\/zurnalsiepirkumi.lv\/index.php?rest_route=\/wp\/v2\/posts\/23901\/revisions\/23909"}],"wp:featuredmedia":[{"embeddable":true,"href":"https:\/\/zurnalsiepirkumi.lv\/index.php?rest_route=\/wp\/v2\/media\/23900"}],"wp:attachment":[{"href":"https:\/\/zurnalsiepirkumi.lv\/index.php?rest_route=%2Fwp%2Fv2%2Fmedia&parent=23901"}],"wp:term":[{"taxonomy":"category","embeddable":true,"href":"https:\/\/zurnalsiepirkumi.lv\/index.php?rest_route=%2Fwp%2Fv2%2Fcategories&post=23901"},{"taxonomy":"post_tag","embeddable":true,"href":"https:\/\/zurnalsiepirkumi.lv\/index.php?rest_route=%2Fwp%2Fv2%2Ftags&post=23901"}],"curies":[{"name":"wp","href":"https:\/\/api.w.org\/{rel}","templated":true}]}}