{"id":23827,"date":"2024-07-02T08:15:22","date_gmt":"2024-07-02T06:15:22","guid":{"rendered":"https:\/\/zurnalsiepirkumi.lv\/?p=23827"},"modified":"2024-07-02T08:15:59","modified_gmt":"2024-07-02T06:15:59","slug":"kem-no-1-julija-klust-par-pilnvertigu-ministriju-parraugot-ari-vides-aizsardzibas-politiku","status":"publish","type":"post","link":"https:\/\/zurnalsiepirkumi.lv\/?p=23827","title":{"rendered":"KEM no 1. j\u016blija k\u013c\u016bst par pilnv\u0113rt\u012bgu ministriju, p\u0101rraugot ar\u012b vides aizsardz\u012bbas politiku"},"content":{"rendered":"\n<p>1. j\u016blij\u0101, Klimata un ener\u0123\u0113tikas ministrij\u0101 (KEM) darbu uzs\u0101k vides politikas eksperti no Vied\u0101s administr\u0101cijas un re\u0123ion\u0101l\u0101s att\u012bst\u012bbas ministrijas (VARAM). Vienas ministrijas p\u0101rraudz\u012bb\u0101 tiks \u012bstenoti tr\u012bs politisko virzienu att\u012bst\u012bba \u2013 klimats, ener\u0123\u0113tika un vides aizsardz\u012bba. \u0160is ir efekt\u012bvs risin\u0101jums, kas \u013caus mazin\u0101t administrat\u012bvo slogu un nepiecie\u0161amo laiku efekt\u012bva rezult\u0101tu sasnieg\u0161anai. Vald\u012bbas ap\u0146em\u0161anas pan\u0101kt klimata, ener\u0123\u0113tikas un vides aizsardz\u012bbas m\u0113r\u0137u sasnieg\u0161anu, ir nostiprin\u0101ta vald\u012bbas deklar\u0101cij\u0101.<\/p>\n\n\n\n<p>Klimata un ener\u0123\u0113tikas ministrs Kaspars Melnis nor\u0101da: \u201cEsam akt\u012bvi str\u0101d\u0101ju\u0161i, pie pilnv\u0113rt\u012bgas ministrijas izveides, t\u0101p\u0113c esmu gandar\u012bts, ka \u0161odien KEM papildina vides politikas eksperti. Ener\u0123\u0113tika, klimats un vide ir jaut\u0101jumi, kuru risin\u0101\u0161an\u0101 nepiecie\u0161ama cie\u0161a sadarb\u012bba, t\u0101p\u0113c bija svar\u012bgi veidot vienotu sist\u0113mu. Viens no uzskat\u0101miem piem\u0113riem ir v\u0113ja projektu att\u012bst\u012bba Latvij\u0101, kur bez vides ietekmes izv\u0113rt\u0113juma pras\u012bbu p\u0101r\u0146em\u0161anas m\u0113s nevaram virz\u012bties uz priek\u0161u nepiecie\u0161amaj\u0101 temp\u0101, lai nodro\u0161in\u0101tu Latvijas iedz\u012bvot\u0101jiem un uz\u0146\u0113m\u0113jiem l\u0113t\u0101ku ener\u0123iju. Pozit\u012bvi, ka var\u0113sim \u012bstenot efekt\u012bv\u0101ku ietekmes uz vidi nov\u0113rt\u0113jumu.\u201d<\/p>\n\n\n\n<p>Vides politika koncentr\u0113jas uz zemes, gaisa un \u016bdens resursu ilgtsp\u0113j\u012bgu un efekt\u012bvu p\u0101rvald\u012bbu. P\u0101rraugot \u0161o sektoru, KEM str\u0101d\u0101s ar t\u0101d\u0101m b\u016btisk\u0101m sabiedr\u012bbas labkl\u0101j\u012bbu ietekm\u0113jo\u0161\u0101m jom\u0101m, k\u0101 aprites ekonomikas veicin\u0101\u0161ana un atkritumu apsaimnieko\u0161anu, virszemes, pazemes un j\u016bras \u016bdens resursu p\u0101rvald\u012bbu, pies\u0101r\u0146ojuma risku mazin\u0101\u0161anu (t.sk. \u0137\u012bmisko vielu, radi\u0101cijas, kodoldro\u0161\u012bbas, gaisa pies\u0101r\u0146ojuma), vides kvalit\u0101tes monitoringu un ietekmes uz vidi nov\u0113rt\u0113juma procesu uzraudz\u012bbu.<\/p>\n\n\n\n<p>KEM p\u0101rraudz\u012bs ar\u012b Valsts vides dienestu un Vides p\u0101rraudz\u012bbas valsts birojs, k\u0101 ar\u012b nodotas tur\u0113jum\u0101 VAS \u201cLatvijas Vides, \u0123eolo\u0123ijas un meteorolo\u0123ijas centrs\u201d valstij piedero\u0161\u0101s da\u013cas.<\/p>\n\n\n\n<p>\u201cValsts vides dienestam ir svar\u012bgi turpin\u0101t darbu pie strat\u0113\u0123isko m\u0113r\u0137u sasnieg\u0161anas, prim\u0101ri vairojot visu iesaist\u012bto pu\u0161u izpratni un atbild\u012bbu par vides kvalit\u0101ti. Digit\u0101l\u0101 att\u012bst\u012bba, administrat\u012bv\u0101 sloga mazin\u0101\u0161ana un VVD stiprin\u0101\u0161ana, ir pamats m\u0113r\u0137u sasnieg\u0161anai. VVD jau l\u012bdz \u0161im ir iez\u012bm\u0113jusies pozit\u012bva sadarb\u012bba ar KEM, kas stiprin\u0101sies ar\u012b turpm\u0101k, KEM p\u0101r\u0146emot vides aizsardz\u012bbas politikas p\u0101rraudz\u012bbu. Tas dod p\u0101rliec\u012bbu, ka KEM un VVD siner\u0123ija dos pozit\u012bvu ietekmi vides, klimata un ener\u0123\u0113tikas politikas veido\u0161an\u0101 un efekt\u012bv\u0101k\u0101 praktiskaj\u0101 realiz\u0113\u0161an\u0101,\u201d&nbsp;<strong>uzver Valsts vides dienesta \u0123ener\u0101ldirektors Andris \u0136\u0113ni\u0146\u0161.<\/strong><\/p>\n\n\n\n<p><strong>Vides p\u0101rraudz\u012bbas valsts biroja direktore Daiga Avdenjanova uzsver:&nbsp;<\/strong>\u201cEsmu p\u0101rliecin\u0101ta, ka ar Vides p\u0101rraudz\u012bbas valsts biroja un Valsts vides dienesta pievieno\u0161anos KEM, t\u0101 k\u013c\u016bst par vado\u0161o ministriju ne tikai klimata un ener\u0123\u0113tikas politikas jom\u0101, bet ar\u012b vides aizsardz\u012bbas jom\u0101 un vides br\u012bvpr\u0101t\u012bgo instrumentu (Eiropas Savien\u012bbas ekomar\u0137\u0113jums un vides vad\u012bbas un audita sist\u0113mas (EMAS)) att\u012bst\u012bbas politikas jom\u0101. Vides p\u0101rraudz\u012bbas valsts biroja iesaiste KEM m\u0113r\u0137u sasnieg\u0161an\u0101 stiprin\u0101s KEM kompetenci ietekmes uz vidi nov\u0113rt\u0113juma, ar\u012b p\u0101rrobe\u017eu ietekmes uz vidi jom\u0101, r\u016bpniecisko av\u0101riju risku nov\u0113rt\u0113\u0161an\u0101 u.c.\u201d<\/p>\n\n\n\n<p><strong>Ministrs K. Melnis nor\u0101da<\/strong>: \u201cEfekt\u012bv\u0101kai invest\u012bciju piesaistei ra\u017eo\u0161anas, \u012bpa\u0161i elektroener\u0123ijas ra\u017eo\u0161anas vajadz\u012bb\u0101m Vides p\u0101rraudz\u012bbas valsts biroja kapacit\u0101tes stiprin\u0101\u0161ana ir \u013coti svar\u012bga. Esam ap\u0146\u0113mu\u0161ies mekl\u0113t risin\u0101jumus \u012bstermi\u0146\u0101 un ilgtermi\u0146\u0101. Viens no risin\u0101jumiem ir veidot Vides p\u0101rraudz\u012bbas valsts biroju k\u0101 vienotu kontaktpunktu, p\u0101r\u0146emot da\u013cu no B\u016bvniec\u012bbas valsts kontroles biroja funkcij\u0101m un resursiem. \u0160obr\u012bd tiek gatavots informat\u012bvais zi\u0146ojums par \u0161\u0101das reorganiz\u0101cijas veik\u0161anu un virz\u012bbu \u0161.g. laik\u0101. Vid\u0113j\u0101 termi\u0146\u0101 redzam nepiecie\u0161am\u012bbu stiprin\u0101t biroja kapacit\u0101ti, \u0146emot v\u0113r\u0101, ka b\u016btiski pieaudzis projektu skaits par ietekmi uz vidi nov\u0113rt\u0113jumu v\u0113ja parku projektu att\u012bst\u012bb\u0101.\u201d<\/p>\n\n\n\n<p>L\u012bdztekus ener\u0123\u0113tikas sist\u0113mas moderniz\u0101cijai un energoefektivit\u0101tes uzlabo\u0161anai, Vides p\u0101rraudz\u012bbas valsts birojs akt\u012bvi l\u012bdzdarbosies gan Za\u013c\u0101 kursa izvirz\u012bto m\u0113r\u0137u, gan ilgtsp\u0113j\u012bgas aprites ekonomikas veicin\u0101\u0161an\u0101. Galvenais m\u0113r\u0137is ir saglab\u0101t eso\u0161os resursus, samazinot gan izejvielu pat\u0113ri\u0146u un atkritumu apjomu, gan ar\u012b ietekmi uz vidi, k\u0101 ar\u012b atjaun\u012bg\u0101s ener\u0123ijas potenci\u0101la izmanto\u0161anas att\u012bst\u012bb\u0101 Latvij\u0101, l\u012bdzsvarojot vides un sabiedr\u012bbas intereses.<\/p>\n\n\n\n<p>KEM eksperti piedal\u012bsies vair\u0101k\u0101s Eiropas Savien\u012bbas (ES) darba grup\u0101s, Eiropas Komisijas darba grupas un komitej\u0101s, Ekonomisk\u0101s sadarb\u012bbas un att\u012bst\u012bbas organiz\u0101cijas (OECD) komit\u0113j\u0101s (piem\u0113ram, Vides politikas komit\u0113ja, \u0136imik\u0101liju un biotehnolo\u0123iju komiteja) u.c., k\u0101 ar\u012b dal\u012bba vair\u0101k\u0101s nacion\u0101laj\u0101s darba grup\u0101s.<\/p>\n\n\n\n<p>Savuk\u0101rt saist\u012bb\u0101 ar vides aizsardz\u012bbas projektiem \u2013 KEM tiek uztic\u0113ti Eiropas Komisijas vides un klimata pas\u0101kumu programmas (LIFE) un LVAF projekti, kas tiks apstiprin\u0101ti l\u012bdz 2024. gada 1. j\u016blijam. KEM nodro\u0161in\u0101s ar\u012b p\u0113cuzraudz\u012bbu \u012bstenotajiem vides jomas projektiem, t.sk., Eiropas teritori\u0101l\u0101s sadarb\u012bbas m\u0113r\u0137a (Interreg) projektiem, kuriem \u012bsteno\u0161ana ir pabeigta, bet atbilsto\u0161i atbalsta instrumenta regul\u0113jo\u0161iem normat\u012bvajiem aktiem ir paredz\u0113ta projekta dokument\u0101cijas un rezult\u0101tu saglab\u0101\u0161ana noteiktos termi\u0146os.<\/p>\n\n\n\n<p>KEM ar 1. j\u016bliju saglab\u0101 savu eso\u0161o ministrijas nosaukumu.<\/p>\n","protected":false},"excerpt":{"rendered":"<p>1. j\u016blij\u0101, Klimata un ener\u0123\u0113tikas ministrij\u0101 (KEM) darbu uzs\u0101k vides politikas eksperti no Vied\u0101s administr\u0101cijas un re\u0123ion\u0101l\u0101s att\u012bst\u012bbas ministrijas (VARAM). Vienas ministrijas p\u0101rraudz\u012bb\u0101 tiks \u012bstenoti tr\u012bs politisko virzienu att\u012bst\u012bba \u2013 klimats, ener\u0123\u0113tika un vides aizsardz\u012bba. <\/p>\n","protected":false},"author":1938,"featured_media":23826,"comment_status":"closed","ping_status":"closed","sticky":false,"template":"","format":"standard","meta":{"footnotes":""},"categories":[71],"tags":[],"_links":{"self":[{"href":"https:\/\/zurnalsiepirkumi.lv\/index.php?rest_route=\/wp\/v2\/posts\/23827"}],"collection":[{"href":"https:\/\/zurnalsiepirkumi.lv\/index.php?rest_route=\/wp\/v2\/posts"}],"about":[{"href":"https:\/\/zurnalsiepirkumi.lv\/index.php?rest_route=\/wp\/v2\/types\/post"}],"author":[{"embeddable":true,"href":"https:\/\/zurnalsiepirkumi.lv\/index.php?rest_route=\/wp\/v2\/users\/1938"}],"replies":[{"embeddable":true,"href":"https:\/\/zurnalsiepirkumi.lv\/index.php?rest_route=%2Fwp%2Fv2%2Fcomments&post=23827"}],"version-history":[{"count":3,"href":"https:\/\/zurnalsiepirkumi.lv\/index.php?rest_route=\/wp\/v2\/posts\/23827\/revisions"}],"predecessor-version":[{"id":23830,"href":"https:\/\/zurnalsiepirkumi.lv\/index.php?rest_route=\/wp\/v2\/posts\/23827\/revisions\/23830"}],"wp:featuredmedia":[{"embeddable":true,"href":"https:\/\/zurnalsiepirkumi.lv\/index.php?rest_route=\/wp\/v2\/media\/23826"}],"wp:attachment":[{"href":"https:\/\/zurnalsiepirkumi.lv\/index.php?rest_route=%2Fwp%2Fv2%2Fmedia&parent=23827"}],"wp:term":[{"taxonomy":"category","embeddable":true,"href":"https:\/\/zurnalsiepirkumi.lv\/index.php?rest_route=%2Fwp%2Fv2%2Fcategories&post=23827"},{"taxonomy":"post_tag","embeddable":true,"href":"https:\/\/zurnalsiepirkumi.lv\/index.php?rest_route=%2Fwp%2Fv2%2Ftags&post=23827"}],"curies":[{"name":"wp","href":"https:\/\/api.w.org\/{rel}","templated":true}]}}