{"id":23788,"date":"2024-06-26T07:12:40","date_gmt":"2024-06-26T05:12:40","guid":{"rendered":"https:\/\/zurnalsiepirkumi.lv\/?p=23788"},"modified":"2024-06-26T07:12:40","modified_gmt":"2024-06-26T05:12:40","slug":"apstiprinata-jauna-uznemeju-vajadzibam-pielagota-es-fondu-atbalsta-programma-darbinieku-apmacibam","status":"publish","type":"post","link":"https:\/\/zurnalsiepirkumi.lv\/?p=23788","title":{"rendered":"Apstiprin\u0101ta jauna, uz\u0146\u0113m\u0113ju vajadz\u012bb\u0101m piel\u0101gota ES fondu atbalsta programma darbinieku apm\u0101c\u012bb\u0101m"},"content":{"rendered":"\n<p>Lai veicin\u0101tu m\u016b\u017eizgl\u012bt\u012bbu, jo \u012bpa\u0161i pied\u0101v\u0101jot elast\u012bgas prasmju pilnveides un p\u0101rkvalifik\u0101cijas iesp\u0113jas visiem, pamatojoties uz darba tirgus vajadz\u012bb\u0101m, atvieglojot karjeras mai\u0146u un sekm\u0113jot profesion\u0101lo mobilit\u0101ti, Ministru kabineta \u0161.g. 25.\u00a0j\u016bnija s\u0113d\u0113 atbalst\u012bta\u00a0<a href=\"https:\/\/tapportals.mk.gov.lv\/legal_acts\/fef6c18b-2cda-4d2d-859d-066e825a6e26\" target=\"_blank\" rel=\"noreferrer noopener\">jauna ES fonda atbalsta programma nozaru vajadz\u012bb\u0101s balst\u012btai pieaugu\u0161o izgl\u012bt\u012bbai<\/a>.<\/p>\n\n\n\n<p>Atbalsta programmu Ekonomikas ministrija (EM) izstr\u0101d\u0101ja ar m\u0113r\u0137i sniegt atbalstu darba dev\u0113ju izaugsmes nozaru vajadz\u012bb\u0101s balst\u012btai, m\u0113r\u0137orient\u0113tai darbinieku kompetences paaugstin\u0101\u0161anai un m\u0101c\u012bbu barjeru mazin\u0101\u0161anai, t\u0101d\u0113j\u0101di veicinot darba dev\u0113ju ieguld\u012bjumus cilv\u0113kresursos un motiv\u0113jot darba dev\u0113jus iesaist\u012bt m\u0101c\u012bb\u0101s savus darbiniekus papildu prasmju pilnveido\u0161anai un paaugstin\u0101t darbinieku produktivit\u0101ti.<\/p>\n\n\n\n<p>Es, k\u0101 ar\u012b EM vad\u012bba daudzk\u0101rt esam tiku\u0161ies ar uz\u0146\u0113m\u0113ju organiz\u0101cij\u0101m un uz\u0146\u0113mumiem, lai p\u0101rrun\u0101tu cilv\u0113kkapit\u0101la att\u012bst\u012bbas jaut\u0101jumus. Uz\u0146\u0113m\u0113ji uzsver, ka darbinieku prasmju apg\u016b\u0161ana, paral\u0113li tehnolo\u0123iskajam progresam, ir kritiski svar\u012bga uz\u0146\u0113mumu att\u012bst\u012bbai. Darbiniekiem regul\u0101ri ir nepiecie\u0161ami m\u0101c\u012bbu kursi, lai turpin\u0101tu att\u012bst\u012bt un ieviest inov\u0101cijas uz\u0146\u0113mumos, k\u0101 ar\u012b veicin\u0101tu darba sp\u0113ka produktivit\u0101ti. Turkl\u0101t atbilsto\u0161i uz\u0146\u0113m\u0113ju l\u016bgumam, m\u0101c\u012bbu procesam j\u0101b\u016bt pietiekami da\u017e\u0101dotam, atbilsto\u0161i konkr\u0113tu nozaru un uz\u0146\u0113mumu specifiskaj\u0101m vajadz\u012bb\u0101m. T\u0101d\u0113\u013c man ir gandar\u012bjums, ka vald\u012bba \u0161odien apstiprin\u0101ja jauno programmu, kas dos noz\u012bm\u012bgu pienesumu Latvijas cilv\u0113kkapit\u0101la att\u012bst\u012bb\u0101,\u201d\u00a0atz\u012bst ekonomikas ministrs Viktors Valainis.<\/p>\n\n\n\n<p>Atbalsta programmas kop\u0113jais finans\u0113jums ir 14,5 miljoni EUR.\u00a0Atbalstu uz\u0146\u0113mumiem darbinieku apm\u0101c\u012bb\u0101m sniegs nozaru p\u0101rst\u0101v\u0113t\u0101s biedr\u012bbas, kuru atlasi veiks Centr\u0101l\u0101 finan\u0161u un l\u012bgumu a\u0123ent\u016bra. Atbalsts uz\u0146\u0113mumiem b\u016bs pieejams ar atbalsta intensit\u0101ti l\u012bdz 70%, pieteik\u0161an\u0101s m\u0101c\u012bbu nodro\u0161in\u0101\u0161anai s\u0101ksies p\u0113c nozaru uz\u0146\u0113mumu p\u0101rst\u0101vo\u0161o organiz\u0101ciju atlases.<\/p>\n\n\n\n<p><strong>A<\/strong>tbalsta programmas ietvaros l\u012bdz 2029. gada 31. decembrim pl\u0101nots atbalst\u012bt vair\u0101k k\u0101 450 darba dev\u0113jus, apm\u0101cot gandr\u012bz 1200 darbiniekus\u00a0kokr\u016bpniec\u012bbas, ma\u0161\u012bnb\u016bves un met\u0101lapstr\u0101des, elektrisko un optisko iek\u0101rtu ra\u017eo\u0161anas, \u0137\u012bmisk\u0101s r\u016bpniec\u012bbas, p\u0101rtikas un dz\u0113rienu ra\u017eo\u0161anas, b\u016bvindustrijas, viegl\u0101s r\u016bpniec\u012bbas, pap\u012bra ra\u017eo\u0161anas un poligr\u0101fijas nozar\u0113s<strong>\u00a0<\/strong>t\u0101d\u0101s m\u0101c\u012bbu jom\u0101s un programmu kop\u0101s k\u0101 ra\u017eo\u0161anas in\u017eenierzin\u012bbas un vad\u012bba,\u00a0<strong>\u00a0<\/strong>fizik\u0101l\u0101s zin\u0101tnes, matem\u0101tika un statistika, datorsist\u0113mas, datub\u0101zes un datort\u012bkli, dizains, projektu vad\u012bba, programm\u0113\u0161ana, ra\u017eo\u0161ana un p\u0101rstr\u0101de, me\u017esaimniec\u012bba,\u00a0<strong>\u00a0<\/strong>vesel\u012bbas apr\u016bpes pakalpojumi, viesn\u012bcu un restor\u0101nu pakalpojumi, starptautisko p\u0101rvad\u0101jumu organiz\u0101cija, vides vesel\u012bba,<strong>\u00a0<\/strong>viesn\u012bcu un t\u016brisma vad\u012bba, biznesa un finan\u0161u vad\u012bba u.c.<\/p>\n\n\n\n<p>K\u0101 liecina Pasaules ekonomikas foruma prognozes, tad se\u0161iem no desmit darbiniekiem pasaul\u0113 b\u016bs nepiecie\u0161amas apm\u0101c\u012bbas l\u012bdz 2027. gadam. Neraugoties uz objekt\u012bvo nepiecie\u0161am\u012bbu un ambiciozajiem m\u0113r\u0137iem, l\u012bdz\u0161in\u0113jais m\u0113r\u0137is pieaugu\u0161o izgl\u012bt\u012bb\u0101 \u2013 vismaz 15% pieaugu\u0161o piedal\u0101s m\u016b\u017eizgl\u012bt\u012bb\u0101 l\u012bdz 2020. gadam \u2013 nav sasniegts nedz Latvij\u0101, nedz ar\u012b ES kopum\u0101. 2022. gad\u0101 Eirop\u0101 vid\u0113ji tikai 11,9% iedz\u012bvot\u0101ju vecum\u0101 25-64 gadi piedal\u012bj\u0101s m\u0101c\u012bb\u0101s, Latvij\u0101 \u2013 9,7%. Vienlaikus, darba dev\u0113ju un \u0146\u0113m\u0113ju interese pieaug. Saska\u0146\u0101 ar CSP datiem, 2022. gad\u0101 iedz\u012bvot\u0101ju \u012bpatsvars vecum\u0101 no 25 l\u012bdz 64 gadiem,&nbsp;kuri p\u0113d\u0113jo \u010detru ned\u0113\u013cu laik\u0101 pirms aptaujas piedal\u012bju\u0161ies izgl\u012bt\u012bb\u0101, bija pieaudzis no 6,6% 2020. gad\u0101 l\u012bdz&nbsp;9,7%.&nbsp;2022. gad\u0101 par 12,6 procentpunktiem bija pieaudzis ar\u012b&nbsp;nodarbin\u0101to pieaugu\u0161o \u012bpatsvars, kuri piedal\u012bj\u0101s izgl\u012bt\u012bbas proces\u0101 apmaks\u0101to darba stundu laik\u0101 \u2013 no&nbsp;34,9% 2020. gad\u0101 l\u012bdz 47,9%.<\/p>\n","protected":false},"excerpt":{"rendered":"<p>Lai veicin\u0101tu m\u016b\u017eizgl\u012bt\u012bbu, jo \u012bpa\u0161i pied\u0101v\u0101jot elast\u012bgas prasmju pilnveides un p\u0101rkvalifik\u0101cijas iesp\u0113jas visiem, pamatojoties uz darba tirgus vajadz\u012bb\u0101m, atvieglojot karjeras mai\u0146u un sekm\u0113jot profesion\u0101lo mobilit\u0101ti, Ministru kabineta \u0161.g. 25.\u00a0j\u016bnija s\u0113d\u0113 atbalst\u012bta\u00a0jauna ES fonda atbalsta programma nozaru vajadz\u012bb\u0101s balst\u012btai pieaugu\u0161o izgl\u012bt\u012bbai.<\/p>\n","protected":false},"author":1938,"featured_media":23787,"comment_status":"closed","ping_status":"closed","sticky":false,"template":"","format":"standard","meta":{"footnotes":""},"categories":[120,28,47],"tags":[],"_links":{"self":[{"href":"https:\/\/zurnalsiepirkumi.lv\/index.php?rest_route=\/wp\/v2\/posts\/23788"}],"collection":[{"href":"https:\/\/zurnalsiepirkumi.lv\/index.php?rest_route=\/wp\/v2\/posts"}],"about":[{"href":"https:\/\/zurnalsiepirkumi.lv\/index.php?rest_route=\/wp\/v2\/types\/post"}],"author":[{"embeddable":true,"href":"https:\/\/zurnalsiepirkumi.lv\/index.php?rest_route=\/wp\/v2\/users\/1938"}],"replies":[{"embeddable":true,"href":"https:\/\/zurnalsiepirkumi.lv\/index.php?rest_route=%2Fwp%2Fv2%2Fcomments&post=23788"}],"version-history":[{"count":2,"href":"https:\/\/zurnalsiepirkumi.lv\/index.php?rest_route=\/wp\/v2\/posts\/23788\/revisions"}],"predecessor-version":[{"id":23790,"href":"https:\/\/zurnalsiepirkumi.lv\/index.php?rest_route=\/wp\/v2\/posts\/23788\/revisions\/23790"}],"wp:featuredmedia":[{"embeddable":true,"href":"https:\/\/zurnalsiepirkumi.lv\/index.php?rest_route=\/wp\/v2\/media\/23787"}],"wp:attachment":[{"href":"https:\/\/zurnalsiepirkumi.lv\/index.php?rest_route=%2Fwp%2Fv2%2Fmedia&parent=23788"}],"wp:term":[{"taxonomy":"category","embeddable":true,"href":"https:\/\/zurnalsiepirkumi.lv\/index.php?rest_route=%2Fwp%2Fv2%2Fcategories&post=23788"},{"taxonomy":"post_tag","embeddable":true,"href":"https:\/\/zurnalsiepirkumi.lv\/index.php?rest_route=%2Fwp%2Fv2%2Ftags&post=23788"}],"curies":[{"name":"wp","href":"https:\/\/api.w.org\/{rel}","templated":true}]}}