{"id":23768,"date":"2024-06-21T08:11:15","date_gmt":"2024-06-21T06:11:15","guid":{"rendered":"https:\/\/zurnalsiepirkumi.lv\/?p=23768"},"modified":"2024-06-21T08:11:15","modified_gmt":"2024-06-21T06:11:15","slug":"latvija-neatbalsta-zaluma-norazu-direktiva-planoto-parmeriga-administrativa-sloga-uzliksanu-uznemumiem-jo-ipasi-mikrouznemumiem","status":"publish","type":"post","link":"https:\/\/zurnalsiepirkumi.lv\/?p=23768","title":{"rendered":"Latvija neatbalsta Za\u013cuma nor\u0101\u017eu direkt\u012bv\u0101 pl\u0101noto p\u0101rm\u0113r\u012bga administrat\u012bv\u0101 sloga uzlik\u0161anu uz\u0146\u0113mumiem, jo \u012bpa\u0161i mikrouz\u0146\u0113mumiem"},"content":{"rendered":"\n<p>P\u0113c Eiropas Komisijas apl\u0113s\u0113m, aptuveni puse no vis\u0101m za\u013cuma nor\u0101d\u0113m, piem\u0113ram, \u201cEko\u201d, \u201cekolo\u0123isks produkts\u201d, \u201cza\u013c\u0161\u201d, \u201cdabai draudz\u012bgs\u201d, \u201cilgtsp\u0113j\u012bgs\u201d, \u201cklimatam draudz\u012bgs\u201d, Eiropas Savien\u012bbas dal\u012bbvalst\u012bs ir neskaidras, mald\u012bgas vai nepamatotas, un 40% no t\u0101m tiek izmantotas visp\u0101r bez pamatojuma. Tas rada neskaidr\u012bbu pat\u0113r\u0113t\u0101jiem un v\u0101jina tic\u012bbu uz\u0146\u0113mumu paustajiem apgalvojumiem par to produktu ilgtsp\u0113j\u012bbu.<\/p>\n\n\n\n<p>T\u0101p\u0113c Eiropas Komisija sagatavojusi priek\u0161likumu\u00a0Eiropas Parlamenta un Padomes direkt\u012bvai par eksplic\u012btu vidiskuma nor\u0101\u017eu pamato\u0161anu un izdar\u012b\u0161anu (t.s. Za\u013cuma nor\u0101\u017eu direkt\u012bva).<\/p>\n\n\n\n<p>Priek\u0161likuma projekts paredz, ka visiem uz\u0146\u0113mumiem, kas saviem produktiem vai pakalpojumiem izmantos za\u013cuma nor\u0101di, b\u016bs j\u0101iev\u0113ro minim\u0101l\u0101s normas attiec\u012bb\u0101 uz to, k\u0101 \u0161\u0101das nor\u0101des tiek pamatotas un to atbilst\u012bba izteiktajai vides nor\u0101dei \u2013 pazi\u0146ota un dar\u012bta pieejama p\u0101rbaudei. Attiec\u012bgi direkt\u012bvas saturs ir galvenok\u0101rt koncentr\u0113ts uz vides nor\u0101\u017eu pamatojumu un \u0161\u012bs inform\u0101cijas (t.i., apstiprino\u0161u pier\u0101d\u012bjumu) pazi\u0146o\u0161anu un nodro\u0161in\u0101\u0161anu gan pat\u0113r\u0113t\u0101jiem, gan uzraugo\u0161aj\u0101m iest\u0101d\u0113m.<\/p>\n\n\n\n<p>Attiec\u012bb\u0101 uz vides pazi\u0146ojumiem, pl\u0101nots, ka tiem b\u016bs j\u0101atbilst sertifik\u0101cijas sh\u0113m\u0101m, kuras verific\u0113 tre\u0161\u0101 persona un tiem b\u016bs j\u0101b\u016bt neatkar\u012bgi p\u0101rbaud\u012btiem, un \u0161iem pazi\u0146ojumiem cita starp\u0101 b\u016bs j\u0101b\u016bt datos un pier\u0101d\u012bjumos balst\u012btiem, t\u0101d\u0113j\u0101di nodro\u0161inot, ka uz\u0146\u0113muma izteikts apgalvojums par preces vai pakalpojuma\u00a0<em>za\u013cumu<\/em>\u00a0atbilst paties\u012bbai.\u00a0J\u0101min gan, ka at\u0161\u0137ir\u012bb\u0101 no ekodizaina pras\u012bb\u0101m produktiem, kas ir oblig\u0101ti izpild\u0101mas,\u00a0tas, vai uz\u0146\u0113mums izsaka vides apgalvojumus par savu produktu,\u00a0ir uz\u0146\u0113muma br\u012bva izv\u0113le.\u00a0Jaunie nosac\u012bjumi uzliks papildu administrat\u012bvo slogu ar\u012b uzraugo\u0161aj\u0101m iest\u0101d\u0113m, jo pl\u0101nots piem\u0113rot detaliz\u0113tus nosac\u012bjumus uzraudz\u012bbai, s\u016bdz\u012bbu izskat\u012b\u0161anai un sodu piem\u0113ro\u0161anai.<\/p>\n\n\n\n<p>At\u0161\u0137ir\u012bb\u0101 no Eiropas Komisijas s\u0101kotn\u0113j\u0101 priek\u0161likuma, Be\u013c\u0123ijas prezident\u016bras pied\u0101v\u0101jum\u0101 direkt\u012bvas tv\u0113rum\u0101 pl\u0101nots iek\u013caut ar\u012b mikrouz\u0146\u0113mumus, ta\u010du nov\u0113rt\u0113jums par noteikto pras\u012bbu potenci\u0101lo ietekmi uz uz\u0146\u0113mumu darb\u012bbu netika veikts. Direkt\u012bva ar\u012b paredz papildu sodu sist\u0113mas izveidi par pras\u012bbu neiev\u0113ro\u0161anu, lai gan sp\u0113k\u0101 eso\u0161ie Eiropas Savien\u012bbas ties\u012bbu akti, piem\u0113ram Negod\u012bgas komercprakses direkt\u012bva, jau nosaka sodus par apzin\u0101tu pat\u0113r\u0113t\u0101ju maldin\u0101\u0161anu.<\/p>\n\n\n\n<p><strong>Latvija atbalsta pl\u0101not\u0101s direkt\u012bvas m\u0113r\u0137i<\/strong>\u00a0&#8211; ieviest skaidrus noteikumus, kas nodro\u0161in\u0101tu\u00a0pat\u0113r\u0113t\u0101ju aizsardz\u012bbu no za\u013cmaldin\u0101\u0161anas, to ties\u012bbu stiprin\u0101\u0161anu, k\u0101 ar\u012b ilgtsp\u0113j\u012bga pat\u0113ri\u0146a un za\u013c\u0101s aprites ekonomikas veicin\u0101\u0161anu Eiropas Savien\u012bb\u0101.\u00a0Ta\u010du vienlaikus Latvijas uzskata, ka direkt\u012bv\u0101 pied\u0101v\u0101tais risin\u0101jums uzliks p\u0101r\u0101k lielu administrat\u012bvo slogu gan uz\u0146\u0113mumiem, it \u012bpa\u0161i mazajiem un vid\u0113jiem uz\u0146\u0113mumiem un mikrouz\u0146\u0113mumiem, gan uzraugo\u0161\u0101m iest\u0101d\u0113m.<\/p>\n\n\n\n<p>Nav pie\u013caujama prakse papildin\u0101t administrat\u012bvo slogu mazajiem uz\u0146\u0113mumiem, kuri ierobe\u017eoto resursu d\u0113\u013c nereti netiek gal\u0101 ar jau eso\u0161o. Pras\u012bt no mikrouz\u0146\u0113muma t\u0101du pa\u0161u dokumentu un pier\u0101d\u012bjumu kl\u0101stu, k\u0101 no lielaj\u0101m korpor\u0101cij\u0101m, noz\u012bm\u0113 tos nost\u0101d\u012bt izteikti nevienl\u012bdz\u012bgas konkurences situ\u0101cij\u0101 un bremz\u0113t mazo uz\u0146\u0113mumu izaugsmi. Eiropas Savien\u012bba jau \u0161obr\u012bd glob\u0101l\u0101s konkur\u0113tsp\u0113jas zi\u0146\u0101 atpaliek no citiem\u00a0pasaules re\u0123ioniem, un tai dr\u012bz\u0101k ir j\u0101dom\u0101 par birokr\u0101tisk\u0101 sloga mazin\u0101\u0161anu, nevis palielin\u0101\u0161anu,\u201d\u00a0uzsver ekonomikas ministrs Viktors Valainis.<\/p>\n\n\n\n<p>\u0145emot v\u0113r\u0101 min\u0113to, \u0161oned\u0113\u013c Vides ministru padomes s\u0113d\u0113\u00a0Latvija neatbalst\u012bja\u00a0<a href=\"https:\/\/data.consilium.europa.eu\/doc\/document\/ST-11312-2024-INIT\/en\/pdf\" target=\"_blank\" rel=\"noreferrer noopener\">Be\u013c\u0123ijas prezident\u016bras sagatavoto kompromisa tekstu Za\u013cuma nor\u0101\u017eu direkt\u012bvai<\/a>.\u00a0Latvijas viedokli s\u0113d\u0113 pauda klimata un ener\u0123\u0113tikas ministrs Kaspars Melnis; Latvijas poz\u012bciju par min\u0113to direkt\u012bvas projektu sagatavoja Ekonomikas ministrija un apstiprin\u0101ja Ministru kabinets. B\u016btiski uzsv\u0113rt, ka ar\u012b V\u0101cija, Slov\u0101kija, Austrija un It\u0101lija neatbalst\u012bja \u0161o pied\u0101v\u0101jumu, k\u0101 rezult\u0101t\u0101 Be\u013c\u0123ijas prezidaent\u016brai neizdev\u0101s ieg\u016bt dal\u012bbvalstu kvalific\u0113to balsu vair\u0101kumu visp\u0101r\u0113j\u0101s pieejas pan\u0101k\u0161anai.\u00a0S\u0113des laik\u0101 Be\u013c\u0123ijas prezident\u016bra veica groz\u012bjumus direkt\u012bvas tekst\u0101, mikrouz\u0146\u0113mumiem nosakot par asto\u0146iem m\u0113ne\u0161iem v\u0113l\u0101ku pras\u012bbu ievie\u0161anas periodu, kas tai \u013c\u0101va ieg\u016bt It\u0101lijas atbalstu un l\u012bdz ar to ar\u012b nepiecie\u0161amo dal\u012bbvalstu kvalific\u0113to balsu vair\u0101kumu, kas noz\u012bm\u0113 ar\u012b mand\u0101tu t\u0101l\u0101k\u0101m sarun\u0101m ar Eiropas Parlamentu.<\/p>\n\n\n\n<p>Neskatoties uz veiktaj\u0101m izmai\u0146\u0101m, Latvija saglab\u0101ja savu s\u0101kotn\u0113jo nost\u0101ju, jo neguva p\u0101rliec\u012bbu, ka veikt\u0101s izmai\u0146as nov\u0113rs\u012bs ba\u017eas par direkt\u012bvas rad\u012bto administrat\u012bvo slogu.\u00a0Latvija turpin\u0101s akt\u012bvi paust un aizst\u0101v\u0113t Latvijas uz\u0146\u0113mumu intereses t\u0101l\u0101kaj\u0101s sarun\u0101s ar Eiropas Komisiju un Eiropas Parlamentu. \u0145emot v\u0113r\u0101, ka ar\u012b Eiropas Parlamenta priek\u0161likumos mikrouz\u0146\u0113mumi netiek iek\u013cauti direkt\u012bvas tv\u0113rum\u0101, Latvija saglab\u0101 cer\u012bbu, ka gaid\u0101mo trialogu ar Eiropas Parlamentu laik\u0101 izdosies veikt b\u016btiskas izmai\u0146as direkt\u012bvas priek\u0161likuma tekst\u0101 un pan\u0101kt rezult\u0101tu, kas pietiekami \u0146emtu v\u0113r\u0101 gan pat\u0113r\u0113t\u0101ju, gan uz\u0146\u0113mumu, gan tirgus uzraugo\u0161o iest\u0101\u017eu intereses.<\/p>\n","protected":false},"excerpt":{"rendered":"<p>P\u0113c Eiropas Komisijas apl\u0113s\u0113m, aptuveni puse no vis\u0101m za\u013cuma nor\u0101d\u0113m, piem\u0113ram, \u201cEko\u201d, \u201cekolo\u0123isks produkts\u201d, \u201cza\u013c\u0161\u201d, \u201cdabai draudz\u012bgs\u201d, \u201cilgtsp\u0113j\u012bgs\u201d, \u201cklimatam draudz\u012bgs\u201d, Eiropas Savien\u012bbas dal\u012bbvalst\u012bs ir neskaidras, mald\u012bgas vai nepamatotas, un 40% no t\u0101m tiek izmantotas visp\u0101r bez pamatojuma. <\/p>\n","protected":false},"author":1938,"featured_media":23767,"comment_status":"closed","ping_status":"closed","sticky":false,"template":"","format":"standard","meta":{"footnotes":""},"categories":[71,401],"tags":[],"_links":{"self":[{"href":"https:\/\/zurnalsiepirkumi.lv\/index.php?rest_route=\/wp\/v2\/posts\/23768"}],"collection":[{"href":"https:\/\/zurnalsiepirkumi.lv\/index.php?rest_route=\/wp\/v2\/posts"}],"about":[{"href":"https:\/\/zurnalsiepirkumi.lv\/index.php?rest_route=\/wp\/v2\/types\/post"}],"author":[{"embeddable":true,"href":"https:\/\/zurnalsiepirkumi.lv\/index.php?rest_route=\/wp\/v2\/users\/1938"}],"replies":[{"embeddable":true,"href":"https:\/\/zurnalsiepirkumi.lv\/index.php?rest_route=%2Fwp%2Fv2%2Fcomments&post=23768"}],"version-history":[{"count":2,"href":"https:\/\/zurnalsiepirkumi.lv\/index.php?rest_route=\/wp\/v2\/posts\/23768\/revisions"}],"predecessor-version":[{"id":23770,"href":"https:\/\/zurnalsiepirkumi.lv\/index.php?rest_route=\/wp\/v2\/posts\/23768\/revisions\/23770"}],"wp:featuredmedia":[{"embeddable":true,"href":"https:\/\/zurnalsiepirkumi.lv\/index.php?rest_route=\/wp\/v2\/media\/23767"}],"wp:attachment":[{"href":"https:\/\/zurnalsiepirkumi.lv\/index.php?rest_route=%2Fwp%2Fv2%2Fmedia&parent=23768"}],"wp:term":[{"taxonomy":"category","embeddable":true,"href":"https:\/\/zurnalsiepirkumi.lv\/index.php?rest_route=%2Fwp%2Fv2%2Fcategories&post=23768"},{"taxonomy":"post_tag","embeddable":true,"href":"https:\/\/zurnalsiepirkumi.lv\/index.php?rest_route=%2Fwp%2Fv2%2Ftags&post=23768"}],"curies":[{"name":"wp","href":"https:\/\/api.w.org\/{rel}","templated":true}]}}