{"id":23663,"date":"2024-06-06T12:42:14","date_gmt":"2024-06-06T10:42:14","guid":{"rendered":"https:\/\/zurnalsiepirkumi.lv\/?p=23663"},"modified":"2024-06-06T12:42:14","modified_gmt":"2024-06-06T10:42:14","slug":"nodalot-dabas-un-vides-aizsardzibas-jomas-varam-no-1-julija-sauks-par-viedas-administracijas-un-regionalas-attistibas-ministriju","status":"publish","type":"post","link":"https:\/\/zurnalsiepirkumi.lv\/?p=23663","title":{"rendered":"Nodalot dabas un vides aizsardz\u012bbas jomas, VARAM no 1.j\u016blija sauks par Vied\u0101s administr\u0101cijas un re\u0123ion\u0101l\u0101s att\u012bst\u012bbas ministriju"},"content":{"rendered":"\n<p>Lai reorganiz\u0113tu Vides aizsardz\u012bbas un re\u0123ion\u0101l\u0101s att\u012bst\u012bbas ministriju (VARAM) un Klimata un ener\u0123\u0113tikas ministriju (KEM), Saeima ceturtdien, 6.j\u016bnij\u0101, gal\u012bgaj\u0101 las\u012bjum\u0101 pie\u0146\u0113ma&nbsp;<a href=\"https:\/\/titania.saeima.lv\/LIVS14\/saeimalivs14.nsf\/webSasaiste?OpenView&amp;restricttocategory=606\/Lp14\" target=\"_blank\" rel=\"noreferrer noopener\">groz\u012bjumus<\/a>&nbsp;Ministru kabineta iek\u0101rtas likum\u0101. Izmai\u0146as paredz, ka VARAM no 1.j\u016blija sauks par Vied\u0101s administr\u0101cijas un re\u0123ion\u0101l\u0101s att\u012bst\u012bbas ministriju.<\/p>\n\n\n\n<p>Izmai\u0146as nepiecie\u0161amas, lai nodal\u012btu dabas un vides aizsardz\u012bbas jomas. KEM p\u0101r\u0146ems vides aizsardz\u012bbu, savuk\u0101rt VARAM paliks dabas aizsardz\u012bbas joma.<\/p>\n\n\n\n<p>Ministrijas jaun\u0101 nosaukuma izv\u0113le ir gan simboliska, uzsverot Latviju k\u0101 modernu un digit\u0101li orient\u0113tu valsti, gan ar\u012b praktiska, nor\u0101dot uz ministrijas uzdevumu \u2013 veicin\u0101t valsts digit\u0101lo att\u012bst\u012bbu un nodro\u0161in\u0101t efekt\u012bvu pakalpojumu snieg\u0161anu iedz\u012bvot\u0101jiem un uz\u0146\u0113m\u0113jiem digit\u0101laj\u0101 vid\u0113, uzsv\u0113ru\u0161i likumprojekta autori.<\/p>\n\n\n\n<p>P\u0113c reorganiz\u0101cijas VARAM p\u0101rzi\u0146\u0101 b\u016bs t\u0101das jomas k\u0101 dabas aizsardz\u012bba, re\u0123ion\u0101l\u0101 att\u012bst\u012bba, pa\u0161vald\u012bbu att\u012bst\u012bba un p\u0101rraudz\u012bba, teritorijas att\u012bst\u012bbas pl\u0101no\u0161ana, zemes un valsts p\u0101rvaldes pakalpojumu p\u0101rvald\u012bba, inform\u0101cijas sabiedr\u012bbas un digit\u0101l\u0101s transform\u0101cijas att\u012bst\u012bbas pl\u0101no\u0161ana, koordin\u0101cija un p\u0101rvald\u012bba, k\u0101 ar\u012b valsts p\u0101rvaldes digit\u0101lo tehnolo\u0123iju p\u0101rvald\u012bba, nor\u0101d\u012bju\u0161i likumprojekta autori.<\/p>\n\n\n\n<p>Likuma groz\u012bjumi ar\u012b paredz, ka Ministru kabinets l\u012bdz 2028.gada 1.j\u016blijam izstr\u0101d\u0101s un iesniegs Saeimai likumprojektus par nepiecie\u0161amajiem groz\u012bjumiem citos likumos, kas saist\u012bti ar vied\u0101s administr\u0101cijas un re\u0123ion\u0101l\u0101s att\u012bst\u012bbas ministra kompetenci un funkcij\u0101m.<\/p>\n","protected":false},"excerpt":{"rendered":"<p>Lai reorganiz\u0113tu Vides aizsardz\u012bbas un re\u0123ion\u0101l\u0101s att\u012bst\u012bbas ministriju (VARAM) un Klimata un ener\u0123\u0113tikas ministriju (KEM), Saeima ceturtdien, 6.j\u016bnij\u0101, gal\u012bgaj\u0101 las\u012bjum\u0101 pie\u0146\u0113ma\u00a0groz\u012bjumus\u00a0Ministru kabineta iek\u0101rtas likum\u0101. Izmai\u0146as paredz, ka VARAM no 1.j\u016blija sauks par Vied\u0101s administr\u0101cijas un re\u0123ion\u0101l\u0101s att\u012bst\u012bbas ministriju.<\/p>\n","protected":false},"author":1938,"featured_media":23662,"comment_status":"closed","ping_status":"closed","sticky":false,"template":"","format":"standard","meta":{"footnotes":""},"categories":[71],"tags":[],"_links":{"self":[{"href":"https:\/\/zurnalsiepirkumi.lv\/index.php?rest_route=\/wp\/v2\/posts\/23663"}],"collection":[{"href":"https:\/\/zurnalsiepirkumi.lv\/index.php?rest_route=\/wp\/v2\/posts"}],"about":[{"href":"https:\/\/zurnalsiepirkumi.lv\/index.php?rest_route=\/wp\/v2\/types\/post"}],"author":[{"embeddable":true,"href":"https:\/\/zurnalsiepirkumi.lv\/index.php?rest_route=\/wp\/v2\/users\/1938"}],"replies":[{"embeddable":true,"href":"https:\/\/zurnalsiepirkumi.lv\/index.php?rest_route=%2Fwp%2Fv2%2Fcomments&post=23663"}],"version-history":[{"count":2,"href":"https:\/\/zurnalsiepirkumi.lv\/index.php?rest_route=\/wp\/v2\/posts\/23663\/revisions"}],"predecessor-version":[{"id":23665,"href":"https:\/\/zurnalsiepirkumi.lv\/index.php?rest_route=\/wp\/v2\/posts\/23663\/revisions\/23665"}],"wp:featuredmedia":[{"embeddable":true,"href":"https:\/\/zurnalsiepirkumi.lv\/index.php?rest_route=\/wp\/v2\/media\/23662"}],"wp:attachment":[{"href":"https:\/\/zurnalsiepirkumi.lv\/index.php?rest_route=%2Fwp%2Fv2%2Fmedia&parent=23663"}],"wp:term":[{"taxonomy":"category","embeddable":true,"href":"https:\/\/zurnalsiepirkumi.lv\/index.php?rest_route=%2Fwp%2Fv2%2Fcategories&post=23663"},{"taxonomy":"post_tag","embeddable":true,"href":"https:\/\/zurnalsiepirkumi.lv\/index.php?rest_route=%2Fwp%2Fv2%2Ftags&post=23663"}],"curies":[{"name":"wp","href":"https:\/\/api.w.org\/{rel}","templated":true}]}}