{"id":23626,"date":"2024-05-30T13:44:36","date_gmt":"2024-05-30T11:44:36","guid":{"rendered":"https:\/\/zurnalsiepirkumi.lv\/?p=23626"},"modified":"2024-05-30T13:44:36","modified_gmt":"2024-05-30T11:44:36","slug":"plano-reorganizet-varam-un-kem-nodalot-dabas-un-vides-aizsardzibas-jomas","status":"publish","type":"post","link":"https:\/\/zurnalsiepirkumi.lv\/?p=23626","title":{"rendered":"Pl\u0101no reorganiz\u0113t VARAM un KEM, nodalot dabas un vides aizsardz\u012bbas jomas"},"content":{"rendered":"\n<p><strong>\u00a0<\/strong><\/p>\n\n\n\n<p>Lai reorganiz\u0113tu Vides aizsardz\u012bbas un re\u0123ion\u0101l\u0101s att\u012bst\u012bbas (VARAM) un Klimata un ener\u0123\u0113tikas ministrijas (KEM), Saeima ceturtdien, 30.maij\u0101, konceptu\u0101li atbalst\u012bja\u00a0<a href=\"https:\/\/titania.saeima.lv\/LIVS14\/saeimalivs14.nsf\/webSasaiste?OpenView&amp;restricttocategory=606\/Lp14\" target=\"_blank\" rel=\"noreferrer noopener\">groz\u012bjumus<\/a>\u00a0Ministru kabineta iek\u0101rtas likum\u0101. Izmai\u0146as paredz VARAM citu nosaukumu, un ministrija pied\u0101v\u0101 to main\u012bt uz Vied\u0101s administr\u0101cijas un re\u0123ion\u0101l\u0101s att\u012bst\u012bbas ministriju. Saeima \u0161im likumprojektam noteica steidzam\u012bbu.<\/p>\n\n\n\n<p>\u201cKomisijas s\u0113d\u0113 gan aicin\u0101j\u0101m ministrijai padom\u0101t par v\u0101rdu \u201cadministr\u0101cija\u201d, kas jaunaj\u0101 nosaukum\u0101 \u0161\u0137iet mulsino\u0161i, un uz to nor\u0101d\u012bja ar\u012b deput\u0101ti,\u201d iepriek\u0161 pauda par likumprojektu atbild\u012bg\u0101s Valsts p\u0101rvaldes un pa\u0161vald\u012bbas komisijas priek\u0161s\u0113d\u0113t\u0101js O\u013cegs Burovs, piebilstot, ka pie \u0161\u012bm diskusij\u0101m deput\u0101ti v\u0113l atgriez\u012bsies.<\/p>\n\n\n\n<p>Izmai\u0146as nepiecie\u0161amas, lai nodal\u012btu dabas un vides aizsardz\u012bbas jomas. Pl\u0101nots, ka KEM p\u0101r\u0146ems vides aizsardz\u012bbu, savuk\u0101rt VARAM paliks dabas aizsardz\u012bbas joma.<\/p>\n\n\n\n<p>Ministrijas jaun\u0101 nosaukuma izv\u0113le ir gan simboliska, uzsverot Latviju k\u0101 modernu un digit\u0101li orient\u0113tu valsti, gan ar\u012b praktiska, nor\u0101dot uz ministrijas uzdevumu &#8211; veicin\u0101t valsts digit\u0101lo att\u012bst\u012bbu un nodro\u0161in\u0101t efekt\u012bvu pakalpojumu snieg\u0161anu iedz\u012bvot\u0101jiem un uz\u0146\u0113m\u0113jiem digit\u0101laj\u0101 vid\u0113, uzsv\u0113ru\u0161i likumprojekta autori.<\/p>\n\n\n\n<p>P\u0113c reorganiz\u0101cijas VARAM p\u0101rzi\u0146\u0101 b\u016bs t\u0101das jomas k\u0101 dabas aizsardz\u012bba, re\u0123ion\u0101l\u0101 att\u012bst\u012bba, pa\u0161vald\u012bbu att\u012bst\u012bba un p\u0101rraudz\u012bba, teritorijas att\u012bst\u012bbas pl\u0101no\u0161ana, zemes un valsts p\u0101rvaldes pakalpojumu p\u0101rvald\u012bba, inform\u0101cijas sabiedr\u012bbas un digit\u0101l\u0101s transform\u0101cijas att\u012bst\u012bbas pl\u0101no\u0161ana, koordin\u0101cija un p\u0101rvald\u012bba, k\u0101 ar\u012b valsts p\u0101rvaldes digit\u0101lo tehnolo\u0123iju p\u0101rvald\u012bba, nor\u0101d\u012bju\u0161i likumprojekta autori.<\/p>\n\n\n\n<p>Likuma groz\u012bjumi ar\u012b paredz, ka Ministru kabinets l\u012bdz 2028.gada 1.j\u016blijam izstr\u0101d\u0101s un iesniegs Saeimai likumprojektus par nepiecie\u0161amajiem groz\u012bjumiem citos likumos, kas saist\u012bti ar vied\u0101s administr\u0101cijas un re\u0123ion\u0101l\u0101s att\u012bst\u012bbas ministra kompetenci un funkcij\u0101m.<\/p>\n\n\n\n<p>Pl\u0101nots, ka izmai\u0146as st\u0101sies sp\u0113k\u0101 1.j\u016blij\u0101. Lai groz\u012bjumi st\u0101tos sp\u0113k\u0101, tie v\u0113l gala\u012bgaj\u0101 las\u012bjum\u0101 j\u0101pie\u0146em Saeimai.<\/p>\n","protected":false},"excerpt":{"rendered":"<p>Lai reorganiz\u0113tu Vides aizsardz\u012bbas un re\u0123ion\u0101l\u0101s att\u012bst\u012bbas (VARAM) un Klimata un ener\u0123\u0113tikas ministrijas (KEM), Saeima ceturtdien, 30.maij\u0101, konceptu\u0101li atbalst\u012bja\u00a0groz\u012bjumus\u00a0Ministru kabineta iek\u0101rtas likum\u0101. <\/p>\n","protected":false},"author":1938,"featured_media":23625,"comment_status":"closed","ping_status":"closed","sticky":false,"template":"","format":"standard","meta":{"footnotes":""},"categories":[71],"tags":[],"_links":{"self":[{"href":"https:\/\/zurnalsiepirkumi.lv\/index.php?rest_route=\/wp\/v2\/posts\/23626"}],"collection":[{"href":"https:\/\/zurnalsiepirkumi.lv\/index.php?rest_route=\/wp\/v2\/posts"}],"about":[{"href":"https:\/\/zurnalsiepirkumi.lv\/index.php?rest_route=\/wp\/v2\/types\/post"}],"author":[{"embeddable":true,"href":"https:\/\/zurnalsiepirkumi.lv\/index.php?rest_route=\/wp\/v2\/users\/1938"}],"replies":[{"embeddable":true,"href":"https:\/\/zurnalsiepirkumi.lv\/index.php?rest_route=%2Fwp%2Fv2%2Fcomments&post=23626"}],"version-history":[{"count":2,"href":"https:\/\/zurnalsiepirkumi.lv\/index.php?rest_route=\/wp\/v2\/posts\/23626\/revisions"}],"predecessor-version":[{"id":23628,"href":"https:\/\/zurnalsiepirkumi.lv\/index.php?rest_route=\/wp\/v2\/posts\/23626\/revisions\/23628"}],"wp:featuredmedia":[{"embeddable":true,"href":"https:\/\/zurnalsiepirkumi.lv\/index.php?rest_route=\/wp\/v2\/media\/23625"}],"wp:attachment":[{"href":"https:\/\/zurnalsiepirkumi.lv\/index.php?rest_route=%2Fwp%2Fv2%2Fmedia&parent=23626"}],"wp:term":[{"taxonomy":"category","embeddable":true,"href":"https:\/\/zurnalsiepirkumi.lv\/index.php?rest_route=%2Fwp%2Fv2%2Fcategories&post=23626"},{"taxonomy":"post_tag","embeddable":true,"href":"https:\/\/zurnalsiepirkumi.lv\/index.php?rest_route=%2Fwp%2Fv2%2Ftags&post=23626"}],"curies":[{"name":"wp","href":"https:\/\/api.w.org\/{rel}","templated":true}]}}