{"id":23614,"date":"2024-05-28T08:51:37","date_gmt":"2024-05-28T06:51:37","guid":{"rendered":"https:\/\/zurnalsiepirkumi.lv\/?p=23614"},"modified":"2024-05-28T08:51:37","modified_gmt":"2024-05-28T06:51:37","slug":"pienemta-pirma-starptautiska-konvencija-par-maksligo-intelektu-un-pamattiesibam","status":"publish","type":"post","link":"https:\/\/zurnalsiepirkumi.lv\/?p=23614","title":{"rendered":"Pie\u0146emta pirm\u0101 starptautisk\u0101 konvencija par m\u0101ksl\u012bgo intelektu un pamatties\u012bb\u0101m"},"content":{"rendered":"\n<p>Eiropas Padome ir pie\u0146\u0113musi pirmo starptautisko un juridiski saisto\u0161o konvenciju, kuras m\u0113r\u0137is ir nodro\u0161in\u0101t cilv\u0113kties\u012bbu, tiesiskuma un demokr\u0101tijas tiesisko standartu iev\u0113ro\u0161anu m\u0101ksl\u012bg\u0101 intelekta sist\u0113mu izmanto\u0161an\u0101. Konvencijas par m\u0101ksl\u012bgo intelektu un cilv\u0113ku ties\u012bb\u0101m, demokr\u0101tiju un tiesiskumu\u00a0<a href=\"https:\/\/rm.coe.int\/1680afae3c\" target=\"_blank\" rel=\"noreferrer noopener\">(The Framework Convention on Artificial Intelligence, Human Rights, Democracy and the Rule of Law)<\/a>\u00a0izstr\u0101d\u0113 un satura anal\u012bz\u0113 piedal\u012bj\u0101s Vides aizsardz\u012bbas un re\u0123ion\u0101l\u0101s att\u012bst\u012bbas ministrijas (VARAM) eksperti.\u00a0<\/p>\n\n\n\n<p>Konvencijai, kurai var pievienoties ar\u012b valstis \u0101rpus Eiropas, ir izkl\u0101st\u012bts tiesiskais regul\u0113jums, kas aptver visu m\u0101ksl\u012bg\u0101 intelekta sist\u0113mu dz\u012bves ciklu un risina riskus, ko t\u0101s var rad\u012bt. Vienlaikus tiek ar\u012b dom\u0101ts par inov\u0101ciju att\u012bst\u012bbu. Konvencij\u0101 ir ietverta uz risku balst\u012bta pieeja m\u0101ksl\u012bg\u0101 intelekta sist\u0113mu projekt\u0113\u0161anai, izstr\u0101dei, izmanto\u0161anai un ekspluat\u0101cijas p\u0101rtrauk\u0161anai, kas prasa r\u016bp\u012bgi apsv\u0113rt visas iesp\u0113jam\u0101s negat\u012bv\u0101s sekas, ko var rad\u012bt m\u0101ksl\u012bg\u0101 intelekta sist\u0113mu izmanto\u0161ana.&nbsp;<\/p>\n\n\n\n<p>Konvencija attiecas uz m\u0101ksl\u012bg\u0101 intelekta sist\u0113mu izmanto\u0161anu publiskaj\u0101 un priv\u0101taj\u0101 sektor\u0101. Taj\u0101 ir noteiktas p\u0101rraudz\u012bbas pras\u012bbas, kas piel\u0101gotas konkr\u0113tiem riskiem, tostarp identific\u0113jot m\u0101ksl\u012bg\u0101 intelekta sist\u0113mu rad\u012bto saturu. Pus\u0113m b\u016bs j\u0101pie\u0146em pas\u0101kumi, lai identific\u0113tu, nov\u0113rt\u0113tu, nov\u0113rstu un mazin\u0101tu iesp\u0113jamos riskus un izv\u0113rt\u0113tu nepiecie\u0161am\u012bbu noteikt valstu vieno\u0161an\u0101s, aizliegumu vai citus piem\u0113rotus pas\u0101kumus attiec\u012bb\u0101 uz m\u0101ksl\u012bg\u0101 intelekta sist\u0113mu izmanto\u0161anu, ja to riski var b\u016bt nesader\u012bgi ar cilv\u0113kties\u012bbu standartiem. T\u0101m b\u016bs j\u0101nodro\u0161ina, ka m\u0101ksl\u012bg\u0101 intelekta sist\u0113m\u0101s tiek iev\u0113rota vienl\u012bdz\u012bba, tostarp dzimumu l\u012bdzties\u012bba, diskrimin\u0101cijas aizliegums un ties\u012bbas uz priv\u0101tumu.&nbsp;<\/p>\n\n\n\n<p>Papildus j\u0101min, ka Eiropas Parlaments 2024. gada 13. mart\u0101 atbalst\u012bja priek\u0161likumu Eiropas Parlamenta un Padomes regulai, kas nosaka saska\u0146otas normas m\u0101ksl\u012bg\u0101 intelekta jom\u0101 (<a href=\"https:\/\/www.varam.gov.lv\/lv\/jaunums\/varam-maksliga-intelekta-akts-solis-preti-uzticama-maksliga-intelekta-attistibai\" rel=\"noreferrer noopener\" target=\"_blank\">m\u0101ksl\u012bg\u0101 intelekta akts<\/a>), kas ir saska\u0146ots sav\u0101 b\u016bt\u012bb\u0101 ar m\u0101ksl\u012bg\u0101 intelekta konvenciju. Par m\u0101ksl\u012bg\u0101 intelekta akta ievie\u0161anas vad\u012bbu atbild VARAM, kas \u0161obr\u012bd, sadarb\u012bb\u0101 ar iesaist\u012btaj\u0101m iest\u0101d\u0113m str\u0101d\u0101 pie p\u0101rvald\u012bbas ietvara izstr\u0101des.&nbsp;<\/p>\n\n\n\n<p>Konvencijas izstr\u0101de ilga divus gadus, M\u0101ksl\u012bg\u0101 intelekta komitej\u0101 sadarbojoties 46 Eiropas Padomes dal\u012bbvalst\u012bm, Eiropas Savien\u012bbas (ES) dal\u012bbvalst\u012bm un 11 valst\u012bm, kas nav ES dal\u012bbvalstis (Argent\u012bnu, Austr\u0101liju,&nbsp; Kan\u0101du, Kostariku, Sv\u0113to Kr\u0113slu, Izra\u0113lu, Jap\u0101nu, Meksiku,&nbsp; Peru, Amerikas Savienot\u0101s Valstis un Urugvaju), k\u0101 ar\u012b priv\u0101t\u0101 sektora, pilsonisk\u0101s sabiedr\u012bbas un akad\u0113misk\u0101s vides p\u0101rst\u0101vjus, kas piedal\u012bj\u0101s k\u0101 nov\u0113rot\u0101ji.&nbsp;<\/p>\n\n\n\n<p>M\u0101ksl\u012bg\u0101 intelekta konvenciju pl\u0101nots parakst\u012bt 5. septembr\u012b Vi\u013c\u0146\u0101, Lietuv\u0101.&nbsp;&nbsp;<\/p>\n","protected":false},"excerpt":{"rendered":"<p>Eiropas Padome ir pie\u0146\u0113musi pirmo starptautisko un juridiski saisto\u0161o konvenciju, kuras m\u0113r\u0137is ir nodro\u0161in\u0101t cilv\u0113kties\u012bbu, tiesiskuma un demokr\u0101tijas tiesisko standartu iev\u0113ro\u0161anu m\u0101ksl\u012bg\u0101 intelekta sist\u0113mu izmanto\u0161an\u0101.<\/p>\n","protected":false},"author":1938,"featured_media":23613,"comment_status":"closed","ping_status":"closed","sticky":false,"template":"","format":"standard","meta":{"footnotes":""},"categories":[71],"tags":[],"_links":{"self":[{"href":"https:\/\/zurnalsiepirkumi.lv\/index.php?rest_route=\/wp\/v2\/posts\/23614"}],"collection":[{"href":"https:\/\/zurnalsiepirkumi.lv\/index.php?rest_route=\/wp\/v2\/posts"}],"about":[{"href":"https:\/\/zurnalsiepirkumi.lv\/index.php?rest_route=\/wp\/v2\/types\/post"}],"author":[{"embeddable":true,"href":"https:\/\/zurnalsiepirkumi.lv\/index.php?rest_route=\/wp\/v2\/users\/1938"}],"replies":[{"embeddable":true,"href":"https:\/\/zurnalsiepirkumi.lv\/index.php?rest_route=%2Fwp%2Fv2%2Fcomments&post=23614"}],"version-history":[{"count":2,"href":"https:\/\/zurnalsiepirkumi.lv\/index.php?rest_route=\/wp\/v2\/posts\/23614\/revisions"}],"predecessor-version":[{"id":23616,"href":"https:\/\/zurnalsiepirkumi.lv\/index.php?rest_route=\/wp\/v2\/posts\/23614\/revisions\/23616"}],"wp:featuredmedia":[{"embeddable":true,"href":"https:\/\/zurnalsiepirkumi.lv\/index.php?rest_route=\/wp\/v2\/media\/23613"}],"wp:attachment":[{"href":"https:\/\/zurnalsiepirkumi.lv\/index.php?rest_route=%2Fwp%2Fv2%2Fmedia&parent=23614"}],"wp:term":[{"taxonomy":"category","embeddable":true,"href":"https:\/\/zurnalsiepirkumi.lv\/index.php?rest_route=%2Fwp%2Fv2%2Fcategories&post=23614"},{"taxonomy":"post_tag","embeddable":true,"href":"https:\/\/zurnalsiepirkumi.lv\/index.php?rest_route=%2Fwp%2Fv2%2Ftags&post=23614"}],"curies":[{"name":"wp","href":"https:\/\/api.w.org\/{rel}","templated":true}]}}