{"id":23579,"date":"2024-05-21T14:24:24","date_gmt":"2024-05-21T12:24:24","guid":{"rendered":"https:\/\/zurnalsiepirkumi.lv\/?p=23579"},"modified":"2024-05-21T14:24:24","modified_gmt":"2024-05-21T12:24:24","slug":"1-julija-tiks-pardeveta-vides-aizsardzibas-un-regionalas-attistibas-ministrija","status":"publish","type":"post","link":"https:\/\/zurnalsiepirkumi.lv\/?p=23579","title":{"rendered":"1.j\u016blij\u0101 tiks p\u0101rd\u0113v\u0113ta Vides aizsardz\u012bbas un re\u0123ion\u0101l\u0101s att\u012bst\u012bbas ministrija"},"content":{"rendered":"\n<p>Ministru kabineta s\u0113d\u0113 l\u0113ma par groz\u012bjumiem Ministru kabineta iek\u0101rtas likum\u0101, Vides aizsardz\u012bbas un re\u0123ion\u0101l\u0101s att\u012bst\u012bbas ministrijas nosaukumu ar 1.j\u016bliju mainot uz\u00a0Vied\u0101s administr\u0101cijas\u00a0un re\u0123ion\u0101l\u0101s att\u012bst\u012bbas ministriju.\u00a0Gala l\u0113mums ir j\u0101pie\u0146em Saeimai.<\/p>\n\n\n\n<p>Ministrijas nosaukums tiks main\u012bts, \u0146emot v\u0113r\u0101&nbsp; Vides aizsardz\u012bbas un re\u0123ion\u0101l\u0101s att\u012bst\u012bbas ministrijas (VARAM)&nbsp; un Klimata un ener\u0123\u0113tikas ministrijas (KEM) gaid\u0101mo reorganiz\u0101ciju.<\/p>\n\n\n\n<p>Vald\u012bba r\u012bc\u012bbas pl\u0101na ietvaros ir ap\u0146\u0113musies pan\u0101kt Latvijas saist\u012bbu izpildi klimata un ener\u0123\u0113tikas, vides aizsardz\u012bbas un dabas resursu p\u0101rvald\u012bbas m\u0113r\u0137u sasnieg\u0161an\u0101. Atjaunot dabas resursus, lai c\u012bn\u012btos pret klimata p\u0101rmai\u0146\u0101m un saglab\u0101tu Latvijas dabas v\u0113rt\u012bbas un biolo\u0123isko daudzveid\u012bbu ar\u012b n\u0101kamaj\u0101m paaudz\u0113m.&nbsp; Min\u0113t\u0101 uzdevuma ietvaros, cita starp\u0101 l\u012bdz 2024.gada 30.j\u016bnijam j\u0101veic vides aizsardz\u012bbas politikas jomas, iz\u0146emot dabas aizsardz\u012bbas, un ar to saist\u012bto funkciju un attiec\u012bg\u0101 person\u0101la, ties\u012bbu, saist\u012bbu, mantas un bud\u017eeta programmu p\u0101rcel\u0161anu no VARAM uz KEM.<\/p>\n\n\n\n<p>Jaunais nosaukums \u2013 Vied\u0101s administr\u0101cijas&nbsp;un re\u0123ion\u0101l\u0101s att\u012bst\u012bbas ministrija \u2013 atspogu\u013co iest\u0101des digit\u0101l\u0101s transform\u0101cijas jomas kompetenci. Ministrijas nosaukums ir svar\u012bgs elements, kas atspogu\u013co valsts vai vald\u012bbas priorit\u0101tes un virzienus. \u0160odienas digit\u0101laj\u0101 laikmet\u0101 digit\u0101l\u0101 transform\u0101cija ir k\u013cuvusi par b\u016btisku jaut\u0101jumu vis\u0101s valsts jom\u0101s. No ekonomikas un izgl\u012bt\u012bbas l\u012bdz vesel\u012bbas apr\u016bpei un valsts p\u0101rvaldes pakalpojumiem, digit\u0101l\u0101s tehnolo\u0123ijas ietekm\u0113 un veido m\u016bsu ikdienu. Turkl\u0101t p\u0113c VARAM un KEM reorganiz\u0101cijas, VARAM b\u016bs vado\u0161\u0101 valsts p\u0101rvaldes iest\u0101de&nbsp;t\u0101d\u0101s jom\u0101s k\u0101 dabas aizsardz\u012bba, re\u0123ion\u0101l\u0101 att\u012bst\u012bba, pa\u0161vald\u012bbu att\u012bst\u012bba un p\u0101rraudz\u012bba,&nbsp;teritorijas att\u012bst\u012bbas pl\u0101no\u0161ana un zemes p\u0101rvald\u012bba, valsts p\u0101rvaldes pakalpojumu p\u0101rvald\u012bba, inform\u0101cijas sabiedr\u012bbas un digit\u0101l\u0101s transform\u0101cijas att\u012bst\u012bbas pl\u0101no\u0161ana, koordin\u0101cija un p\u0101rvald\u012bba, k\u0101 ar\u012b valsts p\u0101rvaldes digit\u0101lo tehnolo\u0123iju p\u0101rvald\u012bba.&nbsp;&nbsp;<\/p>\n\n\n\n<p>Ministrijas nosaukuma &#8220;Vied\u0101s administr\u0101cijas un re\u0123ion\u0101l\u0101s att\u012bst\u012bbas ministrija&#8221; izv\u0113le b\u016btu gan pamatota, gan v\u0113rt\u012bga. V\u0101rds &#8220;vied\u0101&#8221; ir cie\u0161i saist\u012bts ar digit\u0101lo transform\u0101ciju, simboliz\u0113jot tehnolo\u0123isko progresu un inov\u0101cijas. Apz\u012bm\u0113jums atspogu\u013co ar digit\u0101lo tehnolo\u0123iju apr\u012bkotu vidi, k\u0101 ar\u012b p\u0101reju uz savienot\u0101m, efekt\u012bv\u0101m un uz n\u0101kotni v\u0113rst\u0101m sist\u0113m\u0101m un infrastrukt\u016bru, kas pilnveido sabiedr\u012bbas sadz\u012bvi un uz\u0146\u0113m\u0113jdarb\u012bbu.<\/p>\n\n\n\n<p>Jaun\u0101 ministrijas nosaukuma izv\u0113le b\u016btu gan simboliska, gan ar\u012b praktiska, nor\u0101dot uz ministrijas uzdevumu &#8211; veicin\u0101t valsts digit\u0101lo att\u012bst\u012bbu un nodro\u0161in\u0101t efekt\u012bvu pakalpojumu snieg\u0161anu iedz\u012bvot\u0101jiem un uz\u0146\u0113m\u0113jiem digit\u0101laj\u0101 vid\u0113.<\/p>\n\n\n\n<p><br>Iev\u0113rot to, ka reorganiz\u0101cijas ietvaros tiks nodal\u012btas dabas un vides aizsardz\u012bbas jomas,&nbsp;nodro\u0161inot, ka dabas aizsardz\u012bba sa\u0146emtu specifisku uzman\u012bbu un l\u012bdzek\u013cus dabas resursu saglab\u0101\u0161anai un biolo\u0123isk\u0101s daudzveid\u012bbas aizsardz\u012bbai, Vied\u0101s administr\u0101cijas un re\u0123ion\u0101l\u0101s att\u012bst\u012bbas ministrija tiks noteikta k\u0101 vado\u0161\u0101 valsts p\u0101rvaldes iest\u0101de dabas aizsardz\u012bbas jom\u0101. Savuk\u0101rt KEM tiks noteikta k\u0101 vado\u0161\u0101 valsts p\u0101rvaldes iest\u0101de vides aizsardz\u012bbas jom\u0101.<\/p>\n","protected":false},"excerpt":{"rendered":"<p>Ministru kabineta s\u0113d\u0113 l\u0113ma par groz\u012bjumiem Ministru kabineta iek\u0101rtas likum\u0101, Vides aizsardz\u012bbas un re\u0123ion\u0101l\u0101s att\u012bst\u012bbas ministrijas nosaukumu ar 1.j\u016bliju mainot uz\u00a0Vied\u0101s administr\u0101cijas\u00a0un re\u0123ion\u0101l\u0101s att\u012bst\u012bbas ministriju.<\/p>\n","protected":false},"author":1936,"featured_media":23582,"comment_status":"closed","ping_status":"closed","sticky":false,"template":"","format":"standard","meta":{"footnotes":""},"categories":[48],"tags":[],"_links":{"self":[{"href":"https:\/\/zurnalsiepirkumi.lv\/index.php?rest_route=\/wp\/v2\/posts\/23579"}],"collection":[{"href":"https:\/\/zurnalsiepirkumi.lv\/index.php?rest_route=\/wp\/v2\/posts"}],"about":[{"href":"https:\/\/zurnalsiepirkumi.lv\/index.php?rest_route=\/wp\/v2\/types\/post"}],"author":[{"embeddable":true,"href":"https:\/\/zurnalsiepirkumi.lv\/index.php?rest_route=\/wp\/v2\/users\/1936"}],"replies":[{"embeddable":true,"href":"https:\/\/zurnalsiepirkumi.lv\/index.php?rest_route=%2Fwp%2Fv2%2Fcomments&post=23579"}],"version-history":[{"count":2,"href":"https:\/\/zurnalsiepirkumi.lv\/index.php?rest_route=\/wp\/v2\/posts\/23579\/revisions"}],"predecessor-version":[{"id":23583,"href":"https:\/\/zurnalsiepirkumi.lv\/index.php?rest_route=\/wp\/v2\/posts\/23579\/revisions\/23583"}],"wp:featuredmedia":[{"embeddable":true,"href":"https:\/\/zurnalsiepirkumi.lv\/index.php?rest_route=\/wp\/v2\/media\/23582"}],"wp:attachment":[{"href":"https:\/\/zurnalsiepirkumi.lv\/index.php?rest_route=%2Fwp%2Fv2%2Fmedia&parent=23579"}],"wp:term":[{"taxonomy":"category","embeddable":true,"href":"https:\/\/zurnalsiepirkumi.lv\/index.php?rest_route=%2Fwp%2Fv2%2Fcategories&post=23579"},{"taxonomy":"post_tag","embeddable":true,"href":"https:\/\/zurnalsiepirkumi.lv\/index.php?rest_route=%2Fwp%2Fv2%2Ftags&post=23579"}],"curies":[{"name":"wp","href":"https:\/\/api.w.org\/{rel}","templated":true}]}}