{"id":23414,"date":"2024-04-23T13:49:17","date_gmt":"2024-04-23T11:49:17","guid":{"rendered":"https:\/\/zurnalsiepirkumi.lv\/?p=23414"},"modified":"2024-04-23T13:49:18","modified_gmt":"2024-04-23T11:49:18","slug":"valdiba-apstiprina-varaklanu-un-madonas-novadu-apvienosanu","status":"publish","type":"post","link":"https:\/\/zurnalsiepirkumi.lv\/?p=23414","title":{"rendered":"Vald\u012bba apstiprina Varak\u013c\u0101nu un Madonas novadu apvieno\u0161anu"},"content":{"rendered":"\n<p>23.\u00a0apr\u012bl\u012b, Ministru kabinet\u0101 apstiprin\u0101ti Vides aizsardz\u012bbas un re\u0123ion\u0101l\u0101s att\u012bst\u012bbas ministrijas sagatavotie groz\u012bjumi Administrat\u012bvo teritoriju un apdz\u012bvoto vietu likum\u0101, kas paredz Varak\u013c\u0101nu novadu apvienot ar Madonas novadu. Groz\u012bjumi v\u0113l j\u0101pie\u0146em Saeim\u0101.<\/p>\n\n\n\n<p>\u201cPerson\u012bgi tiekoties ar Varak\u013c\u0101nu un Murmastienes iedz\u012bvot\u0101jiem, guvu apstiprin\u0101jumu tam, ka iedz\u012bvot\u0101ji v\u0113las, lai Varak\u013c\u0101nu novads tiktu apvienots ar Madonas novadu. To apstiprina ar\u012b veikt\u0101s publisk\u0101s apsprie\u0161anas rezult\u0101ti. T\u0101p\u0113c m\u0113s sagatavoj\u0101m \u0161\u0101du likumprojektu izskat\u012b\u0161anai vald\u012bb\u0101 un p\u0113c tam iesnieg\u0161anai Saeim\u0101. Svar\u012bgas ir ne tikai administrat\u012bv\u0101s robe\u017eas, bet ar\u012b savstarp\u0113j\u0101 sadarb\u012bba ar iedz\u012bvot\u0101jiem, nevalstiskaj\u0101m organiz\u0101cij\u0101m, kaimi\u0146u pa\u0161vald\u012bb\u0101m,\u201d pauda vides aizsardz\u012bbas un re\u0123ion\u0101l\u0101s att\u012bst\u012bbas ministre Inga B\u0113rzi\u0146a.<\/p>\n\n\n\n<p>Saska\u0146\u0101 ar Administrat\u012bvo teritoriju un apdz\u012bvoto vietu likumu Varak\u013c\u0101nu novada pa\u0161vald\u012bbai konsultat\u012bvos nol\u016bkos l\u012bdz 2021. gada 1. oktobrim bija j\u0101organiz\u0113 publisk\u0101 apsprie\u0161ana par Varak\u013c\u0101nu novada apvieno\u0161anos ar apk\u0101rt\u0113jiem novadiem administrat\u012bvi teritori\u0101l\u0101s reformas m\u0113r\u0137u sasnieg\u0161anai. Organiz\u0113t\u0101s aptaujas &nbsp;rezult\u0101ti par\u0101d\u012bja, ka gad\u012bjum\u0101, ja administrat\u012bvi teritori\u0101l\u0101s reformas gait\u0101 tiks lemts par Varak\u013c\u0101nu novada apvieno\u0161anu, iedz\u012bvot\u0101ju absol\u016btais vair\u0101kums v\u0113l\u0113tos, lai tas b\u016btu Madonas novads \u2013 858 viedok\u013ci (95,3%), 35 viedok\u013ci (3,9%) \u2013 R\u0113zeknes novads, bet 0,8% \u2013 viedokli nesniedza.<\/p>\n\n\n\n<p>Varak\u013c\u0101nu novads ir vien\u012bg\u0101 pa\u0161vald\u012bba, kuras apvieno\u0161ana ar k\u0101du no kaimi\u0146u novadiem bija palicis neatrisin\u0101ts jaut\u0101jums. Kaut gan atbild\u012bg\u0101 Vides aizsardz\u012bbas un re\u0123ion\u0101l\u0101s att\u012bst\u012bbas ministrija, izv\u0113rt\u0113jot administrat\u012bvi teritori\u0101l\u0101s reformas m\u0113r\u0137us, pl\u0101noja Varak\u013c\u0101nu novadu apvienot ar Madonas novadu un \u0161\u0101du v\u0113lmi vair\u0101k\u0101s aptauj\u0101s pauda ar\u012b novada iedz\u012bvot\u0101ji, Saeima l\u0113ma to apvienot ar R\u0113zeknes novadu. Satversmes tiesa atzina, ka Saeimas l\u0113mums neatbilst valsts pamatlikumam, t\u0101d\u0113\u013c Ministru kabinets, izv\u0113rt\u0113jot administrat\u012bvi teritori\u0101l\u0101s reformas m\u0113r\u0137us, sagatavojis Saeimai priek\u0161likumu par Varak\u013c\u0101nu novada administrat\u012bvo teritoriju.<\/p>\n\n\n\n<p>Paredz\u0113ts, ka likums st\u0101sies sp\u0113k\u0101 \u0161\u012b gada 30.&nbsp;j\u016bnij\u0101, lai regul\u0113tu Varak\u013c\u0101nu novada pa\u0161vald\u012bbas un Madonas novada pa\u0161vald\u012bbas darba turpin\u0101\u0161anu l\u012bdz 2025. gada pa\u0161vald\u012bbu v\u0113l\u0113\u0161an\u0101m, k\u0101 ar\u012b noteiktu 2025. gada pa\u0161vald\u012bbu v\u0113l\u0113\u0161anu norises un izsludin\u0101\u0161anas k\u0101rt\u012bbu attiec\u012bb\u0101 uz Varak\u013c\u0101nu novada un Madonas novada administrat\u012bvaj\u0101m teritorij\u0101m.<\/p>\n\n\n\n<p>\u012astenot\u0101s administrat\u012bvi teritori\u0101l\u0101s reformas pamatm\u0113r\u0137is ir virz\u012bt pozit\u012bvas p\u0101rmai\u0146as, l\u012bdzsvarojot re\u0123ion\u0101lo att\u012bst\u012bbu, kvalitat\u012bvu pa\u0161vald\u012bbas pakalpojumu pieejam\u012bbu neatkar\u012bgi no dz\u012bvesvietas un mazinot nevienl\u012bdz\u012bbas plaisu pa\u0161vald\u012bbu vid\u016b. Novadu apvieno\u0161ana var kalpot par platformu citu pozit\u012bvu p\u0101rmai\u0146u ievie\u0161anai, lai pilnveidotu t\u0101das noz\u012bm\u012bgas jomas k\u0101, piem\u0113ram, izgl\u012bt\u012bbas sist\u0113mu, soci\u0101lo aizsardz\u012bbu, vesel\u012bbas apr\u016bpi vai ce\u013cu infrastrukt\u016bras labiek\u0101rto\u0161anu.<\/p>\n","protected":false},"excerpt":{"rendered":"<p>23.\u00a0apr\u012bl\u012b, Ministru kabinet\u0101 apstiprin\u0101ti Vides aizsardz\u012bbas un re\u0123ion\u0101l\u0101s att\u012bst\u012bbas ministrijas sagatavotie groz\u012bjumi Administrat\u012bvo teritoriju un apdz\u012bvoto vietu likum\u0101, kas paredz Varak\u013c\u0101nu novadu apvienot ar Madonas novadu. <\/p>\n","protected":false},"author":1938,"featured_media":23413,"comment_status":"closed","ping_status":"closed","sticky":false,"template":"","format":"standard","meta":{"footnotes":""},"categories":[95],"tags":[],"_links":{"self":[{"href":"https:\/\/zurnalsiepirkumi.lv\/index.php?rest_route=\/wp\/v2\/posts\/23414"}],"collection":[{"href":"https:\/\/zurnalsiepirkumi.lv\/index.php?rest_route=\/wp\/v2\/posts"}],"about":[{"href":"https:\/\/zurnalsiepirkumi.lv\/index.php?rest_route=\/wp\/v2\/types\/post"}],"author":[{"embeddable":true,"href":"https:\/\/zurnalsiepirkumi.lv\/index.php?rest_route=\/wp\/v2\/users\/1938"}],"replies":[{"embeddable":true,"href":"https:\/\/zurnalsiepirkumi.lv\/index.php?rest_route=%2Fwp%2Fv2%2Fcomments&post=23414"}],"version-history":[{"count":2,"href":"https:\/\/zurnalsiepirkumi.lv\/index.php?rest_route=\/wp\/v2\/posts\/23414\/revisions"}],"predecessor-version":[{"id":23416,"href":"https:\/\/zurnalsiepirkumi.lv\/index.php?rest_route=\/wp\/v2\/posts\/23414\/revisions\/23416"}],"wp:featuredmedia":[{"embeddable":true,"href":"https:\/\/zurnalsiepirkumi.lv\/index.php?rest_route=\/wp\/v2\/media\/23413"}],"wp:attachment":[{"href":"https:\/\/zurnalsiepirkumi.lv\/index.php?rest_route=%2Fwp%2Fv2%2Fmedia&parent=23414"}],"wp:term":[{"taxonomy":"category","embeddable":true,"href":"https:\/\/zurnalsiepirkumi.lv\/index.php?rest_route=%2Fwp%2Fv2%2Fcategories&post=23414"},{"taxonomy":"post_tag","embeddable":true,"href":"https:\/\/zurnalsiepirkumi.lv\/index.php?rest_route=%2Fwp%2Fv2%2Ftags&post=23414"}],"curies":[{"name":"wp","href":"https:\/\/api.w.org\/{rel}","templated":true}]}}