{"id":23174,"date":"2024-03-18T13:45:04","date_gmt":"2024-03-18T11:45:04","guid":{"rendered":"https:\/\/zurnalsiepirkumi.lv\/?p=23174"},"modified":"2024-03-18T14:00:05","modified_gmt":"2024-03-18T12:00:05","slug":"galigaja-lasijuma-atbalsta-pienakumu-pasvaldibu-vadosajam-amatpersonam-sanemt-specialo-atlauju-pieejai-valsts-noslepumam","status":"publish","type":"post","link":"https:\/\/zurnalsiepirkumi.lv\/?p=23174","title":{"rendered":"Gal\u012bgaj\u0101 las\u012bjum\u0101 atbalsta pien\u0101kumu pa\u0161vald\u012bbu vado\u0161aj\u0101m amatperson\u0101m sa\u0146emt speci\u0101lo at\u013cauju pieejai valsts nosl\u0113pumam"},"content":{"rendered":"\n<p>Pa\u0161vald\u012bbu vado\u0161aj\u0101m amatperson\u0101m vajadz\u0113s ieg\u016bt speci\u0101lo at\u013cauju pieejai valsts nosl\u0113pumam. To paredz tre\u0161dien, 13.mart\u0101, Saeimas Aizsardz\u012bbas, iek\u0161lietu un korupcijas nov\u0113r\u0161anas komisij\u0101 gal\u012bgaj\u0101 las\u012bjum\u0101 atbalst\u012btie\u00a0<a href=\"https:\/\/titania.saeima.lv\/LIVS14\/saeimalivs14.nsf\/webSasaiste?OpenView&amp;restricttocategory=448\/Lp14\" target=\"_blank\" rel=\"noreferrer noopener\"><strong>groz\u012bjumi<\/strong><\/a>\u00a0likum\u0101 \u201cPar valsts nosl\u0113pumu\u201d un<strong>\u00a0<a href=\"https:\/\/titania.saeima.lv\/LIVS14\/saeimalivs14.nsf\/webSasaiste?OpenView&amp;restricttocategory=449\/Lp14\" target=\"_blank\" rel=\"noreferrer noopener\">izmai\u0146as<\/a><\/strong>\u00a0Pa\u0161vald\u012bbu likum\u0101. Izmai\u0146as likumos rosin\u0101jis Valsts prezidents.<\/p>\n\n\n\n<p>Ne tikai valsts apdraud\u0113juma vai kr\u012bzes apst\u0101k\u013cos, bet ar\u012b ikdien\u0101 \u013coti noz\u012bm\u012bga ir efekt\u012bva pa\u0161vald\u012bbu sp\u0113ja rea\u0123\u0113t un r\u012bkoties. M\u016bsdienu \u0123eopolitiskajos apst\u0101k\u013cos nav pie\u013caujama situ\u0101cija, ka pa\u0161vald\u012bbu vado\u0161\u0101s amatpersonas, kuru amata pien\u0101kumos ietilpst valstisku un sabiedriski noz\u012bm\u012bgu pien\u0101kumu veik\u0161ana, var\u0113tu neatbilst likum\u0101 noteiktaj\u0101m pras\u012bb\u0101m, lai sa\u0146emtu speci\u0101lo at\u013cauju pieejai valsts nosl\u0113pumam vai neb\u016btu sp\u0113j\u012bgas darboties ar aizsarg\u0101jamu inform\u0101ciju, uzsv\u0113ris Valsts prezidents.<\/p>\n\n\n\n<p>Izmai\u0146as paredz, ka speci\u0101l\u0101 at\u013cauja pieejai valsts nosl\u0113pumam b\u016bs nepiecie\u0161ama pa\u0161vald\u012bbas domes priek\u0161s\u0113d\u0113t\u0101jam un vi\u0146a vietniekam p\u0113c 2025.gada pa\u0161vald\u012bbu v\u0113l\u0113\u0161an\u0101m. Ja l\u012bdz \u0161im laikam k\u0101d\u0101 pa\u0161vald\u012bb\u0101 notiks jaunas domes v\u0113l\u0113\u0161anas, jauniev\u0113l\u0113t\u0101s domes priek\u0161s\u0113d\u0113t\u0101jam un vi\u0146a vietniekam ar\u012b b\u016bs j\u0101sa\u0146em \u0161\u012b at\u013cauja, paredz likumprojekts.<\/p>\n\n\n\n<p>Pien\u0101kums sa\u0146emt speci\u0101lo at\u013cauju pieejai valsts nosl\u0113pumam attieksies ar\u012b uz pa\u0161vald\u012bbas izpilddirektoru un vi\u0146a vietnieku. Ja to neieg\u016bs, persona no \u0161\u012b amata b\u016bs atbr\u012bvojama, paredz likuma izmai\u0146as.<\/p>\n\n\n\n<p>Paredz\u0113ts, ka pa\u0161vald\u012bbai b\u016bs j\u0101nos\u016bta piepras\u012bjums attiec\u012bgajai valsts dro\u0161\u012bbas iest\u0101dei par speci\u0101l\u0101s at\u013caujas pie\u0161\u0137ir\u0161anu domes priek\u0161s\u0113d\u0113t\u0101jam un vi\u0146a vietniekam ne v\u0113l\u0101k k\u0101 viena m\u0113ne\u0161a laik\u0101 p\u0113c vi\u0146a iev\u0113l\u0113\u0161anas amat\u0101, bet izpilddirektoram un vi\u0146a vietniekam \u2013 ne v\u0113l\u0101k k\u0101 viena m\u0113ne\u0161a laik\u0101 p\u0113c vi\u0146a iecel\u0161anas amat\u0101. Savuk\u0101rt attiec\u012bb\u0101 uz izpilddirektoru vai vi\u0146a vietnieku, kas savu amatu ie\u0146em 2024.gada 1.j\u016bnij\u0101, \u2013 ne v\u0113l\u0101k k\u0101 viena m\u0113ne\u0161a laik\u0101 no \u0161\u012b datuma, paredz izmai\u0146as.<\/p>\n\n\n\n<p>Ja, piem\u0113ram, domes vad\u012bt\u0101js vai vi\u0146a vietnieki nesa\u0146ems \u0161o at\u013cauju, t\u0101 b\u016bs domes iz\u0161\u0137ir\u0161an\u0101s, vai \u0161\u0101das v\u0113l\u0113tas amatpersonas var turpin\u0101t savu darbu, deput\u0101tiem iepriek\u0161 sac\u012bja prezidenta padomnieki. T\u0101d\u0101 situ\u0101cij\u0101 r\u012bc\u012bba b\u016bs politisks process, ta\u010du domes neizl\u0113m\u012bbas gad\u012bjum\u0101 l\u0113mumu var pie\u0146emt ar\u012b vides aizsardz\u012bbas un re\u0123ion\u0101l\u0101s att\u012bst\u012bbas ministrs, iepriek\u0161 uzsv\u0113ru\u0161i komisijas deput\u0101ti.<\/p>\n\n\n\n<p>T\u0101pat likumprojekta autori akcent\u0113, ka speci\u0101lo at\u013cauju sa\u0146em\u0161ana b\u016btiski uzlabotu valsts un pa\u0161vald\u012bbu sadarb\u012bbu, k\u0101 ar\u012b garant\u0113tu, ka valsts var dal\u012bties ar aizsarg\u0101jamu inform\u0101ciju.<\/p>\n\n\n\n<p>Lai likumu izmai\u0146as st\u0101tos sp\u0113k\u0101, t\u0101s v\u0113l gal\u012bgaj\u0101 las\u012bjum\u0101 j\u0101pie\u0146em Saeimai. Paredz\u0113ts, ka groz\u012bjumi likum\u0101 \u201cPar valsts nosl\u0113pumu\u201d st\u0101sies sp\u0113k\u0101 n\u0101kamaj\u0101 dien\u0101 p\u0113c izsludin\u0101\u0161anas, savuk\u0101rt izmai\u0146as Pa\u0161vald\u012bbu likum\u0101 \u0161\u012b gada 1.j\u016bnij\u0101.<\/p>\n","protected":false},"excerpt":{"rendered":"<p>Pa\u0161vald\u012bbu vado\u0161aj\u0101m amatperson\u0101m vajadz\u0113s ieg\u016bt speci\u0101lo at\u013cauju pieejai valsts nosl\u0113pumam. To paredz tre\u0161dien, 13.mart\u0101, Saeimas Aizsardz\u012bbas, iek\u0161lietu un korupcijas nov\u0113r\u0161anas komisij\u0101 gal\u012bgaj\u0101 las\u012bjum\u0101 atbalst\u012btie\u00a0groz\u012bjumi\u00a0likum\u0101 \u201cPar valsts nosl\u0113pumu\u201d un\u00a0izmai\u0146as\u00a0Pa\u0161vald\u012bbu likum\u0101. Izmai\u0146as likumos rosin\u0101jis Valsts prezidents.<\/p>\n","protected":false},"author":1938,"featured_media":23177,"comment_status":"closed","ping_status":"open","sticky":false,"template":"","format":"standard","meta":{"footnotes":""},"categories":[71,95],"tags":[],"_links":{"self":[{"href":"https:\/\/zurnalsiepirkumi.lv\/index.php?rest_route=\/wp\/v2\/posts\/23174"}],"collection":[{"href":"https:\/\/zurnalsiepirkumi.lv\/index.php?rest_route=\/wp\/v2\/posts"}],"about":[{"href":"https:\/\/zurnalsiepirkumi.lv\/index.php?rest_route=\/wp\/v2\/types\/post"}],"author":[{"embeddable":true,"href":"https:\/\/zurnalsiepirkumi.lv\/index.php?rest_route=\/wp\/v2\/users\/1938"}],"replies":[{"embeddable":true,"href":"https:\/\/zurnalsiepirkumi.lv\/index.php?rest_route=%2Fwp%2Fv2%2Fcomments&post=23174"}],"version-history":[{"count":1,"href":"https:\/\/zurnalsiepirkumi.lv\/index.php?rest_route=\/wp\/v2\/posts\/23174\/revisions"}],"predecessor-version":[{"id":23178,"href":"https:\/\/zurnalsiepirkumi.lv\/index.php?rest_route=\/wp\/v2\/posts\/23174\/revisions\/23178"}],"wp:featuredmedia":[{"embeddable":true,"href":"https:\/\/zurnalsiepirkumi.lv\/index.php?rest_route=\/wp\/v2\/media\/23177"}],"wp:attachment":[{"href":"https:\/\/zurnalsiepirkumi.lv\/index.php?rest_route=%2Fwp%2Fv2%2Fmedia&parent=23174"}],"wp:term":[{"taxonomy":"category","embeddable":true,"href":"https:\/\/zurnalsiepirkumi.lv\/index.php?rest_route=%2Fwp%2Fv2%2Fcategories&post=23174"},{"taxonomy":"post_tag","embeddable":true,"href":"https:\/\/zurnalsiepirkumi.lv\/index.php?rest_route=%2Fwp%2Fv2%2Ftags&post=23174"}],"curies":[{"name":"wp","href":"https:\/\/api.w.org\/{rel}","templated":true}]}}