{"id":23128,"date":"2024-03-14T13:56:05","date_gmt":"2024-03-14T11:56:05","guid":{"rendered":"https:\/\/zurnalsiepirkumi.lv\/?p=23128"},"modified":"2024-03-15T09:47:01","modified_gmt":"2024-03-15T07:47:01","slug":"pasvaldibas-kopigi-var-efektivak-planot-rigas-metropoles-areala-izglitibas-ekosistemu","status":"publish","type":"post","link":"https:\/\/zurnalsiepirkumi.lv\/?p=23128","title":{"rendered":"Pa\u0161vald\u012bbas kop\u012bgi var efekt\u012bv\u0101k pl\u0101not R\u012bgas metropoles are\u0101la izgl\u012bt\u012bbas ekosist\u0113mu"},"content":{"rendered":"\n<p>Vides aizsardz\u012bbas un re\u0123ion\u0101l\u0101s att\u012bst\u012bbas ministrija<\/p>\n\n\n\n<p>Vides aizsardz\u012bbas un re\u0123ion\u0101l\u0101s att\u012bst\u012bbas ministrij\u0101 (VARAM) notika otr\u0101 R\u012bgas metropoles att\u012bst\u012bbas darba grupas san\u0101ksme, kuru vad\u012bja ministre Inga B\u0113rzi\u0146a. Kl\u0101teso\u0161ie p\u0101rrun\u0101ja R\u012bgas metropoles are\u0101la izgl\u012bt\u012bbas sist\u0113mas pilnveidi un invest\u012bciju iesp\u0113jas.\u00a0<strong>\u00a0<\/strong><\/p>\n\n\n\n<p>Vides aizsardz\u012bbas un re\u0123ion\u0101l\u0101s att\u012bst\u012bbas ministre Inga B\u0113rzi\u0146a:\u00a0\u201cKvalitat\u012bvas izgl\u012bt\u012bbas pieejam\u012bba un efekt\u012bva izgl\u012bt\u012bbas sist\u0113mas p\u0101rvald\u012bba nodro\u0161ina ne vien iedz\u012bvot\u0101ju izaugsmes iesp\u0113jas, bet ar\u012b kop\u0113jo re\u0123ion\u0101lo att\u012bst\u012bbu. R\u012bgas metropolei ir iesp\u0113ja veicin\u0101t savu konkur\u0113tsp\u0113ju k\u0101 Baltijas, t\u0101 visas Eiropas l\u012bmen\u012b, att\u012bstot savu iedz\u012bvot\u0101ju konkur\u0113tsp\u0113ju. L\u012bdz ar to pa\u0161vald\u012bb\u0101m savstarp\u0113j\u0101 sadarb\u012bb\u0101 ir j\u0101saprot kop\u012bgie izaicin\u0101jumi un iesp\u0113jamie risin\u0101jumi.\u201d<\/p>\n\n\n\n<p>VARAM ieskat\u0101 R\u012bgas metropoles are\u0101la kontekst\u0101 b\u016btu risin\u0101mi t\u0101di jaut\u0101jumi k\u0101 pirmsskolas izgl\u012bt\u012bbas iest\u0101\u017eu un skolu t\u012bkla pl\u0101no\u0161ana, t.sk. pietiekamas uz\u0146em\u0161anas kapacit\u0101tes nodro\u0161in\u0101\u0161anai atbilsto\u0161i demogr\u0101fijas prognoz\u0113m. Skol\u0113nu p\u0101rvad\u0101jumu pl\u0101no\u0161ana sasaist\u0113 ar sabiedrisko transportu, k\u0101 ar\u012b m\u0101c\u012bbu priek\u0161metu olimpi\u0101\u017eu, speci\u0101l\u0101s izgl\u012bt\u012bbas un intere\u0161u izgl\u012bt\u012bbas pas\u0101kumu organiz\u0113\u0161ana un koordin\u0101cija un cita veida metodiskais atbalsts.<\/p>\n\n\n\n<p>VARAM atz\u012bm\u0113ja, ka pa\u0161vald\u012bb\u0101m ar 2025.gadu ir pl\u0101nota ikgad\u0113j\u0101 m\u0113r\u0137dot\u0101cijas invest\u012bciju programma ar kop\u0113jo finans\u0113jumu 75 milj. eiro. T\u0101s m\u0113r\u0137is ir sniegt atbalstu pa\u0161vald\u012bb\u0101m valstiski noz\u012bm\u012bgu reformu \u012bsteno\u0161anai, t.sk. 2025.-2026. gad\u0101 izgl\u012bt\u012bbas t\u012bkla sak\u0101rto\u0161anai, un turpm\u0101kajos gados ar\u012b cit\u0101m b\u016btisk\u0101m priorit\u0101t\u0113m.<\/p>\n\n\n\n<p>P\u0113c VARAM aicin\u0101juma Izgl\u012bt\u012bbas un zin\u0101tnes ministrija (IZM) kl\u0101teso\u0161iem sniedza zi\u0146ojumu par uzst\u0101d\u012bjumiem izgl\u012bt\u012bbas ekosist\u0113mas pl\u0101no\u0161anai un darb\u012bbai R\u012bgas metropoles are\u0101l\u0101. Kl\u0101teso\u0161os iepaz\u012bstin\u0101ja ar\u012b ar R\u012bgas valstspils\u0113tas un Salaspils novada pa\u0161vald\u012bbas pieredzi izgl\u012bt\u012bbas jom\u0101 R\u012bgas metropoles are\u0101la kontekst\u0101, \u0146emot v\u0113r\u0101 pa\u0161vald\u012bbu pieredzi skolu t\u012bkla optimiz\u0101cij\u0101 un saskari ar skol\u0113nu migr\u0101ciju. T\u0101pat kl\u0101teso\u0161ie dal\u012bj\u0101s idej\u0101s efekt\u012bv\u0101kai datu apmai\u0146ai, kas pal\u012bdz\u0113tu veicin\u0101t datos balst\u012btu politikas veido\u0161anu.<\/p>\n\n\n\n<p>Kopum\u0101 tika secin\u0101ts, ka starppa\u0161vald\u012bbu sadarb\u012bba izgl\u012bt\u012bbas jom\u0101 ir laba eso\u0161aj\u0101 normat\u012bvaj\u0101 ietvar\u0101. Vienlaikus ir apsverama R\u012bgas pl\u0101no\u0161anas re\u0123iona iesaiste cie\u0161\u0101kai starppa\u0161vald\u012bbu sadarb\u012bbas koordin\u0101cijai un R\u012bgas valstspils\u0113tas pa\u0161vald\u012bbas funkciju papla\u0161in\u0101\u0161anas iesp\u0113jas.<\/p>\n\n\n\n<p>San\u0101ksm\u0113 piedal\u012bj\u0101s p\u0101rst\u0101vji no Saeimas, Izgl\u012bt\u012bbas un zin\u0101tnes ministrijas, Ekonomikas ministrijas, Iek\u0161lietu ministrijas, Satiksmes ministrijas, R\u012bgas pl\u0101no\u0161anas re\u0123iona, R\u012bgas valstspils\u0113tas un J\u016brmalas valstspils\u0113tas, Salaspils novada, Olaines novada, M\u0101rupes novada, Saulkrastu novada,&nbsp; Ropa\u017eu novada, Siguldas novada un \u0136ekavas novada pa\u0161vald\u012bbas, k\u0101 ar\u012b Latvijas Tirdzniec\u012bbas un r\u016bpniec\u012bbas kameras.<\/p>\n\n\n\n<p>R\u012bgas metropoles att\u012bst\u012bbas darba grupa izveidota, lai nodro\u0161in\u0101tu koordin\u0113tu sadarb\u012bbu starp R\u012bgas metropoles are\u0101l\u0101 ietilpsto\u0161aj\u0101m pa\u0161vald\u012bb\u0101m un valsti. T\u0101s galvenais uzdevums ir izveidot R\u012bgas metropoles att\u012bst\u012bbas un p\u0101rvald\u012bbas modeli, kas paaugstin\u0101tu are\u0101la konkur\u0113tsp\u0113ju Zieme\u013ceirop\u0101.&nbsp;<a href=\"https:\/\/www.varam.gov.lv\/lv\/jaunums\/rigas-metropoles-attistibas-darba-grupa-parruna-ilgtspejigas-mobilitates-jautajumus\" target=\"_blank\" rel=\"noreferrer noopener\">Pirm\u0101 R\u012bgas metropoles att\u012bst\u012bbas darba grupas san\u0101ksme&nbsp;<\/a>norisin\u0101j\u0101s \u0161\u012b gada 18. janv\u0101r\u012b. T\u0101s dal\u012bbnieki p\u0101rrun\u0101ja ilgtsp\u0113j\u012bgas mobilit\u0101tes jaut\u0101jumus.<\/p>\n\n\n\n<p>N\u0101kamaj\u0101 R\u012bgas metropoles att\u012bst\u012bbas darba grupas san\u0101ksm\u0113 pl\u0101nots p\u0101rrun\u0101t konkur\u0113tsp\u0113jas veicin\u0101\u0161anas iesp\u0113jas.<\/p>\n","protected":false},"excerpt":{"rendered":"<p>Kvalitat\u012bvas izgl\u012bt\u012bbas pieejam\u012bba un efekt\u012bva izgl\u012bt\u012bbas sist\u0113mas p\u0101rvald\u012bba nodro\u0161ina ne vien iedz\u012bvot\u0101ju izaugsmes iesp\u0113jas, bet ar\u012b kop\u0113jo re\u0123ion\u0101lo att\u012bst\u012bbu.<\/p>\n","protected":false},"author":1936,"featured_media":23130,"comment_status":"closed","ping_status":"closed","sticky":false,"template":"","format":"standard","meta":{"footnotes":""},"categories":[28,95],"tags":[],"_links":{"self":[{"href":"https:\/\/zurnalsiepirkumi.lv\/index.php?rest_route=\/wp\/v2\/posts\/23128"}],"collection":[{"href":"https:\/\/zurnalsiepirkumi.lv\/index.php?rest_route=\/wp\/v2\/posts"}],"about":[{"href":"https:\/\/zurnalsiepirkumi.lv\/index.php?rest_route=\/wp\/v2\/types\/post"}],"author":[{"embeddable":true,"href":"https:\/\/zurnalsiepirkumi.lv\/index.php?rest_route=\/wp\/v2\/users\/1936"}],"replies":[{"embeddable":true,"href":"https:\/\/zurnalsiepirkumi.lv\/index.php?rest_route=%2Fwp%2Fv2%2Fcomments&post=23128"}],"version-history":[{"count":2,"href":"https:\/\/zurnalsiepirkumi.lv\/index.php?rest_route=\/wp\/v2\/posts\/23128\/revisions"}],"predecessor-version":[{"id":23131,"href":"https:\/\/zurnalsiepirkumi.lv\/index.php?rest_route=\/wp\/v2\/posts\/23128\/revisions\/23131"}],"wp:featuredmedia":[{"embeddable":true,"href":"https:\/\/zurnalsiepirkumi.lv\/index.php?rest_route=\/wp\/v2\/media\/23130"}],"wp:attachment":[{"href":"https:\/\/zurnalsiepirkumi.lv\/index.php?rest_route=%2Fwp%2Fv2%2Fmedia&parent=23128"}],"wp:term":[{"taxonomy":"category","embeddable":true,"href":"https:\/\/zurnalsiepirkumi.lv\/index.php?rest_route=%2Fwp%2Fv2%2Fcategories&post=23128"},{"taxonomy":"post_tag","embeddable":true,"href":"https:\/\/zurnalsiepirkumi.lv\/index.php?rest_route=%2Fwp%2Fv2%2Ftags&post=23128"}],"curies":[{"name":"wp","href":"https:\/\/api.w.org\/{rel}","templated":true}]}}