{"id":23117,"date":"2024-03-12T08:32:31","date_gmt":"2024-03-12T06:32:31","guid":{"rendered":"https:\/\/zurnalsiepirkumi.lv\/?p=23117"},"modified":"2024-03-13T08:34:19","modified_gmt":"2024-03-13T06:34:19","slug":"ar-eiropas-sociala-fonda-plus-finansejumu-tiks-uzlabota-sabiedriba-balstitu-socialo-pakalpojumu-pieejamiba","status":"publish","type":"post","link":"https:\/\/zurnalsiepirkumi.lv\/?p=23117","title":{"rendered":"Ar Eiropas Soci\u0101l\u0101 fonda Plus finans\u0113jumu tiks uzlabota sabiedr\u012bb\u0101 balst\u012btu soci\u0101lo pakalpojumu pieejam\u012bba"},"content":{"rendered":"\n<p>Labkl\u0101j\u012bbas ministrija<\/p>\n\n\n\n<p>L\u012bdz 2029. gadam tiks izveidota jauna sabiedr\u012bb\u0101 balst\u012btu soci\u0101lo pakalpojumu infrastrukt\u016bra un uzs\u0101kta pakalpojumu snieg\u0161ana vismaz 540 person\u0101m ar gar\u012bga rakstura trauc\u0113jumiem, b\u0113rniem ar funkcion\u0101liem trauc\u0113jumiem un person\u0101m pensijas vecum\u0101.<\/p>\n\n\n\n<p>To nosaka jauni Ministru kabineta noteikumi par pas\u0101kuma\u201d Sabiedr\u012bb\u0101 balst\u012btu soci\u0101lo pakalpojumu pieejam\u012bbas palielin\u0101\u0161ana\u201d pirm\u0101s k\u0101rtas \u012bsteno\u0161anu,<em>&#8220;<\/em>, kas otrdien, 12. mart\u0101, pie\u0146emti vald\u016bbas s\u0113d\u0113.<\/p>\n\n\n\n<p>Ar Eiropas Soci\u0101l\u0101 fonda Plus finans\u0113jumu realiz\u0113tie projekti \u013caus papla\u0161in\u0101t iesp\u0113jas sa\u0146emt sabiedr\u012bb\u0101 balst\u012btus soci\u0101los pakalpojumus, kas veicina neatkar\u012bgas dz\u012bves iesp\u0113jas, uzlabo dz\u012bves kvalit\u0101ti un veicina iek\u013cau\u0161anos sabiedr\u012bb\u0101 cilv\u0113kiem, kam tas nepiecie\u0161ams. &nbsp;Vienlaikus tiks uzlabota vi\u0146u \u0123imenes locek\u013cu un citu neform\u0101lu apr\u016bp\u0113t\u0101ju situ\u0101cija un sekm\u0113ts darba un \u0123imenes dz\u012bves l\u012bdzsvars, mazinot vi\u0146u noslodzi apr\u016bpes nodro\u0161in\u0101\u0161an\u0101.<\/p>\n\n\n\n<p>\u201cVispirms cilv\u0113kiem atbalsts sniedzams da\u017e\u0101du sabiedr\u012bb\u0101 balst\u012btu soci\u0101lo pakalpojumu veid\u0101, p\u0113c iesp\u0113jas atbalstot cilv\u0113ku viet\u0101, kur vi\u0146\u0161 dz\u012bvo, ilgsto\u0161as apr\u016bpes instit\u016bciju pakalpojumu atst\u0101jot k\u0101 p\u0113d\u0113jo izv\u0113li. Pa\u0161vald\u012bbu un nevalstisko organiz\u0101ciju sniegt\u0101 inform\u0101cija liecina, ka sabiedr\u012bb\u0101 balst\u012btu soci\u0101lo pakalpojumu pieejam\u012bba un atbilst\u012bba da\u017e\u0101du m\u0113r\u0137a grupas personu vajadz\u012bb\u0101m joproj\u0101m ir nepietiekama. \u0160\u012b pas\u0101kuma ietvaros pa\u0161vald\u012bb\u0101m b\u016bs iesp\u0113ja veidot tr\u016bksto\u0161os vai papla\u0161in\u0101t eso\u0161os soci\u0101los pakalpojumus &#8211; dienas apr\u016bpes centrus, specializ\u0113t\u0101s darbn\u012bcas un grupu dz\u012bvok\u013cus,\u201d uzver labkl\u0101j\u012bbas ministrs Uldis Augulis.<\/p>\n\n\n\n<p>Sabiedr\u012bb\u0101 balst\u012btu soci\u0101lo pakalpojumu infrastrukt\u016bras izveide paredz attiec\u012bg\u0101s infrastrukt\u016bras projekt\u0113\u0161anu, infrastrukt\u016bras izveidi (jaunas b\u016bves, eso\u0161u b\u016bvju un telpu p\u0101rb\u016bve teritorijas labiek\u0101rto\u0161anu), materi\u0101ltehnisk\u0101 nodro\u0161in\u0101juma ieg\u0101di, apr\u016bpes m\u0101j\u0101s pakalpojuma snieg\u0161anai piel\u0101gota transportl\u012bdzek\u013ca ieg\u0101di un specializ\u0113ta transportl\u012bdzek\u013ca ieg\u0101di m\u0113r\u0137a grupas personu mobilit\u0101tes nodro\u0161in\u0101\u0161anai. Savuk\u0101rt pakalpojumu snieg\u0161ana m\u0113r\u0137a grupas person\u0101m jaunizveidotaj\u0101 infrastrukt\u016br\u0101 tiks nodro\u0161in\u0101ta 24 m\u0113ne\u0161us.<\/p>\n\n\n\n<p>Finans\u0113juma sa\u0146\u0113m\u0113ji&nbsp;b\u016bs pa\u0161vald\u012bbas vai to izveidoti soci\u0101lo pakalpojumu sniedz\u0113ji. Pl\u0101notais kop\u0113jais finans\u0113jums ir 59 miljoni<em>&nbsp;<\/em>eiro, tai skait\u0101 Eiropas Soci\u0101l\u0101 fonda Plus finans\u0113jums \u2013 50,2 miljoni eiro un pa\u0161vald\u012bbas bud\u017eeta finans\u0113jums \u2013 8,8 miljoni eiro. &nbsp;<\/p>\n","protected":false},"excerpt":{"rendered":"<p>L\u012bdz 2029. gadam tiks izveidota jauna sabiedr\u012bb\u0101 balst\u012btu soci\u0101lo pakalpojumu infrastrukt\u016bra un uzs\u0101kta pakalpojumu snieg\u0161ana vismaz 540 person\u0101m ar gar\u012bga rakstura trauc\u0113jumiem, b\u0113rniem ar funkcion\u0101liem trauc\u0113jumiem un person\u0101m pensijas vecum\u0101.<\/p>\n","protected":false},"author":1938,"featured_media":23114,"comment_status":"closed","ping_status":"open","sticky":false,"template":"","format":"standard","meta":{"footnotes":""},"categories":[120,49],"tags":[],"_links":{"self":[{"href":"https:\/\/zurnalsiepirkumi.lv\/index.php?rest_route=\/wp\/v2\/posts\/23117"}],"collection":[{"href":"https:\/\/zurnalsiepirkumi.lv\/index.php?rest_route=\/wp\/v2\/posts"}],"about":[{"href":"https:\/\/zurnalsiepirkumi.lv\/index.php?rest_route=\/wp\/v2\/types\/post"}],"author":[{"embeddable":true,"href":"https:\/\/zurnalsiepirkumi.lv\/index.php?rest_route=\/wp\/v2\/users\/1938"}],"replies":[{"embeddable":true,"href":"https:\/\/zurnalsiepirkumi.lv\/index.php?rest_route=%2Fwp%2Fv2%2Fcomments&post=23117"}],"version-history":[{"count":1,"href":"https:\/\/zurnalsiepirkumi.lv\/index.php?rest_route=\/wp\/v2\/posts\/23117\/revisions"}],"predecessor-version":[{"id":23118,"href":"https:\/\/zurnalsiepirkumi.lv\/index.php?rest_route=\/wp\/v2\/posts\/23117\/revisions\/23118"}],"wp:featuredmedia":[{"embeddable":true,"href":"https:\/\/zurnalsiepirkumi.lv\/index.php?rest_route=\/wp\/v2\/media\/23114"}],"wp:attachment":[{"href":"https:\/\/zurnalsiepirkumi.lv\/index.php?rest_route=%2Fwp%2Fv2%2Fmedia&parent=23117"}],"wp:term":[{"taxonomy":"category","embeddable":true,"href":"https:\/\/zurnalsiepirkumi.lv\/index.php?rest_route=%2Fwp%2Fv2%2Fcategories&post=23117"},{"taxonomy":"post_tag","embeddable":true,"href":"https:\/\/zurnalsiepirkumi.lv\/index.php?rest_route=%2Fwp%2Fv2%2Ftags&post=23117"}],"curies":[{"name":"wp","href":"https:\/\/api.w.org\/{rel}","templated":true}]}}