{"id":22857,"date":"2024-02-01T14:14:21","date_gmt":"2024-02-01T12:14:21","guid":{"rendered":"https:\/\/zurnalsiepirkumi.lv\/?p=22857"},"modified":"2024-02-01T14:14:21","modified_gmt":"2024-02-01T12:14:21","slug":"rigas-pasvaldiba-atver-uznemeju-atbalsta-kontaktpunktu","status":"publish","type":"post","link":"https:\/\/zurnalsiepirkumi.lv\/?p=22857","title":{"rendered":"R\u012bgas pa\u0161vald\u012bba atver Uz\u0146\u0113m\u0113ju atbalsta kontaktpunktu"},"content":{"rendered":"\n<p>R\u012bgas dome<\/p>\n\n\n\n<p>Lai veicin\u0101tu akt\u012bvu sadarb\u012bbu starp pa\u0161vald\u012bbu un uz\u0146\u0113m\u0113jiem, att\u012bst\u012btu un pilnveidotu R\u012bgas\u00a0uz\u0146\u0113m\u0113jdarb\u012bbas vidi un mazin\u0101tu birokr\u0101tiju uz\u0146\u0113m\u0113jiem, R\u012bgas pa\u0161vald\u012bba 31.janv\u0101r\u012b atv\u0113rusi Uz\u0146\u0113m\u0113ju atbalsta kontaktpunktu \u0100genskaln\u0101, E. Smi\u013c\u0123a iel\u0101 46.<\/p>\n\n\n\n<p>Atkl\u0101jot uz\u0146\u0113m\u0113ju atbalsta kontaktpunktu, R\u012bgas vicem\u0113rs Edvards Ratnieks uzsv\u0113ra: \u201cM\u016bsu amb\u012bcijas ir pan\u0101kt, ka R\u012bga k\u013c\u016bst par uz\u0146\u0113m\u0113jiem draudz\u012bg\u0101ko pa\u0161vald\u012bbu, jo tas ir svar\u012bgs priek\u0161nosac\u012bjums, lai konkur\u0113tu Baltijas galvaspils\u0113tu m\u0113rog\u0101 par invest\u012bciju piesaisti un uz\u0146\u0113m\u0113jdarb\u012bbas att\u012bst\u012bbu. \u0160is kontaktpunkts ir viena no m\u016bsu un uz\u0146\u0113m\u0113jdarb\u012bbas organiz\u0101ciju kop\u012bgaj\u0101m iniciat\u012bv\u0101m, lai sasniegtu \u0161o m\u0113r\u0137i. \u0160im atbalsta punktam j\u0101samazina birokr\u0101tiskie labirinti, kas apgr\u016btina uz\u0146\u0113m\u0113jus saskarsm\u0113 ar pa\u0161vald\u012bbu.\u201d<\/p>\n\n\n\n<p>Atbalsta kontaktpunkts darbu uzs\u0101ks pak\u0101peniski, uz\u0146\u0113m\u0113jdarb\u012bbas koordinatoriem s\u0101kot veidot kontaktu gan ar pa\u0161vald\u012bbas iest\u0101d\u0113m, gan uz\u0146\u0113m\u0113jiem. Atbalsta kontaktpunkt\u0101 darbosies divi uz\u0146\u0113m\u0113ju atbalsta koordinatori. \u0160obr\u012bd darbu s\u0101kusi pirm\u0101 uz\u0146\u0113m\u0113ju atbalsta koordinatore Sibilla Zeiferte, kura iepriek\u0161 jau str\u0101d\u0101jusi ar uz\u0146\u0113m\u0113jdarb\u012bbas atbalsta projektiem publiskaj\u0101 p\u0101rvald\u0113. Paredz\u0113ts, ka uz\u0146\u0113m\u0113jdarb\u012bbas speci\u0101listi pa\u0161i apkopos inform\u0101ciju no kol\u0113\u0123iem un sniegs uz\u0146\u0113m\u0113jam vajadz\u012bg\u0101s atbildes, l\u012bdz\u012bgi k\u0101, str\u0101d\u0101jot ar apkaimju iedz\u012bvot\u0101jiem, to dara apkaimju koordinatori.<\/p>\n\n\n\n<p>Galvenais uz\u0146\u0113m\u0113ju atbalsta koordinatoru darb\u012bbas princips b\u016bs nodro\u0161in\u0101t uz\u0146\u0113m\u0113ju vajadz\u012bb\u0101m atbilsto\u0161u pal\u012bdz\u012bbu, informat\u012bvos materi\u0101lus un atbalsta programmas. T\u0101p\u0113c darb\u012bbas pirmie m\u0113ne\u0161i uz\u0146\u0113m\u0113ju atbalsta koordinatoriem b\u016bs m\u0101c\u012bbu, pieredzes g\u016b\u0161anas un r\u012bc\u012bbas pl\u0101na sagatavo\u0161anas laiks, ieklausoties uz\u0146\u0113m\u0113jos. \u0160\u0101da pieeja pal\u012bdz\u0113s pa\u0161vald\u012bbai identific\u0113t probl\u0113mas un lab\u0101k izprast uz\u0146\u0113m\u0113jdarb\u012bbas vajadz\u012bbas R\u012bg\u0101, nep\u0101rtraukti turpinot uzlabot procesus un atvieglojot iek\u0161\u0113jos noteikumus. Kontaktpunkts nodro\u0161in\u0101s platformu kopradei, pieredzes un domu apmai\u0146ai par uz\u0146\u0113m\u0113jdarb\u012bbas vides uzlabo\u0161anas jaut\u0101jumiem galvaspils\u0113t\u0101. Kontaktpunkt\u0101 gaid\u012bti b\u016bs gan uz\u0146\u0113m\u0113ji, kas jau darbojas R\u012bg\u0101, gan ar\u012b t\u0101di, kas tikai v\u0113las uzs\u0101kt savu uz\u0146\u0113m\u0113jdarb\u012bbu.<\/p>\n\n\n\n<p>Uz\u0146\u0113m\u0113ju atbalsta kontaktpunkts ir da\u013ca no R\u012bgas Apkaimju iedz\u012bvot\u0101ju centra, kas l\u012bdz \u0161im jau str\u0101d\u0101jis ar ielu tirdzniec\u012bbas un \u0101ra kafejn\u012bcu saska\u0146o\u0161anu un atbalstu jaunu parkletu izveidei. P\u0113d\u0113jo p\u0101ris gadu laik\u0101 izstr\u0101d\u0101ti tipveida risin\u0101jumi \u0101ra tera\u0161u un parkletu uzst\u0101d\u012b\u0161anai, kas ar pa\u0161vald\u012bbu saska\u0146ojumi \u0101tr\u0101k un vienk\u0101r\u0161\u0101k, uz\u0146\u0113m\u0113jiem vienk\u0101r\u0161ota \u0101ra tirdzniec\u012bbas at\u013cauju sa\u0146em\u0161ana. T\u0101pat 2023. gad\u0101 izveidota atbalsta programma jaunu parkletu uzst\u0101d\u012b\u0161anai.<\/p>\n\n\n\n<p>Uz\u0146\u0113m\u0113jdarb\u012bbas atbalsta koordinatorus b\u016bs iesp\u0113jams satikt E. Smil\u0123a iel\u0101 46, iepriek\u0161 piesakot viz\u012bti\u00a0<a rel=\"noreferrer noopener\" href=\"https:\/\/forms.office.com\/Pages\/ResponsePage.aspx?id=wsYreBR13E-dMNZ-Z4r5MUS_T405L7FCi_S6urUJp1dUQ0ZGVU9UUk44UUJJSENOSVY5WUdUSUkxNC4u&amp;origin=QRCode\" target=\"_blank\">\u0161eit<\/a>, k\u0101 ar\u012b sazin\u0101ties pa t\u0101lruni 67012001 un e-pastu\u00a0<a rel=\"noreferrer noopener\" href=\"mailto:uznemeji@riga.lv\" target=\"_blank\">uznemeji@riga.lv<\/a>.<\/p>\n","protected":false},"excerpt":{"rendered":"<p>Lai veicin\u0101tu akt\u012bvu sadarb\u012bbu starp pa\u0161vald\u012bbu un uz\u0146\u0113m\u0113jiem, att\u012bst\u012btu un pilnveidotu R\u012bgas\u00a0uz\u0146\u0113m\u0113jdarb\u012bbas vidi un mazin\u0101tu birokr\u0101tiju uz\u0146\u0113m\u0113jiem, R\u012bgas pa\u0161vald\u012bba 31.janv\u0101r\u012b atv\u0113rusi Uz\u0146\u0113m\u0113ju atbalsta kontaktpunktu.<\/p>\n","protected":false},"author":1936,"featured_media":17542,"comment_status":"closed","ping_status":"closed","sticky":false,"template":"","format":"standard","meta":{"footnotes":""},"categories":[95,47],"tags":[],"_links":{"self":[{"href":"https:\/\/zurnalsiepirkumi.lv\/index.php?rest_route=\/wp\/v2\/posts\/22857"}],"collection":[{"href":"https:\/\/zurnalsiepirkumi.lv\/index.php?rest_route=\/wp\/v2\/posts"}],"about":[{"href":"https:\/\/zurnalsiepirkumi.lv\/index.php?rest_route=\/wp\/v2\/types\/post"}],"author":[{"embeddable":true,"href":"https:\/\/zurnalsiepirkumi.lv\/index.php?rest_route=\/wp\/v2\/users\/1936"}],"replies":[{"embeddable":true,"href":"https:\/\/zurnalsiepirkumi.lv\/index.php?rest_route=%2Fwp%2Fv2%2Fcomments&post=22857"}],"version-history":[{"count":2,"href":"https:\/\/zurnalsiepirkumi.lv\/index.php?rest_route=\/wp\/v2\/posts\/22857\/revisions"}],"predecessor-version":[{"id":22859,"href":"https:\/\/zurnalsiepirkumi.lv\/index.php?rest_route=\/wp\/v2\/posts\/22857\/revisions\/22859"}],"wp:featuredmedia":[{"embeddable":true,"href":"https:\/\/zurnalsiepirkumi.lv\/index.php?rest_route=\/wp\/v2\/media\/17542"}],"wp:attachment":[{"href":"https:\/\/zurnalsiepirkumi.lv\/index.php?rest_route=%2Fwp%2Fv2%2Fmedia&parent=22857"}],"wp:term":[{"taxonomy":"category","embeddable":true,"href":"https:\/\/zurnalsiepirkumi.lv\/index.php?rest_route=%2Fwp%2Fv2%2Fcategories&post=22857"},{"taxonomy":"post_tag","embeddable":true,"href":"https:\/\/zurnalsiepirkumi.lv\/index.php?rest_route=%2Fwp%2Fv2%2Ftags&post=22857"}],"curies":[{"name":"wp","href":"https:\/\/api.w.org\/{rel}","templated":true}]}}