{"id":22656,"date":"2023-12-29T12:11:27","date_gmt":"2023-12-29T10:11:27","guid":{"rendered":"https:\/\/zurnalsiepirkumi.lv\/?p=22656"},"modified":"2023-12-29T12:11:28","modified_gmt":"2023-12-29T10:11:28","slug":"ar-atveselosanas-fonda-atbalstu-uzsakts-projekts-pasvaldibu-specialistu-kapacitates-stiprinasanai","status":"publish","type":"post","link":"https:\/\/zurnalsiepirkumi.lv\/?p=22656","title":{"rendered":"Ar Atvese\u013co\u0161anas fonda atbalstu uzs\u0101kts projekts pa\u0161vald\u012bbu speci\u0101listu kapacit\u0101tes stiprin\u0101\u0161anai"},"content":{"rendered":"\n<p>Vides aizsardz\u012bbas un re\u0123ion\u0101l\u0101s att\u012bst\u012bbas ministrija<\/p>\n\n\n\n<p>Vides aizsardz\u012bbas un re\u0123ion\u0101l\u0101s att\u012bst\u012bbas ministrija (VARAM) sadarb\u012bb\u0101 ar pl\u0101no\u0161anas re\u0123ioniem \u0161ogad uzs\u0101ka Atvese\u013co\u0161anas fonda projekta &#8220;Pa\u0161vald\u012bbu kapacit\u0101tes stiprin\u0101\u0161ana to darb\u012bbas efektivit\u0101tes un kvalit\u0101tes uzlabo\u0161anai&#8221; \u012bsteno\u0161anu. Projekta ietvaros tiks celta pa\u0161vald\u012bbu kapacit\u0101te p\u0113c administrat\u012bvi teritori\u0101l\u0101s reformas, lai turpm\u0101k nodro\u0161in\u0101tu daudz efekt\u012bv\u0101ku publisko pakalpojumu snieg\u0161anu Latvijas iedz\u012bvot\u0101jiem.\u00a0\u00a0<\/p>\n\n\n\n<p>VARAM valsts sekret\u0101ra vietniece re\u0123ion\u0101l\u0101s att\u012bst\u012bbas jaut\u0101jumos Ilze O\u0161a nor\u0101da: \u201c\u0160is projekts ir noz\u012bm\u012bgs solis pa\u0161vald\u012bbu speci\u0101listu zin\u0101\u0161anu un prasmju pilnveidei, t\u0101d\u0113j\u0101di uzlabojot pakalpojumu snieg\u0161anu iedz\u012bvot\u0101jiem. M\u0113s esam ap\u0146\u0113mu\u0161ies atbalst\u012bt un sekm\u0113t pa\u0161vald\u012bbu sp\u0113ju pild\u012bt savas funkcijas augst\u0101kaj\u0101 kvalit\u0101t\u0113 \u00a0savas administrat\u012bv\u0101s teritorijas iedz\u012bvot\u0101ju interes\u0113s.<\/p>\n\n\n\n<p>Projekta sadarb\u012bbas partneri ir R\u012bgas, Kurzemes, Latgales, Vidzemes un Zemgales pl\u0101no\u0161anas re\u0123ioni, kas \u013cauj \u012bstenot projektu atbilsto\u0161i katra re\u0123iona interes\u0113m. Viena no projekta priorit\u0101t\u0113m ir nov\u0113rt\u0113t pa\u0161vald\u012bbu publisko pakalpojumu snieg\u0161anas efektivit\u0101ti, atbalst\u012bt to sp\u0113ju veido\u0161anu, k\u0101 ar\u012b sniegt metodolo\u0123isko atbalstu.&nbsp;<\/p>\n\n\n\n<p>\u0160aj\u0101 rudens un ziemas sezon\u0101 uzs\u0101ktas jau pirm\u0101s projekta aktivit\u0101tes \u2013 notiku\u0161i vair\u0101ki kapacit\u0101tes pas\u0101kumi pa\u0161vald\u012bbu darbiniekiem, k\u0101, piem\u0113ram, \u0101rvalstu pieredzes apmai\u0146as viz\u012btes, semin\u0101ri, vebin\u0101ri u.c. veida pas\u0101kumi. Da\u017e\u0101dus kapacit\u0101tes pas\u0101kumus, kuros pa\u0161vald\u012bbu speci\u0101listiem b\u016bs iesp\u0113ja pilnveidot savas zin\u0101\u0161anas un prasmes ar\u012b turpm\u0101k, pl\u0101nots \u012bstenot l\u012bdz projekta nosl\u0113gumam \u2013 2026. gada j\u016blijam. Kopum\u0101 Projekt\u0101 pl\u0101nots apm\u0101c\u012bt 1 300 speci\u0101listu no Latvijas pa\u0161vald\u012bb\u0101m. Projekta kop\u0113jais bud\u017eets ir 3 025 000 EUR, no kuriem 2 500 000 EUR tiek nodro\u0161in\u0101ti ar Atvese\u013co\u0161anas un notur\u012bbas meh\u0101nisma pl\u0101na finansi\u0101lu atbalstu.&nbsp;<\/p>\n\n\n\n<p>S\u012bk\u0101ka inform\u0101cija par projektu pieejama informat\u012bvaj\u0101 zi\u0146ojum\u0101 &#8220;Par Latvijas Atvese\u013co\u0161anas un notur\u012bbas meh\u0101nisma pl\u0101na 3.1. reformas un invest\u012bciju virziena &#8220;Re\u0123ion\u0101l\u0101 politika&#8221; 3.1.1.2. reformas &#8220;Administrat\u012bvi teritori\u0101l\u0101 reforma&#8221; invest\u012bcijas 3.1.1.2.i. &#8220;Pa\u0161vald\u012bbu kapacit\u0101tes stiprin\u0101\u0161ana to darb\u012bbas efektivit\u0101tes un kvalit\u0101tes uzlabo\u0161anai&#8221; \u012bsteno\u0161anu\u201d, k\u0101 ar\u012b&nbsp;<a href=\"https:\/\/www.varam.gov.lv\/lv\/projekts\/pasvaldibu-kapacitates-stiprinasana\">VARAM m\u0101jaslap\u0101<\/a>.<\/p>\n","protected":false},"excerpt":{"rendered":"<p>Vides aizsardz\u012bbas un re\u0123ion\u0101l\u0101s att\u012bst\u012bbas ministrija sadarb\u012bb\u0101 ar pl\u0101no\u0161anas re\u0123ioniem \u0161ogad uzs\u0101ka Atvese\u013co\u0161anas fonda projekta &#8220;Pa\u0161vald\u012bbu kapacit\u0101tes stiprin\u0101\u0161ana to darb\u012bbas efektivit\u0101tes un kvalit\u0101tes uzlabo\u0161anai&#8221; \u012bsteno\u0161anu.<\/p>\n","protected":false},"author":1936,"featured_media":22658,"comment_status":"closed","ping_status":"closed","sticky":false,"template":"","format":"standard","meta":{"footnotes":""},"categories":[95],"tags":[],"_links":{"self":[{"href":"https:\/\/zurnalsiepirkumi.lv\/index.php?rest_route=\/wp\/v2\/posts\/22656"}],"collection":[{"href":"https:\/\/zurnalsiepirkumi.lv\/index.php?rest_route=\/wp\/v2\/posts"}],"about":[{"href":"https:\/\/zurnalsiepirkumi.lv\/index.php?rest_route=\/wp\/v2\/types\/post"}],"author":[{"embeddable":true,"href":"https:\/\/zurnalsiepirkumi.lv\/index.php?rest_route=\/wp\/v2\/users\/1936"}],"replies":[{"embeddable":true,"href":"https:\/\/zurnalsiepirkumi.lv\/index.php?rest_route=%2Fwp%2Fv2%2Fcomments&post=22656"}],"version-history":[{"count":2,"href":"https:\/\/zurnalsiepirkumi.lv\/index.php?rest_route=\/wp\/v2\/posts\/22656\/revisions"}],"predecessor-version":[{"id":22659,"href":"https:\/\/zurnalsiepirkumi.lv\/index.php?rest_route=\/wp\/v2\/posts\/22656\/revisions\/22659"}],"wp:featuredmedia":[{"embeddable":true,"href":"https:\/\/zurnalsiepirkumi.lv\/index.php?rest_route=\/wp\/v2\/media\/22658"}],"wp:attachment":[{"href":"https:\/\/zurnalsiepirkumi.lv\/index.php?rest_route=%2Fwp%2Fv2%2Fmedia&parent=22656"}],"wp:term":[{"taxonomy":"category","embeddable":true,"href":"https:\/\/zurnalsiepirkumi.lv\/index.php?rest_route=%2Fwp%2Fv2%2Fcategories&post=22656"},{"taxonomy":"post_tag","embeddable":true,"href":"https:\/\/zurnalsiepirkumi.lv\/index.php?rest_route=%2Fwp%2Fv2%2Ftags&post=22656"}],"curies":[{"name":"wp","href":"https:\/\/api.w.org\/{rel}","templated":true}]}}