{"id":22279,"date":"2023-11-09T08:45:45","date_gmt":"2023-11-09T06:45:45","guid":{"rendered":"https:\/\/zurnalsiepirkumi.lv\/?p=22279"},"modified":"2023-11-10T08:48:21","modified_gmt":"2023-11-10T06:48:21","slug":"eiropas-parlaments-atbalsta-tiesibu-aktu-kas-uzlabos-datu-izmantosanu","status":"publish","type":"post","link":"https:\/\/zurnalsiepirkumi.lv\/?p=22279","title":{"rendered":"Eiropas Parlaments atbalsta ties\u012bbu aktu, kas uzlabos datu izmanto\u0161anu"},"content":{"rendered":"\n<p>Eiropas Parlaments<\/p>\n\n\n\n<p>Datu akta m\u0113r\u0137is ir veicin\u0101t inov\u0101ciju, nov\u0113r\u0161ot \u0161\u0137\u0113r\u0161\u013cus, kas l\u012bdz \u0161im apgr\u016btin\u0101ja piek\u013cuvi datiem. Par jauno likumu jau vienoju\u0161ies EP deput\u0101ti un dal\u012bbvalstis.<\/p>\n\n\n\n<p>Jaunais likums nosaka to, k\u0101 b\u016bs j\u0101kop\u012bgo dati, kas ieg\u016bti, izmantojot savienotus produktus vai saist\u012btus pakalpojumus (piem\u0113ram, lietu internetu, r\u016bpniecisk\u0101s iek\u0101rtas), k\u0101 ar\u012b \u013caus lietot\u0101jiem piek\u013c\u016bt pa\u0161u rad\u012btajiem datiem.<\/p>\n\n\n\n<p>Tas veicin\u0101s jaunu pakalpojumu izstr\u0101di, jo \u012bpa\u0161i m\u0101ksl\u012bg\u0101 intelekta jom\u0101, kur algoritmu apm\u0101c\u012bbai ir nepiecie\u0161ams milz\u012bgs datu apjoms. Jaun\u0101 likuma m\u0113r\u0137is ir ar\u012b mazin\u0101t p\u0113cp\u0101rdo\u0161anas pakalpojumu un savienoto ier\u012b\u010du remonta cenas. T\u0101pat tas paredz, ka \u0101rk\u0101rtas situ\u0101cij\u0101s, piem\u0113ram, pl\u016bdu un pla\u0161u ugunsgr\u0113ku gad\u012bjum\u0101, publisk\u0101s iest\u0101des var\u0113s piek\u013c\u016bt priv\u0101t\u0101 sektora r\u012bc\u012bb\u0101 eso\u0161ajiem datiem.<\/p>\n\n\n\n<h3 class=\"wp-block-heading\"><strong>Komercnosl\u0113pumu aizsardz\u012bba un nelikum\u012bgas p\u0101rs\u016bt\u012b\u0161anas nov\u0113r\u0161ana<\/strong><\/h3>\n\n\n\n<p>EP deput\u0101ti nodro\u0161in\u0101ju\u0161i skaidras defin\u012bcijas komercnosl\u0113pumiem un komercnosl\u0113pumu tur\u0113t\u0101jiem, lai nov\u0113rstu nelikum\u012bgu datu p\u0101rs\u016bt\u012b\u0161anu un datu nopl\u016bdi uz valst\u012bm, kur\u0101s sp\u0113k\u0101 ir v\u0101j\u0101ki datu aizsardz\u012bbas noteikumi. Vi\u0146i ar\u012b samazin\u0101ja iesp\u0113jas izmantot piek\u013cuvi datiem, lai \u201crevers\u0101s in\u017eenierijas\u201d pal\u012bdz\u012bbu kop\u0113tu konkurentu pakalpojumu vai ier\u012bces.<\/p>\n\n\n\n<p>Jaunais likums atvieglo iesp\u0113jas p\u0101riet no viena m\u0101ko\u0146pakalpojumu sniedz\u0113ja pie cita, un ievie\u0161 dro\u0161\u012bbas pas\u0101kumus pret to, m\u0101ko\u0146datu mitin\u0101t\u0101ju veiktu nelikum\u012bgu datu p\u0101rs\u016bt\u012b\u0161anu uz \u0101rvalst\u012bm. EP deput\u0101ti nodro\u0161in\u0101ja, ka m\u0101ko\u0146pakalpojumu sa\u0146\u0113m\u0113jiem b\u016bs ties\u012bbas apspriest pakalpojumu l\u012bgumus un nov\u0113rst scen\u0101riju, kur\u0101 vi\u0146i tiek \u201cpiesieti\u201d konkr\u0113tam pakalpojumu sniedz\u0113jam.<\/p>\n\n\n\n<h3 class=\"wp-block-heading\"><strong>Cit\u0101ts<\/strong><\/h3>\n\n\n\n<p>Eiropas Parlamenta zi\u0146ot\u0101ja\u00a0<strong><a rel=\"noreferrer noopener\" href=\"https:\/\/www.europarl.europa.eu\/meps\/en\/28390\/PILAR_DEL+CASTILLO+VERA\/home\" target=\"_blank\">Pilara del Kastiljo Vera (EPP, Sp\u0101nija)<\/a>\u00a0<\/strong>sac\u012bja: &#8220;Datu akts piln\u012bb\u0101 main\u012bs sp\u0113les noteikumus. Datu pieejam\u012bba par r\u016bpniecisko iek\u0101rtu darb\u012bbu \u013caus r\u016bpn\u012bc\u0101m, ferm\u0101m un b\u016bvniec\u012bbas uz\u0146\u0113mumiem optimiz\u0113t darb\u012bbas ciklus, ra\u017eo\u0161anas l\u012bnijas un pieg\u0101des \u0137\u0113\u017eu p\u0101rvald\u012bbu. Datu akts rad\u012bs jaunu elast\u012bgu datu infrastrukt\u016bru, kas \u013caus viegli piek\u013c\u016bt teju bezgal\u012bgam apjomam augstas kvalit\u0101tes datu. Tas pal\u012bdz\u0113s optimiz\u0113t past\u0101vo\u0161os uz\u0146\u0113m\u0113jdarb\u012bbas mode\u013cus un procesus, veicin\u0101s jaunu mode\u013cu veido\u0161anos un rad\u012bs jaunu v\u0113rt\u012bbu. Citiem v\u0101rdiem sakot, tas sniedz iesp\u0113ju inov\u0101cijai un konkur\u0113tsp\u0113jas uzlabo\u0161anai\u201d.<\/p>\n\n\n\n<h3 class=\"wp-block-heading\"><strong>Turpm\u0101kie so\u013ci<\/strong><\/h3>\n\n\n\n<p>Ties\u012bbu akts tika pie\u0146emts ar 481 balsi \u201cpar\u201c, 31 \u201cpret\u201c un 71 deput\u0101tam atturoties. Pirms st\u0101ties sp\u0113k\u0101, tas ofici\u0101li j\u0101apstiprina ar\u012b Padom\u0113.<\/p>\n\n\n\n<h3 class=\"wp-block-heading\"><strong>Visp\u0101r\u0113ja inform\u0101cija<\/strong><\/h3>\n\n\n\n<p>Cilv\u0113ku un ma\u0161\u012bnu rad\u012bto datu apjoms eksponenci\u0101li pieaug un k\u013c\u016bst par iz\u0161\u0137iro\u0161u faktoru uz\u0146\u0113mumu un valsts iest\u0101\u017eu inov\u0101cij\u0101m (piem\u0113ram, viedo pils\u0113tu veido\u0161an\u0101). Jaunais ties\u012bbu akts \u013caus lietot\u0101jiem piek\u013c\u016bt pa\u0161u rad\u012btajiem datiem, jo\u00a0<a rel=\"noreferrer noopener\" href=\"https:\/\/ec.europa.eu\/commission\/presscorner\/detail\/lv\/ip_22_1113\" target=\"_blank\"><strong>saska\u0146\u0101 ar Eiropas Komisijas datiem<\/strong><\/a>\u00a080 % no r\u016bpnieciski apkopotajiem datiem nekad netiek izmantoti.<\/p>\n\n\n\n<h3 class=\"wp-block-heading\"><strong>Konference par Eiropas n\u0101kotni<\/strong><\/h3>\n\n\n\n<p>Datu akts \u012bsteno principus, kas izkl\u0101st\u012bti Konferences par Eiropas n\u0101kotni priek\u0161likumos, jo \u012bpa\u0161i 31(7), 35(7) un 35(10) priek\u0161likum\u0101 ar m\u0113r\u0137i veidot stabilu un vienl\u012bdz\u012bgu digit\u0101lo ekonomiku. Tas sasaucas ar Konferences v\u012bziju par elast\u012bgu datu infrastrukt\u016bru, kas pak\u0101rtota Eiropas v\u0113rt\u012bb\u0101m un principiem. Datu akts pal\u012bdz\u0113s \u012bstenot ar\u012b sabiedrisko pakalpojumu digit\u0101lo p\u0101rveidi un Eiropas kop\u0113j\u0101s digit\u0101l\u0101s identit\u0101tes ievie\u0161anu, kas optimiz\u0113s p\u0101rrobe\u017eu digit\u0101los dar\u012bjumus un pakalpojumus, vienlaikus nodro\u0161inot visaptvero\u0161u Eiropas standartu un vadl\u012bniju sist\u0113mu.<\/p>\n","protected":false},"excerpt":{"rendered":"<p>Datu akta m\u0113r\u0137is ir veicin\u0101t inov\u0101ciju, nov\u0113r\u0161ot \u0161\u0137\u0113r\u0161\u013cus, kas l\u012bdz \u0161im apgr\u016btin\u0101ja piek\u013cuvi datiem. Par jauno likumu jau vienoju\u0161ies EP deput\u0101ti un dal\u012bbvalstis.<\/p>\n","protected":false},"author":1938,"featured_media":22278,"comment_status":"closed","ping_status":"open","sticky":false,"template":"","format":"standard","meta":{"footnotes":""},"categories":[71],"tags":[],"_links":{"self":[{"href":"https:\/\/zurnalsiepirkumi.lv\/index.php?rest_route=\/wp\/v2\/posts\/22279"}],"collection":[{"href":"https:\/\/zurnalsiepirkumi.lv\/index.php?rest_route=\/wp\/v2\/posts"}],"about":[{"href":"https:\/\/zurnalsiepirkumi.lv\/index.php?rest_route=\/wp\/v2\/types\/post"}],"author":[{"embeddable":true,"href":"https:\/\/zurnalsiepirkumi.lv\/index.php?rest_route=\/wp\/v2\/users\/1938"}],"replies":[{"embeddable":true,"href":"https:\/\/zurnalsiepirkumi.lv\/index.php?rest_route=%2Fwp%2Fv2%2Fcomments&post=22279"}],"version-history":[{"count":1,"href":"https:\/\/zurnalsiepirkumi.lv\/index.php?rest_route=\/wp\/v2\/posts\/22279\/revisions"}],"predecessor-version":[{"id":22280,"href":"https:\/\/zurnalsiepirkumi.lv\/index.php?rest_route=\/wp\/v2\/posts\/22279\/revisions\/22280"}],"wp:featuredmedia":[{"embeddable":true,"href":"https:\/\/zurnalsiepirkumi.lv\/index.php?rest_route=\/wp\/v2\/media\/22278"}],"wp:attachment":[{"href":"https:\/\/zurnalsiepirkumi.lv\/index.php?rest_route=%2Fwp%2Fv2%2Fmedia&parent=22279"}],"wp:term":[{"taxonomy":"category","embeddable":true,"href":"https:\/\/zurnalsiepirkumi.lv\/index.php?rest_route=%2Fwp%2Fv2%2Fcategories&post=22279"},{"taxonomy":"post_tag","embeddable":true,"href":"https:\/\/zurnalsiepirkumi.lv\/index.php?rest_route=%2Fwp%2Fv2%2Ftags&post=22279"}],"curies":[{"name":"wp","href":"https:\/\/api.w.org\/{rel}","templated":true}]}}