{"id":22131,"date":"2023-10-24T14:51:13","date_gmt":"2023-10-24T12:51:13","guid":{"rendered":"https:\/\/zurnalsiepirkumi.lv\/?p=22131"},"modified":"2023-10-24T14:52:51","modified_gmt":"2023-10-24T12:52:51","slug":"ieguldijumiem-uznemumu-attistiba-un-inovacijas-pieejami-vairak-ka-5-milj-eiro","status":"publish","type":"post","link":"https:\/\/zurnalsiepirkumi.lv\/?p=22131","title":{"rendered":"Ieguld\u012bjumiem uz\u0146\u0113mumu att\u012bst\u012bb\u0101 un inov\u0101cij\u0101s pieejami vair\u0101k k\u0101 5 milj.eiro"},"content":{"rendered":"\n<p>Ministru kabinets<\/p>\n\n\n\n<p>Ministru kabinets \u0161.g. 24. oktobra s\u0113d\u0113 apstiprin\u0101ja Atvese\u013co\u0161anas fonda atbalsta programmu, lai veicin\u0101tu uz\u0146\u0113mumu, p\u0113tniec\u012bbas, izgl\u012bt\u012bbas un zin\u0101tnes instit\u016bciju sadarb\u012bbu viet\u0113j\u0101 un starptautisk\u0101 l\u012bmen\u012b, k\u0101 ar\u012b palielin\u0101tu uz\u0146\u0113mumu ieguld\u012bjumus att\u012bst\u012bb\u0101 un inov\u0101cij\u0101s.\u00a0<strong>\u00a0<\/strong><\/p>\n\n\n\n<p>Zemo ieguld\u012bjumu l\u012bmeni p\u0113tniec\u012bb\u0101 un att\u012bst\u012bb\u0101 ietekm\u0113 vair\u0101ki \u0161\u0137\u0113r\u0161\u013ci, kur viens no tiem ir uz\u0146\u0113mumu ieguld\u012bjumi aktivit\u0101t\u0113s ar zemu\u00a0zin\u0101\u0161anu ietilp\u012bbu un ienes\u012bgumu. Ar\u012b\u00a0ierobe\u017eotais eksportsp\u0113j\u012bgo uz\u0146\u0113mumu skaits un\u00a0lielais mikro uz\u0146\u0113mumu \u012bpatsvars\u00a0neveicina Latvijas uz\u0146\u0113mumu\u00a0virz\u012bbu uz zin\u0101\u0161an\u0101s un inov\u0101cij\u0101s balst\u012btu ekonomiku.<\/p>\n\n\n\n<p>\u201cLai\u00a0pal\u012bdz\u0113tu\u00a0Latvijas ra\u017eot\u0101jiem att\u012bst\u012bt ar tehnolo\u0123ij\u0101m un inov\u0101cij\u0101m saist\u012bt\u0101s konkurences priek\u0161roc\u012bbas, svar\u012bgi ir nodro\u0161in\u0101t internacionaliz\u0101cijas iesp\u0113jas un priv\u0101to p\u0113tniec\u012bbas un att\u012bst\u012bbas invest\u012bciju apjoma palielin\u0101\u0161anu. T\u0101d\u0113\u013c pied\u0101v\u0101jam\u00a0atbalsta instrumentu, kas paaugstin\u0101s m\u016bsu\u00a0uz\u0146\u0113mumu konkur\u0113tsp\u0113ju, produktivit\u0101ti, internacionaliz\u0101cijas\u00a0aktivit\u0101\u0161u \u012bsteno\u0161anu,\u00a0eksportsp\u0113ju un sekm\u0113s\u00a0inov\u0101ciju\u00a0att\u012bst\u012bbu,\u201d uzsver ekonomikas ministrs Viktors Valainis.<\/p>\n\n\n\n<p>Atbalsta programma tiek veidota k\u0101&nbsp;<strong>atbalsta instruments sadarb\u012bbas t\u012bkliem<\/strong>. Sadarb\u012bbas t\u012bkls ir biedr\u012bba vai&nbsp;nodibin\u0101jums, kas apvieno&nbsp;komersantus, p\u0113tniec\u012bbas un zin\u0101\u0161anu&nbsp;izplat\u012b\u0161anas organiz\u0101cijas, biedr\u012bbas, nodibin\u0101jumus un citas instit\u016bcijas, kas darbojas savstarp\u0113ji saist\u012bt\u0101s nozar\u0113s, tautsaimniec\u012bbas ni\u0161\u0101s, produkta vai pakalpojuma grup\u0101s, v\u0113rt\u012bbas \u0137\u0113d\u0113s vai re\u0123ion\u0101.&nbsp;<\/p>\n\n\n\n<p>Programmas ietvaros atbalsts b\u016bs pieejams s\u012bkajiem (mikro), mazajiem, vid\u0113jiem, lielajiem komersantiem (tai skait\u0101 valsts kapit\u0101lsabiedr\u012bb\u0101m) un p\u0113tniec\u012bbas un zin\u0101\u0161anu izplat\u012b\u0161anas organiz\u0101cij\u0101m:<strong>\u00a0<\/strong><\/p>\n\n\n\n<p> &#8211; komersantu sadarb\u012bbai ar p\u0113tniec\u012bbas un zin\u0101\u0161anu izplat\u012b\u0161anas organiz\u0101cij\u0101m;\u00a0<\/p>\n\n\n\n<p> &#8211; pieredzes un zin\u0101\u0161anu p\u0101rneses pas\u0101kumiem;\u00a0<\/p>\n\n\n\n<p> &#8211; darb\u012bb\u0101m, kas saist\u012btas ar jauna vai eso\u0161a produkta m\u0113rogo\u0161anu;\u00a0<\/p>\n\n\n\n<p> &#8211; konsult\u0101ciju sa\u0146em\u0161anai, lai veicin\u0101tu iesaisti\u00a0 Eiropas Savien\u012bbas l\u012bme\u0146a inov\u0101ciju programm\u0101s;\u00a0<\/p>\n\n\n\n<p> &#8211; pas\u0101kumiem nozares populariz\u0113\u0161anai.\u00a0<\/p>\n\n\n\n<p>Atbalsta pie\u0161\u0137ir\u0161anas proces\u0101, Centr\u0101l\u0101 Finan\u0161u un l\u012bgumu a\u0123ent\u016bra (CFLA) vispirms atlas\u012bs sadarb\u012bbas t\u012bklu, kas t\u0101l\u0101k sniegs atbalstu sadarb\u012bbas t\u012bkla dal\u012bbniekiem granta un nefinan\u0161u (apm\u0101c\u012bbas, semin\u0101ri) veid\u0101.&nbsp;&nbsp;<\/p>\n\n\n\n<p>Programmas ietvaros kop\u0113jais pieejamais Atvese\u013co\u0161anas fonda\u00a0finans\u0113jums ir 5 248 431\u202feiro, savuk\u0101rt, viena projekta maksim\u0101li pie\u013caujamais finans\u0113jums ir 437 369\u202feiro.\u00a0<strong>\u00a0<\/strong><\/p>\n\n\n\n<p>Kopum\u0101\u00a0l\u012bdz 2026.gada 30.j\u016bnijam paredz\u0113ts atbalst\u012bt vismaz 12\u00a0projekta pieteikumus, kop\u0101\u00a0sniedzot atbalstu vismaz\u00a0240 uz\u0146\u0113mumiem.\u00a0Pl\u0101nots, ka eksporta apjoms atbalst\u012btajos uz\u0146\u0113mumos divus gadus p\u0113c atbalsta sa\u0146em\u0161anas pieaugs l\u012bdz 100 milj. eiro. T\u0101pat iecer\u0113ts organiz\u0113t 1000 viz\u012btes pie potenci\u0101lajiem sadarb\u012bbas partneriem, tai skait\u0101, tirdzniec\u012bbas misijas, k\u0101 ar\u012b veikt vismaz 60 tirgus p\u0113t\u012bjumus.\u00a0\u00a0<\/p>\n\n\n\n<p>Pl\u0101nots, ka CFLA sadarb\u012bbas t\u012bklu atlasi \u012bstenos \u0161.g. decembr\u012b, lai jau 2024. gada pirmaj\u0101 ceturksn\u012b uz\u0146\u0113mumiem b\u016btu pieejams atbalsts programmas ietvaros.&nbsp;&nbsp;<\/p>\n\n\n\n<p>Latvijas Atvese\u013co\u0161anas un notur\u012bbas meh\u0101nisma pl\u0101na 5.1.\u202freformu un invest\u012bciju virziena &#8220;Produktivit\u0101tes paaugstin\u0101\u0161ana caur invest\u012bciju apjoma palielin\u0101\u0161anu P&amp;A&#8221; 5.1.1.r.\u202freformas &#8220;Inov\u0101ciju p\u0101rvald\u012bba un priv\u0101to P&amp;A invest\u012bciju motiv\u0101cija&#8221; 5.1.1.2.i.\u202finvest\u012bcijas &#8220;Atbalsta instruments p\u0113tniec\u012bbai un internacionaliz\u0101cijai&#8221; tre\u0161\u0101s k\u0101rtas \u012bsteno\u0161anas noteikumi pieejami vienotaj\u0101\u00a0 <a rel=\"noreferrer noopener\" href=\"https:\/\/tapportals.mk.gov.lv\/legal_acts\/36288eb7-d45a-4f50-ae4f-b4a543af7bbc\" target=\"_blank\">Ties\u012bbu aktu port\u0101l\u0101<\/a>.\u00a0\u00a0<\/p>\n","protected":false},"excerpt":{"rendered":"<p>Ministru kabinets \u0161.g. 24. oktobra s\u0113d\u0113 apstiprin\u0101ja Atvese\u013co\u0161anas fonda atbalsta programmu, lai veicin\u0101tu uz\u0146\u0113mumu, p\u0113tniec\u012bbas, izgl\u012bt\u012bbas un zin\u0101tnes instit\u016bciju sadarb\u012bbu viet\u0113j\u0101 un starptautisk\u0101 l\u012bmen\u012b, k\u0101 ar\u012b palielin\u0101tu uz\u0146\u0113mumu ieguld\u012bjumus att\u012bst\u012bb\u0101 un inov\u0101cij\u0101s.  <\/p>\n","protected":false},"author":1938,"featured_media":22130,"comment_status":"closed","ping_status":"open","sticky":false,"template":"","format":"standard","meta":{"footnotes":""},"categories":[23,47],"tags":[],"_links":{"self":[{"href":"https:\/\/zurnalsiepirkumi.lv\/index.php?rest_route=\/wp\/v2\/posts\/22131"}],"collection":[{"href":"https:\/\/zurnalsiepirkumi.lv\/index.php?rest_route=\/wp\/v2\/posts"}],"about":[{"href":"https:\/\/zurnalsiepirkumi.lv\/index.php?rest_route=\/wp\/v2\/types\/post"}],"author":[{"embeddable":true,"href":"https:\/\/zurnalsiepirkumi.lv\/index.php?rest_route=\/wp\/v2\/users\/1938"}],"replies":[{"embeddable":true,"href":"https:\/\/zurnalsiepirkumi.lv\/index.php?rest_route=%2Fwp%2Fv2%2Fcomments&post=22131"}],"version-history":[{"count":2,"href":"https:\/\/zurnalsiepirkumi.lv\/index.php?rest_route=\/wp\/v2\/posts\/22131\/revisions"}],"predecessor-version":[{"id":22133,"href":"https:\/\/zurnalsiepirkumi.lv\/index.php?rest_route=\/wp\/v2\/posts\/22131\/revisions\/22133"}],"wp:featuredmedia":[{"embeddable":true,"href":"https:\/\/zurnalsiepirkumi.lv\/index.php?rest_route=\/wp\/v2\/media\/22130"}],"wp:attachment":[{"href":"https:\/\/zurnalsiepirkumi.lv\/index.php?rest_route=%2Fwp%2Fv2%2Fmedia&parent=22131"}],"wp:term":[{"taxonomy":"category","embeddable":true,"href":"https:\/\/zurnalsiepirkumi.lv\/index.php?rest_route=%2Fwp%2Fv2%2Fcategories&post=22131"},{"taxonomy":"post_tag","embeddable":true,"href":"https:\/\/zurnalsiepirkumi.lv\/index.php?rest_route=%2Fwp%2Fv2%2Ftags&post=22131"}],"curies":[{"name":"wp","href":"https:\/\/api.w.org\/{rel}","templated":true}]}}