{"id":21924,"date":"2023-10-03T09:06:28","date_gmt":"2023-10-03T07:06:28","guid":{"rendered":"https:\/\/zurnalsiepirkumi.lv\/?p=21924"},"modified":"2023-10-03T09:10:07","modified_gmt":"2023-10-03T07:10:07","slug":"valdibas-papildu-pieskirtie-40-miljoni-dos-pienesumu-nozares-prioritasu-istenosanai","status":"publish","type":"post","link":"https:\/\/zurnalsiepirkumi.lv\/?p=21924","title":{"rendered":"Vald\u012bbas papildu pie\u0161\u0137irtie 40 miljoni dos pienesumu nozares priorit\u0101\u0161u \u012bsteno\u0161anai"},"content":{"rendered":"\n<p>Satiksmes ministrija<\/p>\n\n\n\n<p>Satiksmes ministrs Kaspars Bri\u0161kens uzsver, ka vald\u012bbas papildu pie\u0161\u0137irtie 40 miljoni eiro Satiksmes ministrijas (SM) priorit\u0101rajiem pas\u0101kumiem dos pozit\u012bvu pienesumu vi\u0146a izvirz\u012btaj\u0101m priorit\u0101t\u0113m \u2013 virz\u012bbai uz za\u013co kursu, dro\u0161\u012bbas un piek\u013c\u016bstam\u012bbas nodro\u0161in\u0101\u0161anai, labas p\u0101rvald\u012bbas ievie\u0161anai un starptautisk\u0101s konkur\u0113tsp\u0113jas stiprin\u0101\u0161anai.<\/p>\n\n\n\n<p>Skaidrojot savus priorit\u0101ros virzienus, k\u0101 za\u013c\u0101s p\u0101rejas pamatu satiksmes ministrs uzsver integr\u0113tu pasa\u017eieru p\u0101rvad\u0101jumu sist\u0113mu ar dzelzce\u013cu k\u0101 sabiedrisk\u0101 transporta mugurkaulu, modernus transportl\u012bdzek\u013cus, saska\u0146otus kust\u012bbas grafikus un vienotus bi\u013ce\u0161u risin\u0101jumiem, lai p\u0113c iesp\u0113jas vair\u0101k cilv\u0113ku izv\u0113l\u0113tos izmantot sabiedrisko transportu. P\u0113c ministra dom\u0101m, 2024. gadam un n\u0101kamiem diviem gadiem dzelzce\u013ca infrastrukt\u016bras uztur\u0113\u0161anai un att\u012bst\u012bbai pie\u0161\u0137irtie papildu 19 miljoni eiro gad\u0101 nevar atrisin\u0101t visus izaicin\u0101jumus; vienlaikus finans\u0113jums dos iesp\u0113ju stiprin\u0101t dzelzce\u013ca lomu, nodro\u0161inot pasa\u017eieriem \u0113rtu un m\u016bsdien\u012bgu p\u0101rvieto\u0161anos.<\/p>\n\n\n\n<p>T\u0101pat Bri\u0161kens k\u0101 nozares priorit\u0101ti akcent\u0113 ikvienam cilv\u0113kam piek\u013c\u016bstamu un dro\u0161u transporta infrastrukt\u016bru, k\u0101 ar\u012b mobilit\u0101tes pakalpojumus, tostarp cilv\u0113kiem ar p\u0101rvieto\u0161an\u0101s gr\u016bt\u012bb\u0101m. Vald\u012bbas re\u0123ion\u0101lajam sabiedriskajam transportam dot\u0101cij\u0101m papildu pie\u0161\u0137irtie 18 miljoni eiro n\u0101kamos tr\u012bs gadus veicin\u0101s iedz\u012bvot\u0101ju mobilit\u0101ti vis\u0101 valsts teritorij\u0101 par sam\u0113r\u012bgu maksu, lai visiem nodro\u0161in\u0101tu pieejam\u012bbu izgl\u012bt\u012bbas un vesel\u012bbas apr\u016bpes iest\u0101d\u0113m, k\u0101 ar\u012b nok\u013c\u016b\u0161anu uz darbu un citiem galam\u0113r\u0137iem.<\/p>\n\n\n\n<p>2024. gad\u0101 un n\u0101kamos divus gadus vald\u012bbas pie\u0161\u0137irtais 1 miljona eiro finans\u0113jums nodro\u0161in\u0101s brauk\u0161anas maksas atvieglojumus b\u0113rniem b\u0101re\u0146iem valstspils\u0113tas pa\u0161vald\u012bbu organiz\u0113tajos p\u0101rvad\u0101jumos. T\u0101pat maksas atvieglojumi tiks nodro\u0161in\u0101ti bez vec\u0101ku g\u0101d\u012bbas paliku\u0161iem b\u0113rniem, kuri atrodas aud\u017eu\u0123imen\u0113s, aizbildn\u012bb\u0101, b\u0113rnu apr\u016bpes instit\u016bcij\u0101s vai m\u0101c\u0101s visp\u0101r\u0113j\u0101s un profesion\u0101l\u0101s izgl\u012bt\u012bbas iest\u0101d\u0113s, k\u0101 ar\u012b augstskol\u0101s un koled\u017e\u0101s l\u012bdz 24 gadu vecuma sasnieg\u0161anai. T\u0101d\u0113j\u0101di tiks nodro\u0161in\u0101tas b\u0113rnu b\u0101re\u0146u un bez vec\u0101ku g\u0101d\u012bbas paliku\u0161o b\u0113rnu k\u0101 soci\u0101li maz\u0101k aizsarg\u0101tas b\u0113rnu grupas intereses. K\u0101 atz\u012bm\u0113 ministrs, ar \u0161o l\u0113mumu tiek \u012bstenoti soci\u0101li atbild\u012bgas valsts principi, jo re\u0123ion\u0101laj\u0101 sabiedriskaj\u0101 transport\u0101 min\u0113taj\u0101m grup\u0101m jau tiek nodro\u0161in\u0101ti brauk\u0161anas maksas atvieglojumi.<\/p>\n\n\n\n<p>K\u0101 savu tre\u0161o priorit\u0101ti Bri\u0161kens izvirz\u012bjis ilgtsp\u0113j\u012bgu transporta infrastrukt\u016bras un pakalpojumu finans\u0113\u0161anas un institucion\u0101l\u0101s p\u0101rvald\u012bbas modeli bez sl\u0113pt\u0101m ietekm\u0113m un negod\u012bgas konkurences. T\u0101 k\u0101 SM p\u0101rvald\u012bb\u0101 ir daudz valsts kapit\u0101lsabiedr\u012bbu, risin\u0101mo jaut\u0101jumu lok\u0101 b\u016bs ar\u012b to p\u0101rvald\u012bba, dal\u012bba starptautiskos kapit\u0101la tirgos, darba ties\u012bbas un darbinieku iema\u0146u att\u012bst\u012bba, k\u0101 ar\u012b transporta infrastrukt\u016bras piel\u0101go\u0161ana re\u0123iona aizsardz\u012bbas sp\u0113ju stiprin\u0101\u0161anai.<\/p>\n\n\n\n<p>T\u0101pat t\u0101 savu priorit\u0101ti Kaspars Bri\u0161kens akcent\u0113 nozares eksporta apjomu k\u0101pin\u0101\u0161anu, jaunu tirgu apg\u016b\u0161anu, re\u0123ion\u0101lo un starptautisko savienojam\u012bbu, tostarp \u201cRail Baltica\u201d ekonomisk\u0101 koridora att\u012bst\u012bbu. B\u016btiska noz\u012bme transporta nozar\u0113 ir ar\u012b digitaliz\u0101cijai, m\u0101ksl\u012bgajam intelektam, 5G tehnolo\u0123ij\u0101m, inov\u0101cij\u0101m kapacit\u0101tes stiprin\u0101\u0161anai un starptautiskajai sadarb\u012bbai.<\/p>\n","protected":false},"excerpt":{"rendered":"<p>Satiksmes ministrs Kaspars Bri\u0161kens uzsver, ka vald\u012bbas papildu pie\u0161\u0137irtie 40 miljoni eiro Satiksmes ministrijas (SM) priorit\u0101rajiem pas\u0101kumiem dos pozit\u012bvu pienesumu vi\u0146a izvirz\u012btaj\u0101m priorit\u0101t\u0113m \u2013 virz\u012bbai uz za\u013co kursu, dro\u0161\u012bbas un piek\u013c\u016bstam\u012bbas nodro\u0161in\u0101\u0161anai, labas p\u0101rvald\u012bbas ievie\u0161anai un starptautisk\u0101s konkur\u0113tsp\u0113jas stiprin\u0101\u0161anai.<\/p>\n","protected":false},"author":1936,"featured_media":21928,"comment_status":"closed","ping_status":"closed","sticky":false,"template":"","format":"standard","meta":{"footnotes":""},"categories":[46],"tags":[],"_links":{"self":[{"href":"https:\/\/zurnalsiepirkumi.lv\/index.php?rest_route=\/wp\/v2\/posts\/21924"}],"collection":[{"href":"https:\/\/zurnalsiepirkumi.lv\/index.php?rest_route=\/wp\/v2\/posts"}],"about":[{"href":"https:\/\/zurnalsiepirkumi.lv\/index.php?rest_route=\/wp\/v2\/types\/post"}],"author":[{"embeddable":true,"href":"https:\/\/zurnalsiepirkumi.lv\/index.php?rest_route=\/wp\/v2\/users\/1936"}],"replies":[{"embeddable":true,"href":"https:\/\/zurnalsiepirkumi.lv\/index.php?rest_route=%2Fwp%2Fv2%2Fcomments&post=21924"}],"version-history":[{"count":2,"href":"https:\/\/zurnalsiepirkumi.lv\/index.php?rest_route=\/wp\/v2\/posts\/21924\/revisions"}],"predecessor-version":[{"id":21927,"href":"https:\/\/zurnalsiepirkumi.lv\/index.php?rest_route=\/wp\/v2\/posts\/21924\/revisions\/21927"}],"wp:featuredmedia":[{"embeddable":true,"href":"https:\/\/zurnalsiepirkumi.lv\/index.php?rest_route=\/wp\/v2\/media\/21928"}],"wp:attachment":[{"href":"https:\/\/zurnalsiepirkumi.lv\/index.php?rest_route=%2Fwp%2Fv2%2Fmedia&parent=21924"}],"wp:term":[{"taxonomy":"category","embeddable":true,"href":"https:\/\/zurnalsiepirkumi.lv\/index.php?rest_route=%2Fwp%2Fv2%2Fcategories&post=21924"},{"taxonomy":"post_tag","embeddable":true,"href":"https:\/\/zurnalsiepirkumi.lv\/index.php?rest_route=%2Fwp%2Fv2%2Ftags&post=21924"}],"curies":[{"name":"wp","href":"https:\/\/api.w.org\/{rel}","templated":true}]}}