{"id":21824,"date":"2023-09-19T12:52:46","date_gmt":"2023-09-19T10:52:46","guid":{"rendered":"https:\/\/zurnalsiepirkumi.lv\/?p=21824"},"modified":"2023-09-19T12:52:46","modified_gmt":"2023-09-19T10:52:46","slug":"pasvaldibam-pieejams-finansejums-socialo-majoklu-atjaunosanai-un-buvniecibai","status":"publish","type":"post","link":"https:\/\/zurnalsiepirkumi.lv\/?p=21824","title":{"rendered":"Pa\u0161vald\u012bb\u0101m pieejams finans\u0113jums soci\u0101lo m\u0101jok\u013cu atjauno\u0161anai un b\u016bvniec\u012bbai"},"content":{"rendered":"\n<p>Ekonomikas ministrija<\/p>\n\n\n\n<p>2023. gada 19. septembra s\u0113d\u0113\u00a0Ministru kabinets apstiprin\u0101ja jaunu Eiropas Savien\u012bbas strukt\u016brfondu atbalsta programmu soci\u0101lo m\u0101jok\u013cu atjauno\u0161anai un jaunu soci\u0101lo m\u0101jok\u013cu b\u016bvniec\u012bbai, kas \u013caus b\u016btiski uzlabot pa\u0161vald\u012bbu soci\u0101lo dz\u012bvojamo fondu un samazin\u0101t rindas pa\u0161vald\u012bb\u0101s uz \u012bres un soci\u0101lajiem dz\u012bvok\u013ciem.<\/p>\n\n\n\n<p>Gan Eiropas Komisija, gan Ekonomisk\u0101s sadarb\u012bbas un att\u012bst\u012bbas organiz\u0101cija (OECD) savos izv\u0113rt\u0113jumos ir nor\u0101d\u012bjusi, ka soci\u0101lo m\u0101jok\u013cu skaits Latvij\u0101 ir nepietieko\u0161s un tie ir slikt\u0101 tehnisk\u0101 st\u0101vokl\u012b. Vienlaikus, finans\u0113juma tr\u016bkuma d\u0113\u013c pa\u0161vald\u012bb\u0101s nenotiek dz\u012bvojam\u0101 fonda papildin\u0101\u0161ana vai tehnisk\u0101 st\u0101vok\u013ca uzlabo\u0161ana. L\u012bdz ar to vismaz\u0101k aizsarg\u0101t\u0101kaj\u0101m m\u0101jsaimniec\u012bb\u0101m, pat ja t\u0101s kvalific\u0113jas ierobe\u017eotajai pal\u012bdz\u012bbai m\u0101jok\u013ca jaut\u0101jumu risin\u0101\u0161anai, l\u012bdz pa\u0161vald\u012bbas t\u0101m iz\u012br\u0113 dz\u012bvokli var n\u0101kties gaid\u012bt rind\u0101 pat gadiem.<\/p>\n\n\n\n<p>Pa\u0161laik Latvij\u0101 ir aptuveni pieci t\u016bksto\u0161i personas, kuras gaida rind\u0101 uz iesp\u0113ju sa\u0146emt pa\u0161vald\u012bbas pal\u012bdz\u012bbu\u00a0&#8211; pa\u0161vald\u012bbai piedero\u0161\u0101s vai t\u0101s nom\u0101t\u0101s dz\u012bvojam\u0101s telpas iz\u012br\u0113\u0161anai un soci\u0101l\u0101 dz\u012bvok\u013ca iz\u012br\u0113\u0161anai. Atbalsta programmas \u012bsteno\u0161ana pal\u012bdz\u0113s nodro\u0161in\u0101t cilv\u0113ka cien\u012bgiem dz\u012bves apst\u0101k\u013ciem atbilsto\u0161a m\u0101jok\u013ca pieejam\u012bbu soci\u0101li un ekonomiski mazaizsarg\u0101t\u0101kaj\u0101m person\u0101m.<\/p>\n\n\n\n<p>Atbalsts ir paredz\u0113ts granta veid\u0101 pa\u0161vald\u012bb\u0101m, t\u0101s iest\u0101d\u0113m vai kapit\u0101lsabiedr\u012bb\u0101m, lai atjaunotu vai p\u0101rb\u016bv\u0113tu neiz\u012br\u0113tas pa\u0161vald\u012bbu \u012bpa\u0161um\u0101 eso\u0161as atsevi\u0161\u0137as telpu grupas (dz\u012bvok\u013cus) vai \u0113kas, k\u0101 ar\u012b, lai pabeigtu iepriek\u0161 ekspluat\u0101cij\u0101 nenodotas b\u016bves un no jauna b\u016bv\u0113tu dz\u012bvojam\u0101s m\u0101jas.\u00a0Programmas nosac\u012bjumi paredz, ka t\u0101s rezult\u0101t\u0101 rad\u012btos m\u0101jok\u013cus pa\u0161vald\u012bb\u0101m b\u016bs\u00a0j\u0101iz\u012br\u0113 person\u0101m saska\u0146\u0101 ar likuma \u201cPar pal\u012bdz\u012bbu dz\u012bvok\u013ca jaut\u0101jumu risin\u0101\u0161an\u0101\u201d regul\u0113jumu, turkl\u0101t \u0161aj\u0101 likum\u0101 noteiktaj\u0101m vismaz\u0101kaizsarg\u0101t\u0101kaj\u0101m personu kategorij\u0101m, piem\u0113ram, maznodro\u0161in\u0101t\u0101m person\u0101m, kuras tiek izliktas no dz\u012bvok\u013ciem, bez vec\u0101ku g\u0101d\u012bbas paliku\u0161iem b\u0113rniem p\u0113c pilngad\u012bbas, \u012bpa\u0161u kategoriju maznodro\u0161in\u0101t\u0101m person\u0101m (ar invalidit\u0101ti, pensijas vecumu sasniegu\u0161as) u.c., k\u0101 ar\u012b pa\u0161vald\u012bbu saisto\u0161ajos noteikumos noteiktaj\u0101m personu kategorij\u0101m.<\/p>\n\n\n\n<p>Atbalsta programmai kop\u0113jais pl\u0101notais finans\u0113jums ir 60,\u00a09 milj. eiro,\u00a0ko veido\u00a0Eiropas Re\u0123ion\u0101l\u0101s att\u012bst\u012bbas fonda finans\u0113jums (ERAF) 51\u00a0765\u00a0000 eiro un pa\u0161vald\u012bbu bud\u017eeta l\u012bdzfinans\u0113jums vismaz 9\u00a0135\u00a0001 eiro apm\u0113r\u0101. Pl\u0101nots, ka Centr\u0101l\u0101 finan\u0161u un l\u012bgumu a\u0123ent\u016bra jau tuv\u0101ko m\u0113ne\u0161u laik\u0101 izsludin\u0101s pirm\u0101s k\u0101rtas atlasi.<\/p>\n\n\n\n<p>Pl\u0101nots, ka ar programmas atbalstu l\u012bdz 2029. gada 31. decembrim pa\u0161vald\u012bbas var\u0113s nodro\u0161in\u0101t dz\u012bvesvietu vismaz 1\u00a0865 jaunuzceltos vai moderniz\u0113tos soci\u0101lajos m\u0101jok\u013cos, tai skait\u0101 l\u012bdz 2024.\u00a0gada 31.\u00a0decembrim &#8211; vismaz 200 person\u0101m. Iecer\u0113ts, ka ar pie\u0161\u0137irto atbalstu vismaz 1\u00a0200 m\u0101jok\u013ci tiks rad\u012bti, atjaunojot pa\u0161vald\u012bbu \u012bpa\u0161um\u0101 jau eso\u0161us atsevi\u0161\u0137us dz\u012bvok\u013cus, savuk\u0101rt vismaz 665 m\u0101jok\u013ci var\u0113tu tikt rad\u012bti, b\u016bv\u0113jot jaunas dz\u012bvojam\u0101s m\u0101jas vai p\u0101rb\u016bv\u0113jot eso\u0161\u0101s \u0113kas.<\/p>\n\n\n\n<p>Projektu \u012bsteno\u0161anas rezult\u0101t\u0101 izveidotajiem dz\u012bvok\u013ciem b\u016bs j\u0101b\u016bt ar pilnu iek\u0161\u0113jo apdari, vannas un tualetes telp\u0101m ir j\u0101b\u016bt apr\u012bkot\u0101m ar santehniku \u2013 izlietni, jauc\u0113jkr\u0101nu, podu un vannu vai du\u0161as kab\u012bni, un virtuvei ir j\u0101b\u016bt apr\u012bkotai ar izlietni un jauc\u0113jkr\u0101nu. Tiks attiecin\u0101tas ar\u012b iek\u0101rtu un ier\u012b\u010du ieg\u0101des izmaksas virtuves un sanit\u0101ro telpu funkcionalit\u0101tes nodro\u0161in\u0101\u0161anai.<\/p>\n\n\n\n<p>Vair\u0101k par\u00a0Eiropas Savien\u012bbas koh\u0113zijas politikas programmas 2021.\u20132027.\u00a0gadam 4.3.1.\u00a0specifisk\u0101 atbalsta m\u0113r\u0137a &#8220;Veicin\u0101t soci\u0101li atstumto kopienu, m\u0101jsaimniec\u012bbu ar zemiem ien\u0101kumiem un nelabv\u0113l\u012bg\u0101 situ\u0101cij\u0101 eso\u0161o grupu, tostarp cilv\u0113ku ar \u012bpa\u0161\u0101m vajadz\u012bb\u0101m soci\u0101li ekonomisko integr\u0101ciju, \u012bstenojot integr\u0113tas darb\u012bbas, tostarp nodro\u0161inot m\u0101jokli un soci\u0101los pakalpojumus&#8221; 4.3.1.3.\u00a0pas\u0101kuma &#8220;Soci\u0101lo m\u0101jok\u013cu atjauno\u0161ana vai jaunu soci\u0101lo m\u0101jok\u013cu b\u016bvniec\u012bba&#8221; \u012bsteno\u0161anas noteikumiem \u2013\u00a0<a href=\"https:\/\/tapportals.mk.gov.lv\/legal_acts\/a6927cd3-dae9-4abf-b997-ec4b350b7476\" target=\"_blank\" rel=\"noreferrer noopener\">vienotaj\u0101 Ties\u012bbu aktu port\u0101l\u0101<\/a>.<\/p>\n","protected":false},"excerpt":{"rendered":"<p>2023. gada 19. septembra s\u0113d\u0113\u00a0Ministru kabinets apstiprin\u0101ja jaunu Eiropas Savien\u012bbas strukt\u016brfondu atbalsta programmu soci\u0101lo m\u0101jok\u013cu atjauno\u0161anai un jaunu soci\u0101lo m\u0101jok\u013cu b\u016bvniec\u012bbai, kas \u013caus b\u016btiski uzlabot pa\u0161vald\u012bbu soci\u0101lo dz\u012bvojamo fondu un samazin\u0101t rindas pa\u0161vald\u012bb\u0101s uz \u012bres un soci\u0101lajiem dz\u012bvok\u013ciem.<\/p>\n","protected":false},"author":1938,"featured_media":21823,"comment_status":"closed","ping_status":"open","sticky":false,"template":"","format":"standard","meta":{"footnotes":""},"categories":[23,95],"tags":[],"_links":{"self":[{"href":"https:\/\/zurnalsiepirkumi.lv\/index.php?rest_route=\/wp\/v2\/posts\/21824"}],"collection":[{"href":"https:\/\/zurnalsiepirkumi.lv\/index.php?rest_route=\/wp\/v2\/posts"}],"about":[{"href":"https:\/\/zurnalsiepirkumi.lv\/index.php?rest_route=\/wp\/v2\/types\/post"}],"author":[{"embeddable":true,"href":"https:\/\/zurnalsiepirkumi.lv\/index.php?rest_route=\/wp\/v2\/users\/1938"}],"replies":[{"embeddable":true,"href":"https:\/\/zurnalsiepirkumi.lv\/index.php?rest_route=%2Fwp%2Fv2%2Fcomments&post=21824"}],"version-history":[{"count":1,"href":"https:\/\/zurnalsiepirkumi.lv\/index.php?rest_route=\/wp\/v2\/posts\/21824\/revisions"}],"predecessor-version":[{"id":21825,"href":"https:\/\/zurnalsiepirkumi.lv\/index.php?rest_route=\/wp\/v2\/posts\/21824\/revisions\/21825"}],"wp:featuredmedia":[{"embeddable":true,"href":"https:\/\/zurnalsiepirkumi.lv\/index.php?rest_route=\/wp\/v2\/media\/21823"}],"wp:attachment":[{"href":"https:\/\/zurnalsiepirkumi.lv\/index.php?rest_route=%2Fwp%2Fv2%2Fmedia&parent=21824"}],"wp:term":[{"taxonomy":"category","embeddable":true,"href":"https:\/\/zurnalsiepirkumi.lv\/index.php?rest_route=%2Fwp%2Fv2%2Fcategories&post=21824"},{"taxonomy":"post_tag","embeddable":true,"href":"https:\/\/zurnalsiepirkumi.lv\/index.php?rest_route=%2Fwp%2Fv2%2Ftags&post=21824"}],"curies":[{"name":"wp","href":"https:\/\/api.w.org\/{rel}","templated":true}]}}