{"id":21739,"date":"2023-09-05T08:05:18","date_gmt":"2023-09-05T06:05:18","guid":{"rendered":"https:\/\/zurnalsiepirkumi.lv\/?p=21739"},"modified":"2023-09-07T08:10:02","modified_gmt":"2023-09-07T06:10:02","slug":"pasvaldibu-kapacitates-stiprinasana-to-darbibas-efektivitates-un-kvalitates-uzlabosanai","status":"publish","type":"post","link":"https:\/\/zurnalsiepirkumi.lv\/?p=21739","title":{"rendered":"Pa\u0161vald\u012bbu kapacit\u0101tes stiprin\u0101\u0161ana to darb\u012bbas efektivit\u0101tes un kvalit\u0101tes uzlabo\u0161anai"},"content":{"rendered":"\n<p>Zemgales pl\u0101no\u0161anas re\u0123ions<\/p>\n\n\n<p>&nbsp;<\/p>\n\n\n<p>Programma:&nbsp;Eiropas Savien\u012bbas Atvese\u013co\u0161anas fonds (<em>Recovery and Resilience Facility<\/em>)<\/p>\n\n\n\n<p>Projekts:&nbsp;Nr. 3.1.1.2.i.0\/1\/22\/I\/VARAM\/001, \u201cPa\u0161vald\u012bbu kapacit\u0101tes stiprin\u0101\u0161ana to darb\u012bbas efektivit\u0101tes un kvalit\u0101tes uzlabo\u0161anai\u201d<\/p>\n\n\n\n<p>Projekta \u012bsteno\u0161anas laiks:&nbsp;13.06.2023. \u2013 30.06.2026.<\/p>\n\n\n\n<p>Projekta finans\u0113jums:&nbsp; 3 025 000.00 EUR, tai skait\u0101 Atvese\u013co\u0161anas fonda finans\u0113jums 2 500 000.00 EUR apm\u0113r\u0101 un valsts bud\u017eeta l\u012bdzek\u013ci 525 000.00 EUR.<\/p>\n\n\n\n<p>Vado\u0161ais partneris:&nbsp;Vides aizsardz\u012bbas un \u0157e\u0123ion\u0101l\u0101s att\u012bst\u012bbas ministrija (<a href=\"https:\/\/www.varam.gov.lv\/lv\" target=\"_blank\" rel=\"noreferrer noopener\">https:\/\/www.varam.gov.lv\/lv<\/a>)<\/p>\n\n\n<p>&nbsp;<\/p>\n\n\n<p>Projekta partneri:<\/p>\n\n\n\n<ul>\n<li>Zemgales pl\u0101no\u0161anas re\u0123ions (<a href=\"https:\/\/www.zemgale.lv\/lv\" target=\"_blank\" rel=\"noreferrer noopener\">https:\/\/www.zemgale.lv\/lv<\/a>&nbsp;)<\/li>\n\n\n\n<li>Kurzemes pl\u0101no\u0161anas re\u0123ions (<a href=\"https:\/\/www.kurzemesregions.lv\/\" target=\"_blank\" rel=\"noreferrer noopener\">https:\/\/www.kurzemesregions.lv\/<\/a>)<\/li>\n\n\n\n<li>Latgales pl\u0101no\u0161anas re\u0123ions (<a href=\"https:\/\/lpr.gov.lv\/\" target=\"_blank\" rel=\"noreferrer noopener\">https:\/\/lpr.gov.lv\/<\/a>)<\/li>\n\n\n\n<li>R\u012bgas pl\u0101no\u0161anas re\u0123ions (<a href=\"https:\/\/rpr.gov.lv\/\" target=\"_blank\" rel=\"noreferrer noopener\">https:\/\/rpr.gov.lv\/<\/a>)<\/li>\n\n\n\n<li>Vidzemes pl\u0101no\u0161anas re\u0123ions (<a href=\"https:\/\/www.vidzeme.lv\/\" target=\"_blank\" rel=\"noreferrer noopener\">https:\/\/www.vidzeme.lv\/<\/a>)<\/li>\n<\/ul>\n\n\n\n<p>Projekta m\u0113r\u0137is:&nbsp;celt pa\u0161vald\u012bbu kapacit\u0101ti to darb\u012bbas efektivit\u0101tes un kvalit\u0101tes uzlabo\u0161anai administrat\u012bvi teritori\u0101l\u0101s reformas kontekst\u0101, lai t\u0101s sp\u0113tu nodro\u0161in\u0101t t\u0101m likumos noteikto autonomo funkciju izpildi sal\u012bdzin\u0101m\u0101 kvalit\u0101t\u0113 un pieejam\u012bb\u0101, k\u0101 ar\u012b sp\u0113tu sniegt iedz\u012bvot\u0101jiem kvalitat\u012bvus pakalpojumus par sam\u0113r\u012bg\u0101m izmaks\u0101m atbilsto\u0161i aktu\u0101laj\u0101m demogr\u0101fiskaj\u0101m tendenc\u0113m.<\/p>\n\n\n\n<p>Projekt\u0101 pl\u0101not\u0101s aktivit\u0101tes un pas\u0101kumi:<\/p>\n\n\n\n<ul>\n<li>Semin\u0101ru un apm\u0101c\u012bbu organiz\u0113\u0161ana pa\u0161vald\u012bbu speci\u0101listiem;<\/li>\n\n\n\n<li>Ideju hakatona organiz\u0113\u0161ana un atbalsta snieg\u0161ana pa\u0161vald\u012bbu pilotprojektu \u012bsteno\u0161anai;<\/li>\n\n\n\n<li>Pieredzes apmai\u0146as braucieni.<\/li>\n<\/ul>\n\n\n\n<p>Projekt\u0101 sasniedzamie rezult\u0101ti:<\/p>\n\n\n\n<ul>\n<li>Veicin\u0101ta administrat\u012bvi teritori\u0101l\u0101s reformas rezult\u0101t\u0101 izveidoto pa\u0161vald\u012bbu darba efektivit\u0101te, taj\u0101 skait\u0101 nodro\u0161inot kvalitat\u012bv\u0101ku publisko pakalpojumu pieejam\u012bbu;<\/li>\n\n\n\n<li>Uzlabota publisko pakalpojumu snieg\u0161anas kvalit\u0101te, nodro\u0161inot re\u0123ion\u0101lai un viet\u0113jai specifikai piem\u0113rotus risin\u0101jumus pakalpojumu snieg\u0161an\u0101 un kvalit\u0101tes uzlabo\u0161an\u0101;<\/li>\n\n\n\n<li>Papla\u0161in\u0101tas pa\u0161vald\u012bbu sadarb\u012bbas iesp\u0113jas;<\/li>\n\n\n\n<li>Nodro\u0161in\u0101ta pa\u0161vald\u012bb\u0101m likumos noteikto autonomo funkciju izpilde sal\u012bdzin\u0101m\u0101 kvalit\u0101t\u0113 un pieejam\u012bb\u0101.<\/li>\n<\/ul>\n\n\n\n<p>\u0160\u012b publik\u0101cija ir sagatavota ar Eiropas Savien\u012bbas finansi\u0101lu atbalstu. Par t\u0101s saturu piln\u012bb\u0101 atbild Zemgales pl\u0101no\u0161anas re\u0123ions un t\u0101 var neatspogu\u013cot Eiropas Savien\u012bbas viedokli.<\/p>\n","protected":false},"excerpt":{"rendered":"<p>Programma:\u00a0Eiropas Savien\u012bbas Atvese\u013co\u0161anas fonds (Recovery and Resilience Facility)<\/p>\n","protected":false},"author":1938,"featured_media":21738,"comment_status":"closed","ping_status":"open","sticky":false,"template":"","format":"standard","meta":{"footnotes":""},"categories":[23,95],"tags":[],"_links":{"self":[{"href":"https:\/\/zurnalsiepirkumi.lv\/index.php?rest_route=\/wp\/v2\/posts\/21739"}],"collection":[{"href":"https:\/\/zurnalsiepirkumi.lv\/index.php?rest_route=\/wp\/v2\/posts"}],"about":[{"href":"https:\/\/zurnalsiepirkumi.lv\/index.php?rest_route=\/wp\/v2\/types\/post"}],"author":[{"embeddable":true,"href":"https:\/\/zurnalsiepirkumi.lv\/index.php?rest_route=\/wp\/v2\/users\/1938"}],"replies":[{"embeddable":true,"href":"https:\/\/zurnalsiepirkumi.lv\/index.php?rest_route=%2Fwp%2Fv2%2Fcomments&post=21739"}],"version-history":[{"count":2,"href":"https:\/\/zurnalsiepirkumi.lv\/index.php?rest_route=\/wp\/v2\/posts\/21739\/revisions"}],"predecessor-version":[{"id":21741,"href":"https:\/\/zurnalsiepirkumi.lv\/index.php?rest_route=\/wp\/v2\/posts\/21739\/revisions\/21741"}],"wp:featuredmedia":[{"embeddable":true,"href":"https:\/\/zurnalsiepirkumi.lv\/index.php?rest_route=\/wp\/v2\/media\/21738"}],"wp:attachment":[{"href":"https:\/\/zurnalsiepirkumi.lv\/index.php?rest_route=%2Fwp%2Fv2%2Fmedia&parent=21739"}],"wp:term":[{"taxonomy":"category","embeddable":true,"href":"https:\/\/zurnalsiepirkumi.lv\/index.php?rest_route=%2Fwp%2Fv2%2Fcategories&post=21739"},{"taxonomy":"post_tag","embeddable":true,"href":"https:\/\/zurnalsiepirkumi.lv\/index.php?rest_route=%2Fwp%2Fv2%2Ftags&post=21739"}],"curies":[{"name":"wp","href":"https:\/\/api.w.org\/{rel}","templated":true}]}}