{"id":21438,"date":"2023-07-26T07:29:06","date_gmt":"2023-07-26T05:29:06","guid":{"rendered":"https:\/\/zurnalsiepirkumi.lv\/?p=21438"},"modified":"2023-07-27T07:35:23","modified_gmt":"2023-07-27T05:35:23","slug":"no-1-augusta-kompensacijas-pieteikumus-par-darbu-regionos-pienems-no-gimenes-arstu-prakses-stradajosajiem","status":"publish","type":"post","link":"https:\/\/zurnalsiepirkumi.lv\/?p=21438","title":{"rendered":"No 1. augusta kompens\u0101cijas pieteikumus par darbu re\u0123ionos pie\u0146ems no \u0123imenes \u0101rstu praks\u0113s str\u0101d\u0101jo\u0161ajiem"},"content":{"rendered":"\n<p>Vesel\u012bbas ministrija<\/p>\n\n\n\n<p>\u0145emot v\u0113r\u0101 izteiktu paaud\u017eu nomai\u0146as aktualit\u0101ti prim\u0101raj\u0101 vesel\u012bbas apr\u016bp\u0113, no \u0161\u0101 gada 1. augusta Eiropas Soci\u0101l\u0101 fonda (turpm\u0101k \u2013 ESF) projekt\u0101 &#8220;\u0100rstniec\u012bbas un \u0101rstniec\u012bbas atbalsta personu pieejam\u012bbas uzlabo\u0161ana \u0101rpus R\u012bgas&#8221; (turpm\u0101k &#8211; projekts) pieteikumi naudas kompens\u0101cijai par darba vietu re\u0123ion\u0101 tiks pie\u0146emti tikai no \u0123imenes \u0101rstu praks\u0113s str\u0101d\u0101jo\u0161ajiem, tas ir, no \u0123imenes \u0101rstiem, m\u0101s\u0101m un \u0101rstu pal\u012bgiem.<\/p>\n\n\n\n<p>Projekt\u0101, kas s\u0101kts 2017. gada nogal\u0113 un tuvojas nosl\u0113gumam, ir sasniegti projekta rezult\u0101ti par piesaist\u012bto \u0101rstniec\u012bbas personu skaitu &#8211; atbalstu kopum\u0101 sa\u0146\u0113mu\u0161as vair\u0101k nek\u0101 1 500 \u0101rstniec\u012bbas personas, kur\u0101m l\u012bdz ar to noteikts laika posms ir j\u0101nostr\u0101d\u0101 \u0101rpus R\u012bgas.\u00a0Turkl\u0101t projekta finans\u0113jums vair\u0101kk\u0101rt\u012bgi palielin\u0101ts par labu medi\u0137iem no citiem ministrijas \u012bstenotajiem ES fondu projektiem &#8211; liel\u0101s \u0101rstniec\u012bbas personu intereses d\u0113\u013c projekta finans\u0113jums no s\u0101kotn\u0113jiem 6,9 miljoniem eiro palielin\u0101ts l\u012bdz pat 17 miljoniem.<\/p>\n\n\n\n<p>Vesel\u012bbas ministrija uzsver, ka ar\u012b turpm\u0101k \u012bstenos projektus cilv\u0113kresursu jom\u0101, piesaistot tam ES fondu finans\u0113jumu, lai risin\u0101tu izaicin\u0101jumus, kas saist\u012bti ar cilv\u0113kresursiem nozar\u0113. Jau 2024. gada s\u0101kum\u0101 aicin\u0101sim sniegt pieteikumus naudas kompens\u0101cijas sa\u0146em\u0161anai t\u0101s \u0101rstniec\u012bbas personas, kuras pacientiem nodro\u0161in\u0101s valsts apmaks\u0101to vesel\u012bbas apr\u016bpi un str\u0101d\u0101s valsts sektor\u0101.\u00a0<\/p>\n\n\n\n<p>ESF projekta &#8220;\u0100rstniec\u012bbas un \u0101rstniec\u012bbas atbalsta personu pieejam\u012bbas uzlabo\u0161ana \u0101rpus R\u012bgas&#8221; \u012bsteno\u0161anas laik\u0101 nosl\u0113gti 1 522 kompens\u0101cijas l\u012bgumi, tostarp \u0161o finan\u0161u atbalstu sa\u0146\u0113mu\u0161i 252 \u0101rsti, 267 \u0101rsta pal\u012bgi, 301 medic\u012bnas m\u0101sa, 20 vecm\u0101tes, 42 fizioterapeiti, 10 ergoterapeiti, k\u0101 ar\u012b zob\u0101rsta asistenti, zobu higi\u0113nisti, m\u0101kslas terapeits un audiologop\u0113ds. P\u0113c \u0101rstniec\u012bbas iest\u0101\u017eu ikgad\u0113j\u0101m aptauj\u0101m projekta laik\u0101 tika papla\u0161in\u0101ts \u0101rstniec\u012bbas personu loks, kas var\u0113ja pretend\u0113t uz naudas kompens\u0101ciju par darba vietu re\u0123ion\u0101.<\/p>\n\n\n\n<p>\u0145emot v\u0113r\u0101 izteiktu paaud\u017eu nomai\u0146as aktualit\u0101ti \u00a0prim\u0101raj\u0101 vesel\u012bbas apr\u016bp\u0113 un ietaup\u012bjumus citos Vesel\u012bbas ministrijas realiz\u0113tajos ES fondu projektos, Ministru kabinets \u0161\u0101 gada 6.j\u016bnij\u0101 atbalst\u012bja papildus finans\u0113juma pie\u0161\u0137ir\u0161anu projektam, to turpm\u0101k novirzot\u202f\u0101rstniec\u012bbas person\u0101m, kuras nodro\u0161ina prim\u0101r\u0101s vesel\u012bbas apr\u016bp\u0113s pakalpojumus, proti, \u0123imenes \u0101rstu praks\u0113m (t.sk. \u0123imenes \u0101rstiem, \u0123imenes \u0101rstu praks\u0113s nodarbin\u0101taj\u0101m visp\u0101r\u0113jas apr\u016bpes m\u0101s\u0101m un \u0101rsta pal\u012bgiem).\u202f\u00a0T\u0101d\u0113\u013c no \u0161\u0101 gada 1. augusta l\u012bdz 2023. gada 31. oktobrim pretendentu pieteikumus \u0161\u012b ESF projekta ietvaros pie\u0146ems tikai no \u0123imenes \u0101rstu praks\u0113s str\u0101d\u0101jo\u0161ajiem &#8211; \u0123imenes \u0101rstiem, m\u0101s\u0101m, \u0101rstu pal\u012bgiem.\u00a0<\/p>\n\n\n\n<p>Vesel\u012bbas ministrija 2024.gad\u0101 uzs\u0101ks jaun\u0101 2021.-2027.gada pl\u0101no\u0161anas perioda ESF specifisk\u0101 atbalsta m\u0113r\u0137a 4.1.2. \u201cUzlabot vienl\u012bdz\u012bgu un savlaic\u012bgu piek\u013cuvi kvalitat\u012bviem, ilgtsp\u0113j\u012bgiem un izmaksu zi\u0146\u0101 pieejamiem vesel\u012bbas apr\u016bpes, vesel\u012bbas veicin\u0101\u0161anas un slim\u012bbu profilakses pakalpojumiem, uzlabojot vesel\u012bbas apr\u016bpes sist\u0113mu efektivit\u0101ti un iztur\u0113tsp\u0113ju\u201d projekta \u012bsteno\u0161anu. Tam s\u0101koties, tiks sniegta inform\u0101cija par nosac\u012bjumiem atbalsta sa\u0146em\u0161anai gan \u0101rstniec\u012bbas iest\u0101d\u0113m, gan medi\u0137iem.<\/p>\n","protected":false},"excerpt":{"rendered":"<p>\u0145emot v\u0113r\u0101 izteiktu paaud\u017eu nomai\u0146as aktualit\u0101ti prim\u0101raj\u0101 vesel\u012bbas apr\u016bp\u0113, no \u0161\u0101 gada 1. augusta Eiropas Soci\u0101l\u0101 fonda<br \/>\n projekt\u0101 &#8220;\u0100rstniec\u012bbas un \u0101rstniec\u012bbas atbalsta personu pieejam\u012bbas uzlabo\u0161ana \u0101rpus R\u012bgas&#8221;  pieteikumi naudas kompens\u0101cijai par darba vietu re\u0123ion\u0101 tiks pie\u0146emti tikai no \u0123imenes \u0101rstu praks\u0113s str\u0101d\u0101jo\u0161ajiem, tas ir, no \u0123imenes \u0101rstiem, m\u0101s\u0101m un \u0101rstu pal\u012bgiem.<\/p>\n","protected":false},"author":1938,"featured_media":21437,"comment_status":"closed","ping_status":"open","sticky":false,"template":"","format":"standard","meta":{"footnotes":""},"categories":[71,49],"tags":[],"_links":{"self":[{"href":"https:\/\/zurnalsiepirkumi.lv\/index.php?rest_route=\/wp\/v2\/posts\/21438"}],"collection":[{"href":"https:\/\/zurnalsiepirkumi.lv\/index.php?rest_route=\/wp\/v2\/posts"}],"about":[{"href":"https:\/\/zurnalsiepirkumi.lv\/index.php?rest_route=\/wp\/v2\/types\/post"}],"author":[{"embeddable":true,"href":"https:\/\/zurnalsiepirkumi.lv\/index.php?rest_route=\/wp\/v2\/users\/1938"}],"replies":[{"embeddable":true,"href":"https:\/\/zurnalsiepirkumi.lv\/index.php?rest_route=%2Fwp%2Fv2%2Fcomments&post=21438"}],"version-history":[{"count":1,"href":"https:\/\/zurnalsiepirkumi.lv\/index.php?rest_route=\/wp\/v2\/posts\/21438\/revisions"}],"predecessor-version":[{"id":21439,"href":"https:\/\/zurnalsiepirkumi.lv\/index.php?rest_route=\/wp\/v2\/posts\/21438\/revisions\/21439"}],"wp:featuredmedia":[{"embeddable":true,"href":"https:\/\/zurnalsiepirkumi.lv\/index.php?rest_route=\/wp\/v2\/media\/21437"}],"wp:attachment":[{"href":"https:\/\/zurnalsiepirkumi.lv\/index.php?rest_route=%2Fwp%2Fv2%2Fmedia&parent=21438"}],"wp:term":[{"taxonomy":"category","embeddable":true,"href":"https:\/\/zurnalsiepirkumi.lv\/index.php?rest_route=%2Fwp%2Fv2%2Fcategories&post=21438"},{"taxonomy":"post_tag","embeddable":true,"href":"https:\/\/zurnalsiepirkumi.lv\/index.php?rest_route=%2Fwp%2Fv2%2Ftags&post=21438"}],"curies":[{"name":"wp","href":"https:\/\/api.w.org\/{rel}","templated":true}]}}