{"id":21376,"date":"2023-07-18T07:55:36","date_gmt":"2023-07-18T05:55:36","guid":{"rendered":"https:\/\/zurnalsiepirkumi.lv\/?p=21376"},"modified":"2023-07-18T07:55:36","modified_gmt":"2023-07-18T05:55:36","slug":"atverts-transnacionalas-sadarbibas-projektu-konkurss-lai-risinatu-jautajumus-saistitus-ar-bistamiem-iegremdetiem-objektiem-un-izgaztu-municiju-baltijas-jura","status":"publish","type":"post","link":"https:\/\/zurnalsiepirkumi.lv\/?p=21376","title":{"rendered":"Atv\u0113rts transnacion\u0101l\u0101s sadarb\u012bbas projektu konkurss, lai risin\u0101tu jaut\u0101jumus saist\u012btus ar b\u012bstamiem iegremd\u0113tiem objektiem un izg\u0101ztu mun\u012bciju Baltijas j\u016br\u0101"},"content":{"rendered":"\n<p>Vides aizsardz\u012bbas un re\u0123ion\u0101l\u0101s att\u012bst\u012bbas ministrija<\/p>\n\n\n\n<p>Vides aizsardz\u012bbas un re\u0123ion\u0101l\u0101s att\u012bst\u012bbas ministrija (VARAM) aicina piedal\u012bties Interreg Baltijas j\u016bras re\u0123iona programmas 2021.-2027.gadam (programma) pamatprojektu konkurs\u0101 2.1.priorit\u0101tes \u201cIlgtsp\u0113j\u012bgi \u016bde\u0146i\u201d ietvaros, kas atv\u0113rts no 2023.gada 17.j\u016blija l\u012bdz 2023.gada 5.oktobrim.<\/p>\n\n\n\n<p>Programmas m\u0113r\u0137is ir ar transnacion\u0101l\u0101s sadarb\u012bbas pal\u012bdz\u012bbu praks\u0113 \u012bstenot inovat\u012bvus, \u016bdens resursu efekt\u012bvas izmanto\u0161anas un ilgtsp\u0113j\u012bgus klimata risin\u0101jumus, nodro\u0161inot ieguvumu visiem Baltijas j\u016bras re\u0123iona iedz\u012bvot\u0101jiem.<\/p>\n\n\n\n<p>Programmas teritorija ietver visu D\u0101nijas, Igaunijas, Somijas, Latvijas, Lietuvas, Polijas, Zviedrijas un Norv\u0113\u0123ijas teritoriju, k\u0101 ar\u012b atsevi\u0161\u0137as V\u0101cijas teritorijas.<\/p>\n\n\n\n<p>M\u0113r\u0137\u0113ts papamtprojektu konkurss izsludin\u0101ts \u0146emot v\u0113r\u0101 t\u0113mas strat\u0113\u0123isko, politisko aktualit\u0101ti un nepiecie\u0161am\u012bbu p\u0113c steidzamiem risin\u0101jumiem izaicin\u0101jumu nov\u0113r\u0161anai, kas ir saist\u012bti ar b\u012bstamiem iegremd\u0113tiem objektiem un izg\u0101zt\u0101s mun\u012bcijas esam\u012bbu Baltijas j\u016br\u0101.<\/p>\n\n\n\n<p>Projektos aicin\u0101jums izstr\u0101d\u0101t risin\u0101jumus, piem\u0113ram, veicot san\u0101ciju un gl\u0101b\u0161anu, pies\u0101r\u0146ojo\u0161o vielu monitoringu, tiesisk\u0101 regul\u0113juma saska\u0146o\u0161anu b\u012bstamo objektu un mun\u012bcijas&nbsp; apstr\u0101dei vis\u0101 programmas teritorij\u0101.<\/p>\n\n\n\n<p>Projektos j\u0101iesaista atbild\u012bg\u0101s nacion\u0101la un re\u0123ion\u0101la l\u012bme\u0146a iest\u0101des no vair\u0101kuma vai vis\u0101m programmas valst\u012bm, kuru kompetenc\u0113 ir \u0161o jaut\u0101jumu risin\u0101\u0161ana, palielinot projekta aktivit\u0101\u0161u m\u0113rogu. Gad\u012bjum\u0101, ja neizdodas iesaist\u012bt atbild\u012bg\u0101s iest\u0101des no vis\u0101m programmas valst\u012bm, nepiecie\u0161ams skaidri aprakst\u012bt centienus iesaist\u012bt partnerus no vis\u0101m valst\u012bm.&nbsp;Vienam no partneriem j\u0101uz\u0146emas Vado\u0161\u0101 partnera loma, p\u0101r\u0113jie partner\u012bb\u0101 iesaist\u012btie piedal\u0101s k\u0101 projekta partneri vai asoci\u0113tie partneri.<\/p>\n\n\n\n<p>Programmu l\u012bdzfinans\u0113 Eiropas Re\u0123ion\u0101l\u0101s att\u012bst\u012bbas fonds (ERAF) un kop\u0113jais pieejamais ERAF finans\u0113jums projektiem izsludin\u0101taj\u0101 projektu konkurs\u0101 ir\u00a05.9 milj.\u00a0euro.<\/p>\n\n\n\n<p>Pamatprojektiem ir j\u0101izstr\u0101d\u0101, j\u0101notest\u0113 un j\u0101nodod praktiski un ilgtsp\u0113j\u012bgi risin\u0101jumi m\u0113r\u0137a grup\u0101m uz izaicin\u0101jumiem, kas tiek risin\u0101ti. Pamatprojektu galvenie rezult\u0101ti ir palielin\u0101tas m\u0113r\u0137a grupu sp\u0113jas tikt gal\u0101 ar defin\u0113tajiem izaicin\u0101jumiem. Ar m\u0113r\u0137a grup\u0101m saprotot organiz\u0101cijas, kuras ir kompetentas ietekm\u0113t defin\u0113to izaicin\u0101jumu un ir ieinteres\u0113tas risin\u0101jum\u0101. Pamatprojektiem nav noteikts bud\u017eeta limits, vienlaikus tam ir j\u0101b\u016bt sam\u0113r\u012bgam pl\u0101notaj\u0101m aktivit\u0101t\u0113m projekt\u0101. Projektu \u012bsteno\u0161anas ilgums ir l\u012bdz 36 m\u0113ne\u0161iem.<\/p>\n\n\n\n<p>Finans\u0113juma sa\u0146\u0113m\u0113ji var b\u016bt valsts, re\u0123ion\u0101l\u0101s un viet\u0113j\u0101s publisk\u0101s p\u0101rvaldes iest\u0101des (tai skait\u0101 universit\u0101tes un zin\u0101tnisk\u0101s instit\u016bcijas), nevalstisk\u0101s organiz\u0101cijas, priv\u0101tie uz\u0146\u0113mumi.<\/p>\n\n\n\n<p>Finans\u0113juma sa\u0146\u0113m\u0113jiem b\u016bs iesp\u0113ja sa\u0146emt&nbsp; programmas ERAF l\u012bdzfinans\u0113jumu 80% apm\u0113r\u0101 no attiecin\u0101majiem izdevumiem, pa\u0161iem partneriem j\u0101nodro\u0161ina l\u012bdzfinans\u0113jums 20% apm\u0113r\u0101.<\/p>\n\n\n\n<p>S\u012bk\u0101ka inform\u0101cija par programmas projektu konkursa nosac\u012bjumiem, saist\u012btajiem dokumentiem, informat\u012bviem materi\u0101liem, k\u0101 ar\u012b projektu ideju un partner\u012bbas izveides platformu ir pieejama\u00a0programmas t\u012bmek\u013ca vietn\u0113:\u00a0<a href=\"https:\/\/interreg-baltic.eu\/gateway\/calls\" target=\"_blank\" rel=\"noreferrer noopener\">https:\/\/interreg-baltic.eu\/gateway\/calls<\/a>.<\/p>\n\n\n\n<p>Projekta idejas veidlapas iesnieg\u0161ana \u2013 konsult\u0101cijas ar programmas Vado\u0161o iest\u0101di\/Kop\u012bgo sekretari\u0101tu ir priek\u0161noteikums un oblig\u0101ts solis, lai pieteiktos finans\u0113jumam programm\u0101. Tikai tie projektu iesniedz\u0113ji, kuri konsult\u0113sies par savu projekta ideju, sa\u0146ems piek\u013cuvi elektroniskajai sist\u0113mai\u00a0<em>\u201cBAMOS+\u201d<\/em>\u00a0projekta iesnieg\u0161anai. Termi\u0146\u0161 projekta idejas iesnieg\u0161anai programmas Vado\u0161ajai iest\u0101dei\/Kop\u012bgajam sekretari\u0101tam \u2013\u00a02023.gada 21.augusts.\u00a0Vair\u0101k par konsult\u0101ciju procesu un projektu iesnieg\u0161anu programmas t\u012bmek\u013ca vietn\u0113:\u00a0<a rel=\"noreferrer noopener\" href=\"https:\/\/interreg-baltic.eu\/gateway\/consultations\/\" target=\"_blank\">https:\/\/interreg-baltic.eu\/gateway\/consultations\/<\/a>.<\/p>\n\n\n\n<p>.<\/p>\n","protected":false},"excerpt":{"rendered":"<p>Vides aizsardz\u012bbas un re\u0123ion\u0101l\u0101s att\u012bst\u012bbas ministrija (VARAM) aicina piedal\u012bties Interreg Baltijas j\u016bras re\u0123iona programmas 2021.-2027.gadam (programma) pamatprojektu konkurs\u0101 <\/p>\n","protected":false},"author":1938,"featured_media":21375,"comment_status":"closed","ping_status":"open","sticky":false,"template":"","format":"standard","meta":{"footnotes":""},"categories":[39,50],"tags":[],"_links":{"self":[{"href":"https:\/\/zurnalsiepirkumi.lv\/index.php?rest_route=\/wp\/v2\/posts\/21376"}],"collection":[{"href":"https:\/\/zurnalsiepirkumi.lv\/index.php?rest_route=\/wp\/v2\/posts"}],"about":[{"href":"https:\/\/zurnalsiepirkumi.lv\/index.php?rest_route=\/wp\/v2\/types\/post"}],"author":[{"embeddable":true,"href":"https:\/\/zurnalsiepirkumi.lv\/index.php?rest_route=\/wp\/v2\/users\/1938"}],"replies":[{"embeddable":true,"href":"https:\/\/zurnalsiepirkumi.lv\/index.php?rest_route=%2Fwp%2Fv2%2Fcomments&post=21376"}],"version-history":[{"count":1,"href":"https:\/\/zurnalsiepirkumi.lv\/index.php?rest_route=\/wp\/v2\/posts\/21376\/revisions"}],"predecessor-version":[{"id":21377,"href":"https:\/\/zurnalsiepirkumi.lv\/index.php?rest_route=\/wp\/v2\/posts\/21376\/revisions\/21377"}],"wp:featuredmedia":[{"embeddable":true,"href":"https:\/\/zurnalsiepirkumi.lv\/index.php?rest_route=\/wp\/v2\/media\/21375"}],"wp:attachment":[{"href":"https:\/\/zurnalsiepirkumi.lv\/index.php?rest_route=%2Fwp%2Fv2%2Fmedia&parent=21376"}],"wp:term":[{"taxonomy":"category","embeddable":true,"href":"https:\/\/zurnalsiepirkumi.lv\/index.php?rest_route=%2Fwp%2Fv2%2Fcategories&post=21376"},{"taxonomy":"post_tag","embeddable":true,"href":"https:\/\/zurnalsiepirkumi.lv\/index.php?rest_route=%2Fwp%2Fv2%2Ftags&post=21376"}],"curies":[{"name":"wp","href":"https:\/\/api.w.org\/{rel}","templated":true}]}}