{"id":21310,"date":"2023-07-04T08:30:34","date_gmt":"2023-07-04T06:30:34","guid":{"rendered":"https:\/\/zurnalsiepirkumi.lv\/?p=21310"},"modified":"2023-07-05T08:37:59","modified_gmt":"2023-07-05T06:37:59","slug":"papildina-nosacijumus-af-kompetences-centru-petniecibas-projektu-atlasei-un-uzraudzibai","status":"publish","type":"post","link":"https:\/\/zurnalsiepirkumi.lv\/?p=21310","title":{"rendered":"Papildina nosac\u012bjumus AF kompetences centru p\u0113tniec\u012bbas projektu atlasei un uzraudz\u012bbai"},"content":{"rendered":"\n<p>Finan\u0161u ministrija<\/p>\n\n\n\n<p>Otrdien, 4. j\u016blij\u0101, Ministru kabineta (MK) s\u0113d\u0113 izskat\u012bja groz\u012bjumus MK noteikumos, kas nosaka Latvijas Atvese\u013co\u0161anas fonda (AF) kompetences centru programmas \u012bsteno\u0161anu. Groz\u012bjumu m\u0113r\u0137is ir noteikt skaidrus nosac\u012bjumus kompetences centru p\u0113tniec\u012bbas projektu atlasei un uzraudz\u012bbai, lai tiktu iev\u0113roti Eiropas Savien\u012bbas (ES) ties\u012bbu aktos noteiktie intere\u0161u konflikta nov\u0113r\u0161anas nosac\u012bjumi.&nbsp;<\/p>\n\n\n\n<p>Atlases padomes sast\u0101vs veidojams vienots uz konkr\u0113tu p\u0113t\u012bjumu atlases k\u0101rtu (uzsaukumu) un ir preciz\u0113jams, izsl\u0113dzot vai aizst\u0101jot attiec\u012bgos dal\u012bbniekus, atbilsto\u0161i identific\u0113tajiem intere\u0161u konflikta riskiem. Ja kompetences centrs konstat\u0113, ka k\u0101ds p\u0113tniec\u012bbas projektu atlases padomes dal\u012bbnieks atrodas intere\u0161u konflikt\u0101 vai netiek iev\u0113rots objektivit\u0101tes, caursp\u012bd\u012bguma vai vienl\u012bdz\u012bbas princips, k\u0101 ar\u012b kr\u0101p\u0161anas un korupcijas gad\u012bjum\u0101, vai past\u0101v min\u0113to p\u0101rk\u0101pumu iest\u0101\u0161an\u0101s risks, kompetences centram ir j\u0101izsl\u0113dz min\u0113tais atlases padomes dal\u012bbnieks no p\u0113t\u012bjumu atlases padomes piln\u012bb\u0101. Ja cit\u0101di nav iesp\u0113jams iev\u0113rot atlases padomes kvorumu, min\u0113tais atlases padomes dal\u012bbnieks j\u0101aizst\u0101j ar citu padomes dal\u012bbnieku.<\/p>\n\n\n\n<p>Ja p\u0113tniec\u012bbas projektu v\u0113rt\u0113\u0161ana notikusi intere\u0161u konflikta apst\u0101k\u013cos, nevienu p\u0113tniec\u012bbas projektu pieteikumu pirms p\u0101rv\u0113rt\u0113\u0161anas apstiprin\u0101t nevar. P\u0101rv\u0113rt\u0113\u0161anu veic no jauna izveidot\u0101 p\u0113tniec\u012bbas projektu atlases padome, kur\u0101 intere\u0161u konflikta riski ir nov\u0113rsti.<\/p>\n\n\n\n<p>Jaunie atlases padomes dal\u012bbnieki ir piesaist\u0101mi atkl\u0101t\u0101 konkurs\u0101.&nbsp;Jaunizveidot\u0101 padome p\u0101rv\u0113rt\u0113 visus p\u0113tniec\u012bbas projektu pieteikumus \u2013 gan apstiprin\u0101tos, gan noraid\u012btos. P\u0101rv\u0113rt\u0113\u0161anas procesu ir j\u0101dokument\u0113. Atlases padomes dal\u012bbnieki, kuri paliek padom\u0113, p\u0101rv\u0113rt\u0113\u0161an\u0101 var izmantot s\u0101kotn\u0113ji sniegtos v\u0113rt\u0113jumus, \u0161iem padomes dal\u012bbniekiem apliecinot, ka vi\u0146u s\u0101kotn\u0113jais v\u0113rt\u0113jums paliek nemain\u012bgs, t\u0101d\u0113j\u0101di taupot \u0161o dal\u012bbnieku laiku. Protokolu, kas atspogu\u013co p\u0101rv\u0113rt\u0113\u0161anu, p\u0113c t\u0101s nosl\u0113g\u0161anas j\u0101iesniedz Centr\u0101laj\u0101 finan\u0161u un l\u012bgumu a\u0123ent\u016br\u0101 (CFLA), lai CFLA nosl\u0113gtu l\u012bguma par projekta \u012bsteno\u0161anu groz\u012bjumu proced\u016bru.<\/p>\n\n\n\n<p>Kompetences centram padomes locek\u013ci ir j\u0101iepaz\u012bstina ar kompetences centra k\u0101rt\u012bbu un dokument\u0101ciju par intere\u0161u konflikta nov\u0113r\u0161anu, strat\u0113\u0123iju, p\u0113t\u012bjumu izv\u0113rt\u0113\u0161anas k\u0101rt\u012bbu un v\u0113rt\u0113\u0161anas krit\u0113rijiem, k\u0101 ar\u012b citiem atlases padomes dal\u012bbniekiem saisto\u0161iem dokumentiem. \u0160o procesu nepiecie\u0161ams protokol\u0113t. Padomes dal\u012bbniekiem j\u0101paraksta objektivit\u0101tes, konfidencialit\u0101tes un intere\u0161u konflikta neesam\u012bbas apliecin\u0101jumi.<\/p>\n\n\n\n<p>Noteikumu projekts skat\u0101ms Ties\u012bbu aktu projektu port\u0101l\u0101:\u00a0 <a rel=\"noreferrer noopener\" href=\"https:\/\/tapportals.mk.gov.lv\/legal_acts\/17798210-d87f-42fa-a168-fd2dc4165a0c\" target=\"_blank\">\u0161eit<\/a><\/p>\n","protected":false},"excerpt":{"rendered":"<p>Otrdien, 4. j\u016blij\u0101, Ministru kabineta (MK) s\u0113d\u0113 izskat\u012bja groz\u012bjumus MK noteikumos, kas nosaka Latvijas Atvese\u013co\u0161anas fonda (AF) kompetences centru programmas \u012bsteno\u0161anu. <\/p>\n","protected":false},"author":1938,"featured_media":21309,"comment_status":"closed","ping_status":"open","sticky":false,"template":"","format":"standard","meta":{"footnotes":""},"categories":[39],"tags":[],"_links":{"self":[{"href":"https:\/\/zurnalsiepirkumi.lv\/index.php?rest_route=\/wp\/v2\/posts\/21310"}],"collection":[{"href":"https:\/\/zurnalsiepirkumi.lv\/index.php?rest_route=\/wp\/v2\/posts"}],"about":[{"href":"https:\/\/zurnalsiepirkumi.lv\/index.php?rest_route=\/wp\/v2\/types\/post"}],"author":[{"embeddable":true,"href":"https:\/\/zurnalsiepirkumi.lv\/index.php?rest_route=\/wp\/v2\/users\/1938"}],"replies":[{"embeddable":true,"href":"https:\/\/zurnalsiepirkumi.lv\/index.php?rest_route=%2Fwp%2Fv2%2Fcomments&post=21310"}],"version-history":[{"count":2,"href":"https:\/\/zurnalsiepirkumi.lv\/index.php?rest_route=\/wp\/v2\/posts\/21310\/revisions"}],"predecessor-version":[{"id":21315,"href":"https:\/\/zurnalsiepirkumi.lv\/index.php?rest_route=\/wp\/v2\/posts\/21310\/revisions\/21315"}],"wp:featuredmedia":[{"embeddable":true,"href":"https:\/\/zurnalsiepirkumi.lv\/index.php?rest_route=\/wp\/v2\/media\/21309"}],"wp:attachment":[{"href":"https:\/\/zurnalsiepirkumi.lv\/index.php?rest_route=%2Fwp%2Fv2%2Fmedia&parent=21310"}],"wp:term":[{"taxonomy":"category","embeddable":true,"href":"https:\/\/zurnalsiepirkumi.lv\/index.php?rest_route=%2Fwp%2Fv2%2Fcategories&post=21310"},{"taxonomy":"post_tag","embeddable":true,"href":"https:\/\/zurnalsiepirkumi.lv\/index.php?rest_route=%2Fwp%2Fv2%2Ftags&post=21310"}],"curies":[{"name":"wp","href":"https:\/\/api.w.org\/{rel}","templated":true}]}}