{"id":21285,"date":"2023-07-03T07:45:36","date_gmt":"2023-07-03T05:45:36","guid":{"rendered":"https:\/\/zurnalsiepirkumi.lv\/?p=21285"},"modified":"2023-07-03T07:45:36","modified_gmt":"2023-07-03T05:45:36","slug":"digitala-transformacija-un-ilgtspejiga-izaugsme-nav-iespejama-bez-mvu","status":"publish","type":"post","link":"https:\/\/zurnalsiepirkumi.lv\/?p=21285","title":{"rendered":"Digit\u0101l\u0101 transform\u0101cija un ilgtsp\u0113j\u012bga izaugsme nav iesp\u0113jama bez MVU"},"content":{"rendered":"\n<p>Ekonomikas ministrija<\/p>\n\n\n\n<p>Par\u012bz\u0113 notika OECD Mazo un vid\u0113jo uz\u0146\u0113mumu (MVU) un uz\u0146\u0113m\u0113jdarb\u012bbas komitejas ministru l\u012bme\u0146a san\u0101ksme, kas tika r\u012bkota ar m\u0113r\u0137i diskut\u0113t par svar\u012bg\u0101kajiem izaicin\u0101jumiem, ar ko sastopas MVU, str\u0101d\u0101jot kr\u012bzes apst\u0101k\u013cos, un potenci\u0101lajiem risin\u0101jumiem, k\u0101 stiprin\u0101t MVU izaugsmi n\u0101kamo kr\u012b\u017eu laik\u0101.<\/p>\n\n\n\n<p>P\u0113d\u0113jos gados MVU un uz\u0146\u0113m\u0113ji ir cietu\u0161i no COVID-19 pand\u0113mijas un Krievijas agresijas Ukrain\u0101 sek\u0101m.\u00a0Tos nesam\u0113r\u012bgi ietekm\u0113jis likvidit\u0101tes tr\u016bkums un pieg\u0101des \u0137\u0113\u017eu trauc\u0113jumi. \u0160aj\u0101 nelabv\u0113l\u012bgaj\u0101 vid\u0113 vald\u012bbas ir pastiprin\u0101ju\u0161as un sniegu\u0161as b\u016btisku atbalstu uz\u0146\u0113m\u0113jiem, tom\u0113r pieg\u0101\u017eu \u0137\u0113\u017eu trauc\u0113jumi, ener\u0123ijas un p\u0101rtikas cenu sv\u0101rst\u012bbas un infl\u0101cijas spiediens saglab\u0101jas.<\/p>\n\n\n\n<p>Latvijas deleg\u0101cijas vad\u012bt\u0101js san\u0101ksm\u0113 bija Ekonomikas ministrijas parlament\u0101rais sekret\u0101rs Andris \u010cuda.\u00a0Vi\u0146\u0161 k\u0101 viens no vado\u0161ajiem ekspertiem piedal\u012bj\u0101s diskusij\u0101 par finans\u0113juma pieejam\u012bbas MVU sekm\u0113\u0161anu. Piek\u013cuve finans\u0113jumam uz\u0146\u0113m\u0113jiem ir \u013coti svar\u012bga, lai tie var\u0113tu uzs\u0101kt uz\u0146\u0113m\u0113jdarb\u012bbu, invest\u0113t un att\u012bst\u012bties, k\u0101 ar\u012b operat\u012bvi rea\u0123\u0113t uz tirgus satricin\u0101jumiem.<\/p>\n\n\n\n<p>Diskusijas laik\u0101 A.\u010cuda uzsv\u0113ra, ka pieeja finans\u0113jumam un digit\u0101lie risin\u0101jumi ir vieni no svar\u012bg\u0101kajiem priek\u0161nosac\u012bjumiem, lai MVU var\u0113tu nodro\u0161in\u0101t digit\u0101lo transform\u0101ciju un ilgtsp\u0113j\u012bgu att\u012bst\u012bbu, jo MVU un to darb\u012bba ir noz\u012bm\u012bgi klimata politikas m\u0113r\u0137u sasnieg\u0161anai. \u0160im nol\u016bkam m\u016bsu MVU ir nepiecie\u0161ams atbalsts. Cita starp\u0101, politikas veidot\u0101jiem ir j\u0101nodro\u0161ina, lai MVU b\u016btu pietieko\u0161i inform\u0113ti un tiem b\u016btu nepiecie\u0161am\u0101s zin\u0101\u0161anas un prasmes arvien akt\u012bv\u0101k sav\u0101 darb\u012bb\u0101 ieviest digit\u0101los risin\u0101jumus. T\u0101pat ir j\u0101dom\u0101 par t\u0101diem uz\u0146\u0113m\u0113jdarb\u012bbas stimuliem un vides priek\u0161nosac\u012bjumiem, un finan\u0161u instrumentiem, kas ir m\u0113r\u0137\u0113ti uz tautsaimniec\u012bb\u0101 svar\u012bgu r\u0101d\u012bt\u0101ju sasnieg\u0161anu, piem\u0113ram, darba vietas, atalgojums, eksporta apjoms utml.<\/p>\n\n\n\n<p>T\u0101pat san\u0101ksmes\u00a0laik\u0101 divas dienas 45 OECD dal\u012bbvalstu p\u0101rst\u0101vji diskut\u0113ja par\u00a0MVU un uz\u0146\u0113m\u0113ju notur\u012bbas stiprin\u0101\u0161anu pret n\u0101kotnes kr\u012bz\u0113m un satricin\u0101jumiem, iek\u013caujo\u0161u MVU un uz\u0146\u0113m\u0113jdarb\u012bbas politiku, to kvalifik\u0101cijas paaugstin\u0101\u0161anu un p\u0101rkvalific\u0113\u0161anu, k\u0101 sekm\u0113t MVU un uz\u0146\u0113m\u0113ju ieguld\u012bjumu za\u013caj\u0101 un digit\u0101laj\u0101 transform\u0101cij\u0101, k\u0101 rad\u012bt jaunas iesp\u0113jas to att\u012bst\u012bbai, k\u0101 vairot MVU l\u012bdzdal\u012bbu \u201cza\u013caj\u0101\u201d p\u0101rej\u0101, un k\u0101 pal\u012bdz\u0113t MVU un uz\u0146\u0113m\u0113jiem orient\u0113ties main\u012bgaj\u0101 glob\u0101laj\u0101 tirdzniec\u012bbas un invest\u012bciju vid\u0113.<\/p>\n\n\n\n<p>Diskusijas rezult\u0101t\u0101, pie\u0146emot OECD Ministru Deklar\u0101ciju, kam pievienoj\u0101s ar\u012b Latvija, dal\u012bbnieki akcent\u0113ja, \u00a0ka ir \u013coti svar\u012bgi stiprin\u0101t MVU un uz\u0146\u0113m\u0113ju notur\u012bbu pret negaid\u012btiem glob\u0101liem izaicin\u0101jumiem, energoefektivit\u0101ti un digitaliz\u0101cijas sp\u0113jas un prasmes.\u00a0T\u0101pat OECD dal\u012bbvalstu p\u0101rst\u0101vji secin\u0101ja, ka vald\u012bb\u0101m j\u0101turpina nodro\u0161in\u0101t da\u017e\u0101dus finans\u0113\u0161anas instrumentus MVU atbalstam. \u00a0Papildus dal\u012bbnieki tika aicin\u0101ti str\u0101d\u0101t pie labv\u0113l\u012bgas uz\u0146\u0113m\u0113jdarb\u012bbas vides nodro\u0161in\u0101\u0161anas un administrat\u012bvo \u0161\u0137\u0113r\u0161\u013cu samazin\u0101\u0161anas MVU darb\u012bb\u0101, k\u0101 ar\u012b ekosist\u0113mas att\u012bst\u012b\u0161anas un\u00a0 sadarb\u012bbas veicin\u0101\u0161anas glob\u0101lo v\u0113rt\u012bbas \u0137\u0113\u017eu ietvaros.<\/p>\n\n\n\n<p>Papildu inform\u0101cija par OECD Mazo un vid\u0113jo uz\u0146\u0113mumu un uz\u0146\u0113m\u0113jdarb\u012bbas komitejas ministru l\u012bme\u0146a san\u0101ksmi pieejama\u00a0<a href=\"https:\/\/www.oecd-events.org\/sme-entrepreneurship-ministerial-2023\/en#bl-7d0b3f5b-c3a6-4b40-8749-390d707a7040\" target=\"_blank\" rel=\"noreferrer noopener\">san\u0101ksmes m\u0101jaslap\u0101<\/a>.<\/p>\n","protected":false},"excerpt":{"rendered":"<p>Par\u012bz\u0113 notika OECD Mazo un vid\u0113jo uz\u0146\u0113mumu (MVU) un uz\u0146\u0113m\u0113jdarb\u012bbas komitejas ministru l\u012bme\u0146a san\u0101ksme, kas tika r\u012bkota ar m\u0113r\u0137i diskut\u0113t par svar\u012bg\u0101kajiem izaicin\u0101jumiem, ar ko sastopas MVU, str\u0101d\u0101jot kr\u012bzes apst\u0101k\u013cos, un potenci\u0101lajiem risin\u0101jumiem, k\u0101 stiprin\u0101t MVU izaugsmi n\u0101kamo kr\u012b\u017eu laik\u0101.<\/p>\n","protected":false},"author":1938,"featured_media":21284,"comment_status":"closed","ping_status":"open","sticky":false,"template":"","format":"standard","meta":{"footnotes":""},"categories":[47],"tags":[],"_links":{"self":[{"href":"https:\/\/zurnalsiepirkumi.lv\/index.php?rest_route=\/wp\/v2\/posts\/21285"}],"collection":[{"href":"https:\/\/zurnalsiepirkumi.lv\/index.php?rest_route=\/wp\/v2\/posts"}],"about":[{"href":"https:\/\/zurnalsiepirkumi.lv\/index.php?rest_route=\/wp\/v2\/types\/post"}],"author":[{"embeddable":true,"href":"https:\/\/zurnalsiepirkumi.lv\/index.php?rest_route=\/wp\/v2\/users\/1938"}],"replies":[{"embeddable":true,"href":"https:\/\/zurnalsiepirkumi.lv\/index.php?rest_route=%2Fwp%2Fv2%2Fcomments&post=21285"}],"version-history":[{"count":1,"href":"https:\/\/zurnalsiepirkumi.lv\/index.php?rest_route=\/wp\/v2\/posts\/21285\/revisions"}],"predecessor-version":[{"id":21286,"href":"https:\/\/zurnalsiepirkumi.lv\/index.php?rest_route=\/wp\/v2\/posts\/21285\/revisions\/21286"}],"wp:featuredmedia":[{"embeddable":true,"href":"https:\/\/zurnalsiepirkumi.lv\/index.php?rest_route=\/wp\/v2\/media\/21284"}],"wp:attachment":[{"href":"https:\/\/zurnalsiepirkumi.lv\/index.php?rest_route=%2Fwp%2Fv2%2Fmedia&parent=21285"}],"wp:term":[{"taxonomy":"category","embeddable":true,"href":"https:\/\/zurnalsiepirkumi.lv\/index.php?rest_route=%2Fwp%2Fv2%2Fcategories&post=21285"},{"taxonomy":"post_tag","embeddable":true,"href":"https:\/\/zurnalsiepirkumi.lv\/index.php?rest_route=%2Fwp%2Fv2%2Ftags&post=21285"}],"curies":[{"name":"wp","href":"https:\/\/api.w.org\/{rel}","templated":true}]}}