{"id":21267,"date":"2023-06-27T15:48:41","date_gmt":"2023-06-27T13:48:41","guid":{"rendered":"https:\/\/zurnalsiepirkumi.lv\/?p=21267"},"modified":"2023-06-27T15:48:42","modified_gmt":"2023-06-27T13:48:42","slug":"eiropas-savienibas-rekomendacijas-uzlabos-finansejuma-pieejamibu-mazajiem-un-videjiem-uznemumiem","status":"publish","type":"post","link":"https:\/\/zurnalsiepirkumi.lv\/?p=21267","title":{"rendered":"Eiropas Savien\u012bbas rekomend\u0101cijas uzlabos finans\u0113juma pieejam\u012bbu mazajiem un vid\u0113jiem uz\u0146\u0113mumiem"},"content":{"rendered":"\n<p>\u0100rlietu ministrija<\/p>\n\n\n\n<p>2023. gada 27. j\u016bnij\u0101 Luksemburg\u0101 \u0100rlietu ministrijas parlament\u0101r\u0101 sekret\u0101re Gunda Reire piedal\u012bj\u0101s Eiropas Savien\u012bbas (ES) Visp\u0101r\u0113jo lietu padomes san\u0101ksm\u0113, kuras laik\u0101 pabeidz 2023. gada Eiropas semestra procesa gadu un apstiprina izstr\u0101d\u0101t\u0101s rekomend\u0101cijas ES dal\u012bbvalst\u012bm, tostarp Latvijai. Rekomend\u0101cijas paredz atvese\u013co\u0161anas un notur\u012bbas pl\u0101na \u012bsteno\u0161anas turpin\u0101\u0161anu, k\u0101 ar\u012b finans\u0113juma pieejam\u012bbas uzlabo\u0161anu mazajiem un vid\u0113jiem uz\u0146\u0113mumiem.<\/p>\n\n\n\n<p>\u201cEiropas Savien\u012bbas Padomes rekomend\u0101cijas Latvijai ir b\u016btisks elements nacion\u0101lo priorit\u0101\u0161u un reformu noteik\u0161an\u0101,\u201d nor\u0101d\u012bja \u0100rlietu ministrijas parlament\u0101r\u0101 sekret\u0101re G. Reire.<\/p>\n\n\n\n<p>T\u0101pat Latvijai izteiktas rekomend\u0101cijas attiec\u012bb\u0101 uz fisk\u0101lo un nodok\u013cu politiku, publisk\u0101m invest\u012bcij\u0101m za\u013c\u0101s un digit\u0101l\u0101s p\u0101rk\u0101rto\u0161anas veicin\u0101\u0161anai, vesel\u012bbas apr\u016bpes un soci\u0101l\u0101s aizsardz\u012bbas sist\u0113mas uzlabo\u0161anu, ener\u0123\u0113tikas politiku un za\u013c\u0101s p\u0101rk\u0101rto\u0161anas procesam vajadz\u012bgo prasmju un kompeten\u010du uzlabo\u0161anu.<\/p>\n\n\n\n<p>Dal\u012bbvalstu p\u0101rst\u0101vji ar\u012b turpin\u0101ja 29. un 30. j\u016bnija Eiropadomes sagatavo\u0161anu. San\u0101ksm\u0113 tika uzklaus\u012bti Zviedrijas prezident\u016bras ES Padom\u0113 zi\u0146ojumi par darbu, reform\u0113jot Eiropas Parlamenta v\u0113l\u0113\u0161anu sist\u0113mu, k\u0101 ar\u012b demokr\u0101tijas un tiesiskuma stiprin\u0101\u0161anu\u00a0Eiropas Savien\u012bb\u0101. Valstu p\u0101rst\u0101vji tika iepaz\u012bstin\u0101ti ar n\u0101kamo tr\u012bs prezident\u016bru ES Padom\u0113 darba programmu un priorit\u0101t\u0113m. San\u0101ksm\u0113 tika uzrun\u0101ta ar\u012b ES emisijas kvotu tirdzniec\u012bbas sist\u0113mas ietekme uz da\u017e\u0101d\u0101m ES politik\u0101m, k\u0101 ar\u012b norisin\u0101j\u0101s saruna ar Moldovas Eiropas integr\u0101cijas ministru par Moldovas centieniem \u012bstenot rekomend\u0101cijas ES papla\u0161in\u0101\u0161an\u0101s kontekst\u0101.<\/p>\n\n\n\n<p><em>Inform\u0101cijai<\/em><\/p>\n\n\n\n<p>Ikgad\u0113j\u0101 Eiropas semestra procesa m\u0113r\u0137is ir izv\u0113rt\u0113t ES ekonomisko situ\u0101ciju un koordin\u0113t dal\u012bbvalstu ekonomikas politikas. Eiropas semestris \u013cauj dal\u012bbvalst\u012bm apspriest to ekonomikas un bud\u017eeta pl\u0101nus, k\u0101 ar\u012b sekot l\u012bdzi progresam.<\/p>\n\n\n\n<p>Latvijai izvirz\u012btas rekomend\u0101cijas&nbsp;2023.\u20132024.&nbsp;gadam attiec\u012bb\u0101 uz fisk\u0101lo un nodok\u013cu politiku, publisk\u0101m invest\u012bcij\u0101m za\u013c\u0101s un digit\u0101l\u0101s p\u0101rk\u0101rto\u0161anas veicin\u0101\u0161anai, vesel\u012bbas apr\u016bpes un soci\u0101l\u0101s aizsardz\u012bbas sist\u0113mas uzlabo\u0161anai, ar ES finans\u0113jumu saist\u012bto programmu un pl\u0101nu \u012bsteno\u0161anu, finans\u0113juma pieejam\u012bbas uzlabo\u0161anu mazajiem un vid\u0113jiem uz\u0146\u0113mumiem, ener\u0123\u0113tikas politiku un za\u013c\u0101s p\u0101rk\u0101rto\u0161anas procesam vajadz\u012bgo prasmju un kompeten\u010du uzlabo\u0161anu.<\/p>\n","protected":false},"excerpt":{"rendered":"<p>2023. gada 27. j\u016bnij\u0101 Luksemburg\u0101 \u0100rlietu ministrijas parlament\u0101r\u0101 sekret\u0101re Gunda Reire piedal\u012bj\u0101s Eiropas Savien\u012bbas (ES) Visp\u0101r\u0113jo lietu padomes san\u0101ksm\u0113, kuras laik\u0101 pabeidz 2023. gada Eiropas semestra procesa gadu un apstiprina izstr\u0101d\u0101t\u0101s rekomend\u0101cijas ES dal\u012bbvalst\u012bm, tostarp Latvijai.<\/p>\n","protected":false},"author":1936,"featured_media":21269,"comment_status":"closed","ping_status":"closed","sticky":false,"template":"","format":"standard","meta":{"footnotes":""},"categories":[23,47],"tags":[],"_links":{"self":[{"href":"https:\/\/zurnalsiepirkumi.lv\/index.php?rest_route=\/wp\/v2\/posts\/21267"}],"collection":[{"href":"https:\/\/zurnalsiepirkumi.lv\/index.php?rest_route=\/wp\/v2\/posts"}],"about":[{"href":"https:\/\/zurnalsiepirkumi.lv\/index.php?rest_route=\/wp\/v2\/types\/post"}],"author":[{"embeddable":true,"href":"https:\/\/zurnalsiepirkumi.lv\/index.php?rest_route=\/wp\/v2\/users\/1936"}],"replies":[{"embeddable":true,"href":"https:\/\/zurnalsiepirkumi.lv\/index.php?rest_route=%2Fwp%2Fv2%2Fcomments&post=21267"}],"version-history":[{"count":2,"href":"https:\/\/zurnalsiepirkumi.lv\/index.php?rest_route=\/wp\/v2\/posts\/21267\/revisions"}],"predecessor-version":[{"id":21270,"href":"https:\/\/zurnalsiepirkumi.lv\/index.php?rest_route=\/wp\/v2\/posts\/21267\/revisions\/21270"}],"wp:featuredmedia":[{"embeddable":true,"href":"https:\/\/zurnalsiepirkumi.lv\/index.php?rest_route=\/wp\/v2\/media\/21269"}],"wp:attachment":[{"href":"https:\/\/zurnalsiepirkumi.lv\/index.php?rest_route=%2Fwp%2Fv2%2Fmedia&parent=21267"}],"wp:term":[{"taxonomy":"category","embeddable":true,"href":"https:\/\/zurnalsiepirkumi.lv\/index.php?rest_route=%2Fwp%2Fv2%2Fcategories&post=21267"},{"taxonomy":"post_tag","embeddable":true,"href":"https:\/\/zurnalsiepirkumi.lv\/index.php?rest_route=%2Fwp%2Fv2%2Ftags&post=21267"}],"curies":[{"name":"wp","href":"https:\/\/api.w.org\/{rel}","templated":true}]}}