{"id":20963,"date":"2023-05-17T09:45:19","date_gmt":"2023-05-17T07:45:19","guid":{"rendered":"https:\/\/zurnalsiepirkumi.lv\/?p=20963"},"modified":"2023-05-17T09:45:19","modified_gmt":"2023-05-17T07:45:19","slug":"cfla-aicina-uz-seminaru-par-es-fondu-aktualitatem","status":"publish","type":"post","link":"https:\/\/zurnalsiepirkumi.lv\/?p=20963","title":{"rendered":"CFLA aicina uz semin\u0101ru par ES fondu aktualit\u0101t\u0113m"},"content":{"rendered":"\n<p>Centr\u0101l\u0101 finan\u0161u un l\u012bgumu a\u0123ent\u016bra<\/p>\n\n\n\n<p>24. maij\u0101, notiks tie\u0161saistes semin\u0101rs\u00a0 \u201cLab\u0101 prakse ES fondu projektu \u012bsteno\u0161an\u0101\u201d, kur Centr\u0101l\u0101s finan\u0161u un l\u012bgumu a\u0123ent\u016bras un pieaicin\u0101tie eksperti inform\u0113s par aktualit\u0101t\u0113m Eiropas Savien\u012bbas (ES) fondu jom\u0101.<\/p>\n\n\n\n<p>CFLA direktore Anita Kr\u016bmi\u0146a:\u00a0\u201c\u0160oreiz \u201cLab\u0101s prakses\u201d semin\u0101rs notiek laik\u0101, kad ir pavisam skaidri iez\u012bm\u0113ju\u0161\u0101s divas aktualit\u0101tes \u2013 projektu fini\u0161a taisnes sprints 2014. \u2013 2020. gada pl\u0101no\u0161anas perioda invest\u012bcij\u0101m, kur procesu nereti bija negat\u012bvi ietekm\u0113jis Covid vai kar\u0161 Ukrain\u0101, un starts jaunaj\u0101m ES atbalsta programm\u0101m \u2013 2021. \u2013 2027. gada pl\u0101no\u0161anas perioda un Atvese\u013co\u0161anas fonda programm\u0101m. Kas, kur, kad, k\u0101 \u2013 \u0161aj\u0101 semin\u0101r\u0101 cent\u012bsimies sniegt iesp\u0113jami daudz atbildes uz jaut\u0101jumiem, ko sa\u0146emam no saviem klientiem un interesentiem, lai t\u0101s noder\u0113tu gan projektu \u012bsteno\u0161an\u0101, gan pl\u0101nojot n\u0101kotnes invest\u012bcijas\u201d.<\/p>\n\n\n\n<p>Semin\u0101r\u0101 var\u0113s uzzin\u0101t par ES fondu un AF aktualit\u0101t\u0113m, Publisko iepirkumu likuma izmai\u0146\u0101m, iepirkumu praksi, k\u0101 ar\u012b Eiropas Prokurat\u016bras lomu kr\u0101p\u0161anas apkaro\u0161an\u0101. T\u0101pat tiks sniegti skaidrojumi par horizont\u0101l\u0101 principa \u201cVienl\u012bdz\u012bgas iesp\u0113jas\u201d un komunik\u0101cijas un dizaina vadl\u012bniju realiz\u0101ciju.<\/p>\n\n\n\n<p>Semin\u0101rs tiek organiz\u0113ts sadarb\u012bb\u0101 ar Finan\u0161u ministriju, Labkl\u0101j\u012bbas ministriju, Iepirkumu uzraudz\u012bbas biroju un Eiropas Prokurat\u016bru. To var\u0113s v\u0113rot\u00a0<a href=\"https:\/\/www.cfla.gov.lv\/lv\/\" target=\"_blank\" rel=\"noreferrer noopener\">CFLA m\u0101jaslap\u0101<\/a>\u00a0un\u00a0<a href=\"https:\/\/www.facebook.com\/CFLA.gov.lv\/\" target=\"_blank\" rel=\"noreferrer noopener\">CFLA Facebook kont\u0101<\/a>\u00a0tre\u0161dien, 24. maij\u0101, no plkst. 11.00 l\u012bdz 15.10.<\/p>\n\n\n\n<p>Inform\u0101cija par\u00a0darba k\u0101rt\u012bbu\u00a0&#8211;\u00a0<a href=\"https:\/\/www.cfla.gov.lv\/lv\/notikums\/seminars-laba-prakse-es-fondu-projektu-istenosana-0?date=0\" target=\"_blank\" rel=\"noreferrer noopener\">\u0161eit<\/a>. Semin\u0101rs ir bezmaksas.<\/p>\n\n\n\n<p>CFLA semin\u0101rus \u201cLab\u0101 prakse ES fondu projektu \u012bsteno\u0161an\u0101\u201d<em>&nbsp;<\/em>r\u012bko divas reizes gad\u0101, apkopojot b\u016btisk\u0101k\u0101s t\u0113mas ES fondu jom\u0101. \u0160\u012b b\u016bs vienpadsmit\u0101 reize, kad notiek lab\u0101s prakses semin\u0101rs.<\/p>\n","protected":false},"excerpt":{"rendered":"<p>24. maij\u0101, notiks tie\u0161saistes semin\u0101rs\u00a0 \u201cLab\u0101 prakse ES fondu projektu \u012bsteno\u0161an\u0101\u201d, kur Centr\u0101l\u0101s finan\u0161u un l\u012bgumu a\u0123ent\u016bras un pieaicin\u0101tie eksperti inform\u0113s par aktualit\u0101t\u0113m Eiropas Savien\u012bbas (ES) fondu jom\u0101.<\/p>\n","protected":false},"author":1938,"featured_media":20962,"comment_status":"closed","ping_status":"open","sticky":false,"template":"","format":"standard","meta":{"footnotes":""},"categories":[120],"tags":[],"_links":{"self":[{"href":"https:\/\/zurnalsiepirkumi.lv\/index.php?rest_route=\/wp\/v2\/posts\/20963"}],"collection":[{"href":"https:\/\/zurnalsiepirkumi.lv\/index.php?rest_route=\/wp\/v2\/posts"}],"about":[{"href":"https:\/\/zurnalsiepirkumi.lv\/index.php?rest_route=\/wp\/v2\/types\/post"}],"author":[{"embeddable":true,"href":"https:\/\/zurnalsiepirkumi.lv\/index.php?rest_route=\/wp\/v2\/users\/1938"}],"replies":[{"embeddable":true,"href":"https:\/\/zurnalsiepirkumi.lv\/index.php?rest_route=%2Fwp%2Fv2%2Fcomments&post=20963"}],"version-history":[{"count":1,"href":"https:\/\/zurnalsiepirkumi.lv\/index.php?rest_route=\/wp\/v2\/posts\/20963\/revisions"}],"predecessor-version":[{"id":20964,"href":"https:\/\/zurnalsiepirkumi.lv\/index.php?rest_route=\/wp\/v2\/posts\/20963\/revisions\/20964"}],"wp:featuredmedia":[{"embeddable":true,"href":"https:\/\/zurnalsiepirkumi.lv\/index.php?rest_route=\/wp\/v2\/media\/20962"}],"wp:attachment":[{"href":"https:\/\/zurnalsiepirkumi.lv\/index.php?rest_route=%2Fwp%2Fv2%2Fmedia&parent=20963"}],"wp:term":[{"taxonomy":"category","embeddable":true,"href":"https:\/\/zurnalsiepirkumi.lv\/index.php?rest_route=%2Fwp%2Fv2%2Fcategories&post=20963"},{"taxonomy":"post_tag","embeddable":true,"href":"https:\/\/zurnalsiepirkumi.lv\/index.php?rest_route=%2Fwp%2Fv2%2Ftags&post=20963"}],"curies":[{"name":"wp","href":"https:\/\/api.w.org\/{rel}","templated":true}]}}