{"id":20789,"date":"2023-04-27T14:15:06","date_gmt":"2023-04-27T12:15:06","guid":{"rendered":"https:\/\/zurnalsiepirkumi.lv\/?p=20789"},"modified":"2023-04-27T14:15:07","modified_gmt":"2023-04-27T12:15:07","slug":"aizvaditas-varam-un-lps-ikgadejas-sarunas","status":"publish","type":"post","link":"https:\/\/zurnalsiepirkumi.lv\/?p=20789","title":{"rendered":"Aizvad\u012btas VARAM un LPS ikgad\u0113j\u0101s sarunas"},"content":{"rendered":"\n<p>Vides aizsardz\u012bbas un re\u0123ion\u0101l\u0101s att\u012bst\u012bbas ministrija<\/p>\n\n\n\n<p>27.apr\u012bl\u012b, Vides aizsardz\u012bbas un re\u0123ion\u0101l\u0101s att\u012bst\u012bbas ministrij\u0101 (VARAM) norisin\u0101j\u0101s ikgad\u0113j\u0101s sarunas ar Latvijas Pa\u0161vald\u012bbu savien\u012bbu (LPS) ministra M\u0101ra Sprind\u017euka un LPS priek\u0161s\u0113\u017ea Ginta Kaminska vad\u012bb\u0101. Ministrija kop\u0101 ar pa\u0161vald\u012bbu p\u0101rst\u0101vjiem diskut\u0113ja par finan\u0161u jaut\u0101jumiem, atkritumu apsaimnieko\u0161anas sist\u0113mu, inform\u0101cijas un komunik\u0101cijas tehnolo\u0123iju (IKT) platformu att\u012bst\u012bbas p\u0101rvald\u012bbu un citiem re\u0123ion\u0101l\u0101s att\u012bst\u012bbas jaut\u0101jumiem.<\/p>\n\n\n\n<p>Abas puses bija vienispr\u0101tis, ka pa\u0161vald\u012bbu cie\u0161a iesaiste visu saist\u012bto jomu regul\u0113jumu un konceptu\u0101lo ietvaru izveid\u0113 ir b\u016btiska t\u0101s efekt\u012bvai turpm\u0101kai ievie\u0161anai.&nbsp;T\u0101, piem\u0113ram, puses&nbsp;diskut\u0113ja par teritorijas att\u012bst\u012bbas pl\u0101no\u0161anas sist\u0113mas pilnveides jaut\u0101jumiem. Tika pan\u0101kta&nbsp;vieno\u0161an\u0101s, ka steidzami nepiecie\u0161ami groz\u012bjumi Teritorijas att\u012bst\u012bbas pl\u0101no\u0161anas likum\u0101, \u0146emot v\u0113r\u0101, ka pa\u0161vald\u012bbas nesp\u0113s iek\u013cauties likuma noteiktaj\u0101 termi\u0146\u0101, kas paredz, ka l\u012bdz&nbsp; 2023. gada 1. j\u016bnijam pa\u0161vald\u012bbas normat\u012bvaj\u0101 akt\u0101 par teritorijas att\u012bst\u012bbas pl\u0101no\u0161anas dokumentu izstr\u0101di noteiktaj\u0101 k\u0101rt\u012bb\u0101 nodro\u0161ina ar saisto\u0161ajiem noteikumiem apstiprin\u0101to det\u0101lpl\u0101nojumu atbilst\u012bbu \u0161\u0101 likuma&nbsp;29.&nbsp;pantam, proti, ka det\u0101lpl\u0101nojumam j\u0101b\u016bt apstiprin\u0101tam ar visp\u0101r\u012bgo administrat\u012bvo aktu. Savuk\u0101rt par Administrat\u012bvo teritoriju un apdz\u012bvoto vietu likuma p\u0101rejas noteikumu 17.\u202fpunkt\u0101 noteikt\u0101 termi\u0146a pagarin\u0101\u0161anu teritorijas pl\u0101nojumu izstr\u0101dei tiks diskut\u0113ts darba grup\u0101, kur\u0101 piedal\u012bsies VARAM un LPS p\u0101rst\u0101vji.<\/p>\n\n\n\n<p>Viens no sarunu jaut\u0101jumiem bija saist\u012bts ar\u00a0pl\u0101noto atkritumu apsaimnieko\u0161anas re\u0123ionu darb\u012bbu.\u00a0Saska\u0146\u0101 ar Atkritumu apsaimnieko\u0161anas likumu atkritumu apsaimnieko\u0161anas re\u0123ionos ietilpsto\u0161aj\u0101m pa\u0161vald\u012bb\u0101m l\u012bdz \u0161\u012b gada beig\u0101m j\u0101izstr\u0101d\u0101 un j\u0101apstiprina atkritumu apsaimnieko\u0161anas re\u0123ion\u0101los pl\u0101nus laikposmam l\u012bdz 2027.\u00a0gada 30.\u00a0decembrim.\u00a0Savuk\u0101rt l\u012bdz 2024. gada 30. j\u016bnijam ir j\u0101izveido atkritumu apsaimnieko\u0161anas re\u0123ion\u0101lie centri (AARC). Tos var veidot gan publiska persona, gan publiski priv\u0101ta vai priv\u0101ta kapit\u0101lsabiedr\u012bba, kas veic attiec\u012bg\u0101 atkritumu apsaimnieko\u0161anas re\u0123iona pa\u0161vald\u012bbu dele\u0123\u0113tos p\u0101rvaldes uzdevumus, \u012bstenojot atkritumu apsaimnieko\u0161anas valsts pl\u0101n\u0101 un atkritumu apsaimnieko\u0161anas re\u0123ion\u0101laj\u0101 pl\u0101n\u0101 noteiktos atkritumu apsaimnieko\u0161anas m\u0113r\u0137us. T\u0101pat paredz\u0113ts, ka normat\u012bvajos aktos noteikt\u0101 k\u0101rt\u012bb\u0101 pa\u0161vald\u012bbas var dele\u0123\u0113t p\u0101rvaldes uzdevumus atkritumu apsaimnieko\u0161anas \u00a0re\u0123ion\u0101lajiem centriem. Ja nepiecie\u0161ams, veidot metodisko materi\u0101lu, lai nerastos p\u0101rpratumi. Lai to veiksm\u012bgi paveiktu, pus\u0113m ir j\u0101vienojas par m\u0113r\u0137u sasnieg\u0161anas un atkritumu ra\u0161an\u0101s nov\u0113r\u0161anas pas\u0101kumiem, nepiecie\u0161am\u0101s infrastrukt\u016bras un invest\u012bciju apjomu katr\u0101 re\u0123ion\u0101. P\u0101rst\u0101vji sarunas laik\u0101 vienoj\u0101s l\u012bdz vasarai vienoties par nepiecie\u0161amo darbu ievie\u0161anas grafiku.\u00a0Vienlaikus ministrija nor\u0101d\u012bja, ka l\u012bdz gada beig\u0101m Ministru kabinet\u0101 tiks izstr\u0101d\u0101ti noteikumi par sadz\u012bves atkritumu sagatavo\u0161anas atk\u0101rtotai izmanto\u0161anai, p\u0101rstr\u0101des un materi\u0101lu re\u0123ener\u0101cijas m\u0113r\u0137iem un to izpildes termi\u0146iem, k\u0101 ar\u012b par biolo\u0123isko atkritumu p\u0101rstr\u0101des m\u0113r\u0137iem un to izpildes termi\u0146iem.<\/p>\n\n\n\n<p>Sarun\u0101s tika diskut\u0113ts ar\u012b par jaut\u0101jumiem saist\u012bb\u0101 ar Eiropas Savien\u012bbas (ES) direkt\u012bv\u0101m vides jom\u0101, piem\u0113ram, Komun\u0101lo notek\u016bde\u0146u direkt\u012bvu, direkt\u012bvu Par gaisa kvalit\u0101ti un t\u012br\u0101ku gaisu Eiropai, Atkritumu direkt\u012bvu u.c. Dal\u012bbvalst\u012bm b\u016bs j\u0101ievie\u0161 pas\u0101kumi, kuru \u012bsteno\u0161ana pras\u012bs iev\u0113rojamus finan\u0161u l\u012bdzek\u013cus. J\u0101atz\u012bm\u0113, ka liela da\u013ca no pas\u0101kumiem attieksies uz pa\u0161vald\u012bb\u0101m, t\u0101d\u0113\u013c puses ir uzs\u0101ku\u0161as diskusiju par kop\u0113jiem nepiecie\u0161amajiem finan\u0161u l\u012bdzek\u013ciem visu direkt\u012bvu pras\u012bbu ievie\u0161anai, k\u0101 ar\u012b finan\u0161u avotiem.<\/p>\n\n\n\n<p>LPS v\u0113rsa uzman\u012bbu ar\u012b uz to, ka pas\u0101kumu ievie\u0161ana uz pakalpojumu izmaksu cel\u0161anas r\u0113\u0137ina neb\u016btu iesp\u0113jama, jo t\u0101 ir pak\u0101rtota iedz\u012bvot\u0101ju maks\u0101tsp\u0113jai. Abas puses vienoj\u0101s, ka br\u012bd\u012b, kad b\u016bs skaidri un detaliz\u0113ti zin\u0101mas direkt\u012bvu pras\u012bbas un termi\u0146i, tiks appl\u0113sts kop\u0113jais nepiecie\u0161amais finans\u0113jums, izv\u0113rt\u0113jot nepiecie\u0161am\u012bbu p\u0113c papildu naudas l\u012bdzek\u013ciem. &nbsp;<\/p>\n\n\n\n<p>Sarunu gait\u0101 VARAM sniedza savu redz\u0113jumu attiec\u012bb\u0101 uz valsts un pa\u0161vald\u012bbu koplieto\u0161anas\u00a0IKT platformu att\u012bst\u012bbas p\u0101rvald\u012bbu.<a>\u00a0<\/a>VARAM ieskat\u0101 pa\u0161vald\u012bbu funkciju izpildei specifiski nepiecie\u0161amo IKT risin\u0101jumu, piem\u0113ram, Pa\u0161vald\u012bbu koplieto\u0161anas platformu joma ir viena no valsts p\u0101rvaldes tehnolo\u0123isk\u0101 nodro\u0161in\u0101juma jom\u0101m, jeb dom\u0113niem, kuru virsvad\u012bbu ir j\u0101uz\u0146emas tie\u0161i uz \u0161\u012bs jomas nodro\u0161in\u0101jumu specializ\u0113tam kompetences centram.<\/p>\n\n\n\n<p>VARAM pl\u0101no, ka \u0161\u0101da pa\u0161vald\u012bbu IKT risin\u0101juma vado\u0161\u0101 kompeten\u010du centra lomu uz\u0146emsies R\u012bgas digit\u0101l\u0101 a\u0123ent\u016bra. VARAM no savas puses sniegs metodisku atbalstu specializ\u0113tajam kompetences centram pa\u0161vald\u012bbu jomas (dom\u0113na) arhitekt\u016bras izstr\u0101d\u0113 saska\u0146\u0101 ar valsts l\u012bmen\u012b defin\u0113tiem Eiropas sadarbsp\u0113jas satvaram atbilsto\u0161iem principiem un vadl\u012bnij\u0101m. Kompetences centriem nostiprinoties, VARAM l\u012bdz 2024. gada vidum pl\u0101no pilnveidot valsts IKT p\u0101rvald\u012bbas tiesisko regul\u0113jumu, dele\u0123\u0113jot specializ\u0113tajiem kompeten\u010du centriem (t.sk. pa\u0161vald\u012bbu IKT kompetences centram vai centriem) pilnvaras patst\u0101v\u012bgi veikt pa\u0161vald\u012bbu IKT att\u012bst\u012bbas aktivit\u0101\u0161u koordin\u0113\u0161anu sav\u0101m jom\u0101m izstr\u0101d\u0101to arhitekt\u016bru ievie\u0161anai, tostarp IKT att\u012bst\u012bbas aktivit\u0101\u0161u \u012bsteno\u0161anas uzraudz\u012bbu savas kompetences ietvaros.<\/p>\n\n\n\n<p>Sarunu gait\u0101 tika uzsv\u0113rts, ka Atvese\u013co\u0161an\u0101s fonda ietvaros tiek realiz\u0113tas vair\u0101kas IKT jomas aktivit\u0101tes, kur\u0101s ar\u012b pa\u0161vald\u012bbas var pretend\u0113t uz finans\u0113juma piesaisti vai l\u012bdzdarboties k\u0101 partneri. Lai pa\u0161vald\u012bb\u0101m b\u016btu viegl\u0101k orient\u0113ties pieejamos instrumentos, puses vienoj\u0101s apkopot aktu\u0101lo inform\u0101ciju pa\u0161vald\u012bb\u0101m par v\u0113l iesp\u0113j\u0101m pa\u0161vald\u012bb\u0101m iesniegt projektus, kuros tiek atbalst\u012bta ar\u012b IKT probl\u0113mu risin\u0101jumi.&nbsp;Vienlaikus VARAM organiz\u0113 sarunas ar vair\u0101kiem pl\u0101no\u0161anas re\u0123ioniem un attiec\u012bgo pl\u0101no\u0161anas re\u0123ionu pa\u0161vald\u012bb\u0101m par iesp\u0113jam\u0101m potenci\u0101laj\u0101m projektu idej\u0101m un projektu ideju priek\u0161atlases procesu.<\/p>\n\n\n\n<p>T\u0101pat Atvieglojumu vienot\u0101 inform\u0101cijas sist\u0113mas (AVIS) ievie\u0161ana par\u0101da, ka pa\u0161vald\u012bbu iesaiste ir kritiski nepiecie\u0161ama visos projekta etapos. Pa\u0161vald\u012bbu b\u016btisk\u0101ka iesaiste publisk\u0101s p\u0101rvaldes vienot\u0101 datu telp\u0101 tikai veicin\u0101s t\u0101s kvalitat\u012bv\u0101ku izveidi un nodro\u0161in\u0101s pla\u0161\u0101kas iesp\u0113jas iedz\u012bvot\u0101jiem pakalpojumu sa\u0146em\u0161an\u0101 gan no valsts, gan no pa\u0161vald\u012bbu puses. VARAM bija vienispr\u0101tis ar LPS, ka kopsadarb\u012bbas platformu izveido\u0161an\u0101 ir nepiecie\u0161ams pla\u0161\u0101k piesaist\u012bt pa\u0161vald\u012bbu p\u0101rst\u0101vjus, s\u0101kot no projekta idejas l\u012bdz tehniskajai realiz\u0101cijai. Sadarb\u012bb\u0101 ar pa\u0161vald\u012bb\u0101m, tiek pl\u0101nots vienots IKT p\u0101rvald\u012bbas modelis publiskaj\u0101 p\u0101rvald\u0113, kas nodro\u0161ina datu piek\u013cuvi, apriti, anal\u012btiku, k\u0101 ar\u012b koplieto\u0161anas platformu att\u012bst\u012bbu, konkurences un\/vai monopolst\u0101vok\u013ca probl\u0113mu risin\u0101\u0161anu.<\/p>\n\n\n\n<p>Ministrs M\u0101ris Sprind\u017euks kl\u0101teso\u0161ajiem uzsv\u0113ra, ka ministrija ir atv\u0113rta dialogam jaut\u0101jumu izskat\u012b\u0161an\u0101 un efekt\u012bvu risin\u0101jumu ra\u0161an\u0101, lai kop\u012bgiem sp\u0113kiem veicin\u0101tu pa\u0161vald\u012bbu un valsts p\u0101rvaldes sadarb\u012bbu, t\u0101d\u0113j\u0101di att\u012bstot re\u0123ionus un sabiedr\u012bbas labkl\u0101j\u012bbu.&nbsp;<\/p>\n","protected":false},"excerpt":{"rendered":"<p>27.apr\u012bl\u012b, Vides aizsardz\u012bbas un re\u0123ion\u0101l\u0101s att\u012bst\u012bbas ministrij\u0101 (VARAM) norisin\u0101j\u0101s ikgad\u0113j\u0101s sarunas ar Latvijas Pa\u0161vald\u012bbu savien\u012bbu (LPS) ministra M\u0101ra Sprind\u017euka un LPS priek\u0161s\u0113\u017ea Ginta Kaminska vad\u012bb\u0101.<\/p>\n","protected":false},"author":1938,"featured_media":8716,"comment_status":"closed","ping_status":"open","sticky":false,"template":"","format":"standard","meta":{"footnotes":""},"categories":[95],"tags":[],"_links":{"self":[{"href":"https:\/\/zurnalsiepirkumi.lv\/index.php?rest_route=\/wp\/v2\/posts\/20789"}],"collection":[{"href":"https:\/\/zurnalsiepirkumi.lv\/index.php?rest_route=\/wp\/v2\/posts"}],"about":[{"href":"https:\/\/zurnalsiepirkumi.lv\/index.php?rest_route=\/wp\/v2\/types\/post"}],"author":[{"embeddable":true,"href":"https:\/\/zurnalsiepirkumi.lv\/index.php?rest_route=\/wp\/v2\/users\/1938"}],"replies":[{"embeddable":true,"href":"https:\/\/zurnalsiepirkumi.lv\/index.php?rest_route=%2Fwp%2Fv2%2Fcomments&post=20789"}],"version-history":[{"count":1,"href":"https:\/\/zurnalsiepirkumi.lv\/index.php?rest_route=\/wp\/v2\/posts\/20789\/revisions"}],"predecessor-version":[{"id":20790,"href":"https:\/\/zurnalsiepirkumi.lv\/index.php?rest_route=\/wp\/v2\/posts\/20789\/revisions\/20790"}],"wp:featuredmedia":[{"embeddable":true,"href":"https:\/\/zurnalsiepirkumi.lv\/index.php?rest_route=\/wp\/v2\/media\/8716"}],"wp:attachment":[{"href":"https:\/\/zurnalsiepirkumi.lv\/index.php?rest_route=%2Fwp%2Fv2%2Fmedia&parent=20789"}],"wp:term":[{"taxonomy":"category","embeddable":true,"href":"https:\/\/zurnalsiepirkumi.lv\/index.php?rest_route=%2Fwp%2Fv2%2Fcategories&post=20789"},{"taxonomy":"post_tag","embeddable":true,"href":"https:\/\/zurnalsiepirkumi.lv\/index.php?rest_route=%2Fwp%2Fv2%2Ftags&post=20789"}],"curies":[{"name":"wp","href":"https:\/\/api.w.org\/{rel}","templated":true}]}}