{"id":20532,"date":"2023-03-27T11:24:26","date_gmt":"2023-03-27T09:24:26","guid":{"rendered":"https:\/\/zurnalsiepirkumi.lv\/?p=20532"},"modified":"2023-03-27T11:40:17","modified_gmt":"2023-03-27T09:40:17","slug":"20532","status":"publish","type":"post","link":"https:\/\/zurnalsiepirkumi.lv\/?p=20532","title":{"rendered":"VARAM tie\u0161raides pas\u0101kum\u0101 inform\u0113s par digit\u0101l\u0101s transform\u0101cijas politikas aktualit\u0101t\u0113m"},"content":{"rendered":"\n<p>Vides aizsardz\u012bbas un re\u0123ion\u0101l\u0101s att\u012bst\u012bbas ministrija <\/p>\n\n\n\n<p>Otrdien, 28. mart\u0101, plkst. 9.00 Vides aizsardz\u012bbas un re\u0123ion\u0101l\u0101s att\u012bst\u012bbas ministrija (VARAM) r\u012bko tik\u0161anos ar iest\u0101\u017eu p\u0101rst\u0101vjiem \u201cDigit\u0101l\u0101s brokastis\u201d, kur\u0101 pla\u0161\u0101k inform\u0113s par digit\u0101l\u0101s transform\u0101cijas politikas aktualit\u0101t\u0113m. Pas\u0101kums b\u016bs v\u0113rojams VARAM\u202f\u202f<a href=\"https:\/\/www.facebook.com\/events\/2612170272270041\" target=\"_blank\" rel=\"noreferrer noopener\">Facebook<\/a>\u202fkont\u0101.&nbsp;<\/p>\n\n\n\n<p>Ministru prezidents Kri\u0161j\u0101nis Kari\u0146\u0161&nbsp;parakst\u012bjis VARAM sagatavoto r\u012bkojumu par Digit\u0101l\u0101s p\u0101rveides un p\u0101rvaldes moderniz\u0101cijas tematisk\u0101s komitejas izveido\u0161anu, iez\u012bm\u0113jot jaunu posmu m\u016bsu valsts digit\u0101l\u0101s transform\u0101cijas procesa noris\u0113.&nbsp;<\/p>\n\n\n\n<p>VARAM Digit\u0101laj\u0101s brokast\u012bs ministrs M\u0101ris Sprind\u017euks inform\u0113s gan par Digit\u0101l\u0101s komitejas izveido\u0161anu un t\u0101s lomu digit\u0101l\u0101s transform\u0101cijas politikas \u012bsteno\u0161an\u0101, gan cit\u0101m aktualit\u0101t\u0113m un n\u0101kamaj\u0101m r\u012bc\u012bb\u0101m \u0161aj\u0101, tautsaimniec\u012bbas &nbsp;att\u012bst\u012bbai noz\u012bm\u012bgaj\u0101 jom\u0101.&nbsp;<\/p>\n\n\n\n<p>Ministrs M\u0101ris Sprind\u017euks \u201cDigit\u0101l\u0101s brokastis\u201d iecer\u0113jis k\u0101 regul\u0101ru diskusiju form\u0101tu ar citu ministriju un iest\u0101\u017eu vad\u012bt\u0101jiem, k\u0101 ar\u012b sadarb\u012bbas partneriem lai apspriestu digit\u0101l\u0101s transform\u0101cijas politikas aktualit\u0101tes un organizatoriskos pilnveidojumus, k\u0101 ar\u012b uzklaus\u012btu un p\u0101rrun\u0101tu sadarb\u012bbas aspektus starp VARAM un nozaru ministrij\u0101m.&nbsp;<\/p>\n\n\n\n<p>Pas\u0101kuma laik\u0101 pl\u0101nots p\u0101rrun\u0101t digit\u0101l\u0101s transform\u0101cijas politikas priorit\u0101tes un organiz\u0101cijas aspektus, koordin\u0101ciju Latvijas un Eiropas Savien\u012bbas digit\u0101lo m\u0113r\u0137u sasnieg\u0161an\u0101, k\u0101 ar\u012b diskut\u0113t par projektu portfe\u013cu pieejas ievie\u0161anu, pl\u0101nojot 2021.-2027.gada perioda invest\u012bcijas.&nbsp;<\/p>\n\n\n\n<p>Lai \u012bstenotu pla\u0161u ekonomikas transform\u0101ciju, deklar\u0101cija par premjerministra A.K. Kari\u0146a vad\u012bt\u0101 Ministru kabineta iecer\u0113to darb\u012bbu paredz m\u0113r\u0137\u0113ti p\u0101rorient\u0113t darbu piec\u0101s savstarp\u0113ji cie\u0161i saist\u012bt\u0101s jom\u0101s \u2013 dro\u0161\u012bb\u0101, izgl\u012bt\u012bb\u0101, ener\u0123\u0113tik\u0101, konkur\u0113tsp\u0113j\u0101, k\u0101 ar\u012b dz\u012bves kvalit\u0101t\u0113, cilv\u0113ka un sabiedr\u012bbas vesel\u012bb\u0101. Min\u0113to jomu digit\u0101l\u0101 transform\u0101cija ir b\u016btisks nosac\u012bjums Ministru kabineta izvirz\u012bto m\u0113r\u0137u sasnieg\u0161an\u0101.&nbsp;<\/p>\n\n\n\n<p>Noz\u012bm\u012bgs instruments Latvijas ekonomikas un sabiedr\u012bbas digit\u0101laj\u0101 p\u0101rveid\u0113 ir Digit\u0101l\u0101s transform\u0101cijas pamatnost\u0101dnes 2021.\u2013 2027. gadam, kas balst\u0101s uz v\u012bziju izveidot m\u016bsdienu tehnolo\u0123iju izmanto\u0161an\u0101 balst\u012btu modernu dz\u012bves telpu un att\u012bst\u012bt sabiedr\u012bbas sp\u0113jas labkl\u0101j\u012bbu un tautsaimniec\u012bbas izaugsmi veidot efekt\u012bvi, pielietojot digit\u0101lo tehnolo\u0123iju iesp\u0113jas, k\u0101 ar\u012b att\u012bstot rado\u0161o potenci\u0101lu.&nbsp;<\/p>\n","protected":false},"excerpt":{"rendered":"<p>Otrdien, 28. mart\u0101, plkst. 9.00 Vides aizsardz\u012bbas un re\u0123ion\u0101l\u0101s att\u012bst\u012bbas ministrija (VARAM) r\u012bko tik\u0161anos ar iest\u0101\u017eu p\u0101rst\u0101vjiem \u201cDigit\u0101l\u0101s brokastis\u201d, kur\u0101 pla\u0161\u0101k inform\u0113s par digit\u0101l\u0101s transform\u0101cijas politikas aktualit\u0101t\u0113m. Pas\u0101kums b\u016bs v\u0113rojams VARAM\u202f\u202fFacebook\u202fkont\u0101.\u00a0<\/p>\n","protected":false},"author":1938,"featured_media":20531,"comment_status":"closed","ping_status":"open","sticky":false,"template":"","format":"standard","meta":{"footnotes":""},"categories":[120,39],"tags":[],"_links":{"self":[{"href":"https:\/\/zurnalsiepirkumi.lv\/index.php?rest_route=\/wp\/v2\/posts\/20532"}],"collection":[{"href":"https:\/\/zurnalsiepirkumi.lv\/index.php?rest_route=\/wp\/v2\/posts"}],"about":[{"href":"https:\/\/zurnalsiepirkumi.lv\/index.php?rest_route=\/wp\/v2\/types\/post"}],"author":[{"embeddable":true,"href":"https:\/\/zurnalsiepirkumi.lv\/index.php?rest_route=\/wp\/v2\/users\/1938"}],"replies":[{"embeddable":true,"href":"https:\/\/zurnalsiepirkumi.lv\/index.php?rest_route=%2Fwp%2Fv2%2Fcomments&post=20532"}],"version-history":[{"count":2,"href":"https:\/\/zurnalsiepirkumi.lv\/index.php?rest_route=\/wp\/v2\/posts\/20532\/revisions"}],"predecessor-version":[{"id":20534,"href":"https:\/\/zurnalsiepirkumi.lv\/index.php?rest_route=\/wp\/v2\/posts\/20532\/revisions\/20534"}],"wp:featuredmedia":[{"embeddable":true,"href":"https:\/\/zurnalsiepirkumi.lv\/index.php?rest_route=\/wp\/v2\/media\/20531"}],"wp:attachment":[{"href":"https:\/\/zurnalsiepirkumi.lv\/index.php?rest_route=%2Fwp%2Fv2%2Fmedia&parent=20532"}],"wp:term":[{"taxonomy":"category","embeddable":true,"href":"https:\/\/zurnalsiepirkumi.lv\/index.php?rest_route=%2Fwp%2Fv2%2Fcategories&post=20532"},{"taxonomy":"post_tag","embeddable":true,"href":"https:\/\/zurnalsiepirkumi.lv\/index.php?rest_route=%2Fwp%2Fv2%2Ftags&post=20532"}],"curies":[{"name":"wp","href":"https:\/\/api.w.org\/{rel}","templated":true}]}}