{"id":20449,"date":"2023-03-15T08:54:16","date_gmt":"2023-03-15T06:54:16","guid":{"rendered":"https:\/\/zurnalsiepirkumi.lv\/?p=20449"},"modified":"2023-03-16T08:57:54","modified_gmt":"2023-03-16T06:57:54","slug":"izsludinats-otrais-projektu-konkurss-interreg-europe-programma-2021-2027-gadam","status":"publish","type":"post","link":"https:\/\/zurnalsiepirkumi.lv\/?p=20449","title":{"rendered":"Izsludin\u0101ts otrais projektu konkurss INTERREG EUROPE programm\u0101 2021.-2027.gadam"},"content":{"rendered":"\n<p>\u00a0Vides aizsardz\u012bbas un re\u0123ion\u0101l\u0101s att\u012bst\u012bbas ministrija<\/p>\n\n\n\n<p>Vides aizsardz\u012bbas un re\u0123ion\u0101l\u0101s att\u012bst\u012bbas ministrija aicina piedal\u012bties\u00a0INTERREG EUROPE starpre\u0123ionu sadarb\u012bbas programmas 2021.-2027.gadam otraj\u0101 projektu konkurs\u0101.<\/p>\n\n\n\n<p>Projektu konkurss norisin\u0101s no\u00a02023.gada 15.marta l\u012bdz 9.j\u016bnijam.<\/p>\n\n\n\n<p>Programma atbalst\u012bs pieredzes apmai\u0146u, inovat\u012bvu pieeju izmanto\u0161anu un kapacit\u0101tes veido\u0161anu ar m\u0113r\u0137i veicin\u0101t re\u0123ion\u0101l\u0101s att\u012bst\u012bbas politikas instrumentu, tai skait\u0101 Koh\u0113zijas politikas darb\u012bbas programmas 2021.-2027.gadam \u012bsteno\u0161anu.<\/p>\n\n\n\n<p>Ar\u00a0re\u0123ion\u0101l\u0101s att\u012bst\u012bbas politikas instrumentu\u00a0tiek saprasts jebkur\u0161 politikas pl\u0101no\u0161anas dokuments, strat\u0113\u0123ija, likums, Ministru kabineta noteikumi, ko izstr\u0101d\u0101 publisk\u0101s p\u0101rvaldes iest\u0101des un, kuru pilnveide var sniegt ieguld\u012bjumu noteiktas teritorijas att\u012bst\u012bbai.<\/p>\n\n\n\n<p>Tas tiks paveikts atbalstot un sekm\u0113jot politikas apguvi, daloties ar zin\u0101\u0161an\u0101m un inform\u0101ciju, nododot labo praksi nacion\u0101l\u0101m, re\u0123ion\u0101l\u0101m un viet\u0113j\u0101m p\u0101rvaldes iest\u0101d\u0113m, k\u0101 ar\u012b citiem re\u0123ion\u0101l\u0101s politikas dal\u012bbniekiem. Rezult\u0101t\u0101 tiks stiprin\u0101ta Eiropas Savien\u012bbas re\u0123ionu un dal\u012bbvalstu ekonomisk\u0101, soci\u0101l\u0101 un teritori\u0101l\u0101 koh\u0113zija un izaugsme.<\/p>\n\n\n\n<p>Projektus iesp\u0113jams iesniegt visos programmas tematiskajos virzienos:\u00a0vied\u0101ka Eiropa, za\u013c\u0101ka Eiropa, savienot\u0101ka Eiropa, soci\u0101l\u0101ka Eiropa, Eiropa tuv\u0101k pilso\u0146iem un lab\u0101ka sadarb\u012bbas p\u0101rvald\u012bba.<\/p>\n\n\n\n<p>Projekta partner\u012bb\u0101 j\u0101piedal\u0101s\u00a0partneriem no vismaz trim valst\u012bm.<\/p>\n\n\n\n<p>Programmas atbalstam var pieteikties organiz\u0101cijas no visas Eiropas Savien\u012bbas teritorijas, Norv\u0113\u0123ijas un \u0160veices:<\/p>\n\n\n\n<ul>\n<li>valsts bud\u017eeta iest\u0101des;&nbsp;<\/li>\n\n\n\n<li>no valsts bud\u017eeta da\u013c\u0113ji finans\u0113tas atvasin\u0101t\u0101s publisk\u0101s personas un to izveidot\u0101s iest\u0101des;<\/li>\n\n\n\n<li>pa\u0161vald\u012bbas un to izveidot\u0101s iest\u0101des;<\/li>\n\n\n\n<li>biedr\u012bbas un nodibin\u0101jumi.<\/li>\n<\/ul>\n\n\n\n<p>Priv\u0101tais sektors projektos var piedal\u012bties ar savu finans\u0113jumu.<\/p>\n\n\n\n<p>Otraj\u0101 projektu konkurs\u0101 pieejamais programmas Eiropas Re\u0123ion\u0101l\u0101s att\u012bst\u012bbas fonda (ERAF) finans\u0113jums ir\u00a0l\u012bdz 130 milj.\u00a0euro.<\/p>\n\n\n\n<p>Programmas ERAF l\u012bdzfinans\u0113juma likme valsts bud\u017eeta iest\u0101d\u0113m, no valsts bud\u017eeta da\u013c\u0113ji finans\u0113t\u0101m atvasin\u0101t\u0101m publisk\u0101m person\u0101m un to izveidot\u0101m iest\u0101d\u0113m, k\u0101 ar\u012b pa\u0161vald\u012bb\u0101m un to izveidot\u0101m iest\u0101d\u0113m ir 80% no attiecin\u0101majiem izdevumiem, savuk\u0101rt biedr\u012bb\u0101m un nodibin\u0101jumiem 70%. L\u012bdzfinans\u0113jums attiec\u012bgi 20% un 30% apm\u0113r\u0101 j\u0101nodro\u0161ina projekta partneriem.<\/p>\n\n\n\n<p>\u0145emot v\u0113r\u0101, ka programmas valoda ir ang\u013cu valoda, projektu pieteikumi j\u0101iesniedz ang\u013cu valod\u0101.<\/p>\n\n\n\n<p>Projektu konkursa nosac\u012bjumi, saist\u012btie dokumenti un cita noder\u012bga inform\u0101cija pieejama\u00a0<a href=\"https:\/\/www.interregeurope.eu\/next-call-for-projects\" target=\"_blank\" rel=\"noreferrer noopener\">Programmas t\u012bmek\u013ca vietn\u0113.<\/a><\/p>\n\n\n\n<p>Jaut\u0101jumu gad\u012bjum\u0101 aicin\u0101m sazin\u0101ties ar programmas Kop\u012bg\u0101 Sekretari\u0101ta p\u0101rst\u0101vjiem (<a href=\"https:\/\/www.interregeurope.eu\/our-team\" target=\"_blank\" rel=\"noreferrer noopener\">https:\/\/www.interregeurope.eu\/our-team<\/a>), k\u0101 ar\u012b programmas Nacion\u0101l\u0101 kontaktpunkta Latvij\u0101 kontaktpersonu Vides aizsardz\u012bbas un re\u0123ion\u0101l\u0101s att\u012bst\u012bbas ministrij\u0101 Ilgu Gru\u0161evu (<a href=\"mailto:ilga.gruseva@varam.gov.lv\" target=\"_blank\" rel=\"noreferrer noopener\">ilga.gruseva@varam.gov.lv<\/a>; t\u0101lr.: 67026472).<\/p>\n\n\n\n<p>Vides aizsardz\u012bbas un re\u0123ion\u0101l\u0101s att\u012bst\u012bbas ministrija pilda Nacion\u0101l\u0101s atbild\u012bg\u0101s iest\u0101des funkcijas Eiropas Savien\u012bbas Koh\u0113zijas politikas m\u0113r\u0137a \u201cEiropas teritori\u0101l\u0101 sadarb\u012bba\u201d programmu \u012bsteno\u0161anas koordin\u0101ciju Latvij\u0101, tai skait\u0101 starpre\u0123ionu sadarb\u012bbas programmas INTERREG EUROPE \u012bsteno\u0161anas koordin\u0101cijai Latvij\u0101.<\/p>\n","protected":false},"excerpt":{"rendered":"<p>Vides aizsardz\u012bbas un re\u0123ion\u0101l\u0101s att\u012bst\u012bbas ministrija aicina piedal\u012bties\u00a0INTERREG EUROPE starpre\u0123ionu sadarb\u012bbas programmas 2021.-2027.gadam otraj\u0101 projektu konkurs\u0101.<\/p>\n","protected":false},"author":1938,"featured_media":20445,"comment_status":"closed","ping_status":"open","sticky":false,"template":"","format":"standard","meta":{"footnotes":""},"categories":[23,120],"tags":[],"_links":{"self":[{"href":"https:\/\/zurnalsiepirkumi.lv\/index.php?rest_route=\/wp\/v2\/posts\/20449"}],"collection":[{"href":"https:\/\/zurnalsiepirkumi.lv\/index.php?rest_route=\/wp\/v2\/posts"}],"about":[{"href":"https:\/\/zurnalsiepirkumi.lv\/index.php?rest_route=\/wp\/v2\/types\/post"}],"author":[{"embeddable":true,"href":"https:\/\/zurnalsiepirkumi.lv\/index.php?rest_route=\/wp\/v2\/users\/1938"}],"replies":[{"embeddable":true,"href":"https:\/\/zurnalsiepirkumi.lv\/index.php?rest_route=%2Fwp%2Fv2%2Fcomments&post=20449"}],"version-history":[{"count":2,"href":"https:\/\/zurnalsiepirkumi.lv\/index.php?rest_route=\/wp\/v2\/posts\/20449\/revisions"}],"predecessor-version":[{"id":20451,"href":"https:\/\/zurnalsiepirkumi.lv\/index.php?rest_route=\/wp\/v2\/posts\/20449\/revisions\/20451"}],"wp:featuredmedia":[{"embeddable":true,"href":"https:\/\/zurnalsiepirkumi.lv\/index.php?rest_route=\/wp\/v2\/media\/20445"}],"wp:attachment":[{"href":"https:\/\/zurnalsiepirkumi.lv\/index.php?rest_route=%2Fwp%2Fv2%2Fmedia&parent=20449"}],"wp:term":[{"taxonomy":"category","embeddable":true,"href":"https:\/\/zurnalsiepirkumi.lv\/index.php?rest_route=%2Fwp%2Fv2%2Fcategories&post=20449"},{"taxonomy":"post_tag","embeddable":true,"href":"https:\/\/zurnalsiepirkumi.lv\/index.php?rest_route=%2Fwp%2Fv2%2Ftags&post=20449"}],"curies":[{"name":"wp","href":"https:\/\/api.w.org\/{rel}","templated":true}]}}