{"id":20401,"date":"2023-03-08T07:54:46","date_gmt":"2023-03-08T05:54:46","guid":{"rendered":"https:\/\/zurnalsiepirkumi.lv\/?p=20401"},"modified":"2023-03-08T07:54:47","modified_gmt":"2023-03-08T05:54:47","slug":"valdiba-apstiprina-744-miljonu-eiro-finansejumu-bateriju-elektrovilcienu-iegadei-no-atveselosanas-fonda","status":"publish","type":"post","link":"https:\/\/zurnalsiepirkumi.lv\/?p=20401","title":{"rendered":"Vald\u012bba apstiprina 74,4 miljonu eiro finans\u0113jumu bateriju elektrovilcienu ieg\u0101dei no Atvese\u013co\u0161anas fonda"},"content":{"rendered":"\n<p>Satiksmes ministrija<\/p>\n\n\n\n<p>7. mart\u0101, vald\u012bba apstiprin\u0101ja Satiksmes ministrijas (SM) sagatavoto informat\u012bvo zi\u0146ojumu par 74,4 miljonu eiro piesaisti no Atvese\u013co\u0161anas fonda (AF) vismaz septi\u0146u bateriju elektrovilcienu ieg\u0101dei\u00a0R\u012bgas un Pier\u012bgas sabiedrisk\u0101 transporta za\u013cin\u0101\u0161anas reformas\u00a0\u012bsteno\u0161anai.<\/p>\n\n\n\n<p>Piepils\u0113tas bateriju elektrovilcienu (BEMU vilcieni) ieg\u0101de pl\u0101nota, lai nodro\u0161in\u0101tu lab\u0101ku dzelzce\u013ca pasa\u017eieru transporta integr\u0101ciju kop\u0113j\u0101 R\u012bgas valstspils\u0113tas sabiedrisk\u0101 transporta sist\u0113m\u0101. BEMU vilcieni nodro\u0161in\u0101s pasa\u017eieru p\u0101rvad\u0101jumus neelektrific\u0113taj\u0101s l\u012bnij\u0101s, t\u0101d\u0113j\u0101di uzlabojot sniegto pakalpojumu kvalit\u0101ti. T\u0101pat bateriju elektrovilcienu priek\u0161roc\u012bbas izjut\u012bs dzelzce\u013ca slied\u0113m tuvum\u0101 dz\u012bvojo\u0161ie, jo \u0161\u0101di m\u016bsdien\u012bgi vilcieni ir klus\u0101ki un maz\u0101k pies\u0101r\u0146o apk\u0101rt\u0113jo vidi.<\/p>\n\n\n\n<p>\u201c\u0160is l\u0113mums ir liels solis ce\u013c\u0101 uz cilv\u0113kiem \u0113rt\u0101ku un videi draudz\u012bg\u0101ku p\u0101rvieto\u0161anos. Bolder\u0101ja, kas ir viena no liel\u0101kaj\u0101m R\u012bgas apkaim\u0113m, faktiski ir atdal\u012bta no galvaspils\u0113tas. Jaunie vilcieni mar\u0161rut\u0101 R\u012bga \u2013 Bolder\u0101ja nodro\u0161in\u0101s cie\u0161\u0101ku savienojam\u012bbu ar galvaspils\u0113tas centru, kas ir svar\u012bgi apkaimes iedz\u012bvot\u0101jiem, viesiem, k\u0101 ar\u012b virknei Latvijas lielo uz\u0146\u0113mumu, kas str\u0101d\u0101 \u0161aj\u0101 pils\u0113tas da\u013c\u0101. Ne maz\u0101k svar\u012bgs mar\u0161ruts ir R\u012bga \u2013 Sigulda. Jaunie elektrovilcieni nomain\u012bs vecos d\u012bze\u013cvilcienus, nodro\u0161inot daudz komfortabl\u0101kus un m\u016bsdien\u012bg\u0101kus pasa\u017eieru p\u0101rvad\u0101jumus,\u201d saka satiksmes ministrs J\u0101nis Vitenbergs.<\/p>\n\n\n\n<p>Informat\u012bvais zi\u0146ojums paredz, ka&nbsp;Autotransporta direkcija (ATD) veiks septi\u0146u BEMU vilcienu ieg\u0101di l\u012bdz 2026. gada 30. j\u016bnijam. T\u0101pat ATD organiz\u0113s sabiedrisk\u0101 transporta pakalpojumus jaun\u0101 dzelzce\u013ca mar\u0161rut\u0101 R\u012bga \u2013 Bolder\u0101ja, ar perspekt\u012bvu l\u012bdz Daugavgr\u012bvai un dzelzce\u013ca l\u012bnij\u0101 R\u012bga \u2013 Sigulda, kur\u0101s s\u0101kotn\u0113ji tiek pl\u0101nots iesaist\u012bt BEMU vilcienus.<\/p>\n\n\n\n<p>BEMU vilcienu ieg\u0101de notiek siner\u0123ij\u0101 ar VAS \u201cLatvijas dzelzce\u013c\u0161\u201d \u012bstenoto dzelzce\u013ca t\u012bkla elektrifik\u0101cijas pl\u0101nu, kas paredz Bolder\u0101jas l\u012bnijas att\u012bst\u012bbu.<\/p>\n\n\n\n<p>SM \u012bstenot\u0101s R\u012bgas metropoles are\u0101la transporta sist\u0113mas za\u013cin\u0101\u0161anas\u00a0reformai kopsumm\u0101 pl\u0101nots ieguld\u012bt 295 miljonus eiro AF finans\u0113juma. Reformas m\u0113r\u0137is ir mazin\u0101t transporta rad\u012bto negat\u012bvo ietekmi uz galvaspils\u0113tas vides kvalit\u0101ti un veidot iedz\u012bvot\u0101ju vajadz\u012bb\u0101m atbilsto\u0161us integr\u0113tus sabiedrisk\u0101 transporta pakalpojumus, stiprinot dzelzce\u013ca k\u0101 sabiedrisk\u0101 transporta mugurkaula lomu. Sagaid\u0101ms, ka \u012bstenot\u0101 reforma veicin\u0101s iedz\u012bvot\u0101ju ikdienas p\u0101rvieto\u0161an\u0101s paradumu mai\u0146u un mudin\u0101s iedz\u012bvot\u0101jus p\u0101rs\u0113sties no priv\u0101t\u0101 transporta uz sabiedrisko, kas savuk\u0101rt dos pozit\u012bvu pienesumu Eiropas za\u013co m\u0113r\u0137u sasnieg\u0161anai.<\/p>\n","protected":false},"excerpt":{"rendered":"<p>7. mart\u0101, vald\u012bba apstiprin\u0101ja Satiksmes ministrijas (SM) sagatavoto informat\u012bvo zi\u0146ojumu par 74,4 miljonu eiro piesaisti no Atvese\u013co\u0161anas fonda (AF) vismaz septi\u0146u bateriju elektrovilcienu ieg\u0101dei\u00a0R\u012bgas un Pier\u012bgas sabiedrisk\u0101 transporta za\u013cin\u0101\u0161anas reformas\u00a0\u012bsteno\u0161anai.<\/p>\n","protected":false},"author":1938,"featured_media":20400,"comment_status":"closed","ping_status":"open","sticky":false,"template":"","format":"standard","meta":{"footnotes":""},"categories":[23,46],"tags":[],"_links":{"self":[{"href":"https:\/\/zurnalsiepirkumi.lv\/index.php?rest_route=\/wp\/v2\/posts\/20401"}],"collection":[{"href":"https:\/\/zurnalsiepirkumi.lv\/index.php?rest_route=\/wp\/v2\/posts"}],"about":[{"href":"https:\/\/zurnalsiepirkumi.lv\/index.php?rest_route=\/wp\/v2\/types\/post"}],"author":[{"embeddable":true,"href":"https:\/\/zurnalsiepirkumi.lv\/index.php?rest_route=\/wp\/v2\/users\/1938"}],"replies":[{"embeddable":true,"href":"https:\/\/zurnalsiepirkumi.lv\/index.php?rest_route=%2Fwp%2Fv2%2Fcomments&post=20401"}],"version-history":[{"count":1,"href":"https:\/\/zurnalsiepirkumi.lv\/index.php?rest_route=\/wp\/v2\/posts\/20401\/revisions"}],"predecessor-version":[{"id":20402,"href":"https:\/\/zurnalsiepirkumi.lv\/index.php?rest_route=\/wp\/v2\/posts\/20401\/revisions\/20402"}],"wp:featuredmedia":[{"embeddable":true,"href":"https:\/\/zurnalsiepirkumi.lv\/index.php?rest_route=\/wp\/v2\/media\/20400"}],"wp:attachment":[{"href":"https:\/\/zurnalsiepirkumi.lv\/index.php?rest_route=%2Fwp%2Fv2%2Fmedia&parent=20401"}],"wp:term":[{"taxonomy":"category","embeddable":true,"href":"https:\/\/zurnalsiepirkumi.lv\/index.php?rest_route=%2Fwp%2Fv2%2Fcategories&post=20401"},{"taxonomy":"post_tag","embeddable":true,"href":"https:\/\/zurnalsiepirkumi.lv\/index.php?rest_route=%2Fwp%2Fv2%2Ftags&post=20401"}],"curies":[{"name":"wp","href":"https:\/\/api.w.org\/{rel}","templated":true}]}}