{"id":20208,"date":"2023-02-08T07:38:36","date_gmt":"2023-02-08T05:38:36","guid":{"rendered":"https:\/\/zurnalsiepirkumi.lv\/?p=20208"},"modified":"2023-02-09T07:39:02","modified_gmt":"2023-02-09T05:39:02","slug":"korige-raditaju-sasniegsanas-nosacijumus-es-fondu-programmas-pasvaldibam","status":"publish","type":"post","link":"https:\/\/zurnalsiepirkumi.lv\/?p=20208","title":{"rendered":"Kori\u0123\u0113 r\u0101d\u012bt\u0101ju sasnieg\u0161anas nosac\u012bjumus ES fondu programm\u0101s pa\u0161vald\u012bb\u0101m"},"content":{"rendered":"\n<p>\u00a0Centr\u0101l\u0101 finan\u0161u un l\u012bgumu a\u0123ent\u016bra<\/p>\n\n\n\n<p>L\u012bdz ar groz\u012bjumiem Ministru kabineta (MK) noteikumos ir main\u012btas projektu r\u0101d\u012bt\u0101ju sasnieg\u0161anas pras\u012bbas vair\u0101k\u0101s Eiropas Savien\u012bbas (ES) fondu programm\u0101s, kuras ir Vides aizsardz\u012bbas un re\u0123ion\u0101l\u0101s att\u012bst\u012bbas ministrijas (VARAM) p\u0101rzi\u0146\u0101.<\/p>\n\n\n\n<p>VARAM inform\u0113, ka otrdien,\u00a07.02.2023.\u00a0vald\u012bbas s\u0113d\u0113<strong>\u00a0<\/strong>ir apstiprin\u0101ti\u00a0MK noteikumi:<\/p>\n\n\n\n<p> &#8211; Nr.\u00a054 \u201cGroz\u012bjumi<strong>\u00a0<\/strong>Ministru kabineta 2015. gada 13. oktobra noteikumos\u00a0<a rel=\"noreferrer noopener\" href=\"https:\/\/likumi.lv\/ta\/id\/277959-darbibas-programmas-izaugsme-un-nodarbinatiba-3-3-1-specifiska-atbalsta-merka-palielinat-privato-investiciju-apjomu-regionos-ve...\" target=\"_blank\">Nr. 593<\/a>\u00a0&#8220;Darb\u012bbas programmas \u201cIzaugsme un nodarbin\u0101t\u012bba\u201d\u00a03.3.1. specifisk\u0101 atbalsta m\u0113r\u0137a\u00a0\u201cPalielin\u0101t priv\u0101to invest\u012bciju apjomu re\u0123ionos, veicot ieguld\u012bjumus uz\u0146\u0113m\u0113jdarb\u012bbas att\u012bst\u012bbai atbilsto\u0161i pa\u0161vald\u012bbu att\u012bst\u012bbas programm\u0101s noteiktajai teritoriju ekonomiskajai specializ\u0101cijai un balstoties uz viet\u0113jo uz\u0146\u0113m\u0113ju vajadz\u012bb\u0101m\u201d \u012bsteno\u0161anas noteikumi\u201d\u201d un<\/p>\n\n\n\n<p> &#8211; Nr. 55 \u201cGroz\u012bjumi Ministru kabineta 2015. gada 10. novembra noteikumos\u00a0<a rel=\"noreferrer noopener\" href=\"https:\/\/likumi.lv\/ta\/id\/278254-darbibas-programmas-izaugsme-un-nodarbinatiba-5-6-2-specifiska-atbalsta-merka-teritoriju-revitalizacija-regenerejot-degradetas\" target=\"_blank\">Nr. 645<\/a>\u00a0\u201cDarb\u012bbas programmas \u201cIzaugsme un nodarbin\u0101t\u012bba\u201d\u00a05.6.2. specifisk\u0101 atbalsta m\u0113r\u0137a\u00a0\u201cTeritoriju revitaliz\u0101cija, re\u0123ener\u0113jot degrad\u0113t\u0101s teritorijas atbilsto\u0161i pa\u0161vald\u012bbu integr\u0113taj\u0101m att\u012bst\u012bbas programm\u0101m\u201d\u00a0un\u00a013.1.3. specifisk\u0101 atbalsta m\u0113r\u0137a \u201cAtvese\u013co\u0161anas pas\u0101kumi vides un re\u0123ion\u0101l\u0101s att\u012bst\u012bbas jom\u0101\u201d\u00a013.1.3.3. pas\u0101kuma\u00a0\u201cTeritoriju revitaliz\u0101cija uz\u0146\u0113m\u0113jdarb\u012bbas veicin\u0101\u0161anai pa\u0161vald\u012bb\u0101s\u201d \u012bsteno\u0161anas noteikumi\u201d\u201d.<\/p>\n\n\n\n<p>MK noteikumu groz\u012bjumi\u00a0par 3.3.1 SAM projektu r\u0101d\u012bt\u0101ju sasnieg\u0161anu paredz\u00a0\u0161\u0101das izmai\u0146as:<\/p>\n\n\n\n<ol>\n<li>pagarin\u0101t projektu r\u0101d\u012bt\u0101ju (komersantu darba vietas un nefinan\u0161u invest\u012bcijas, komersantu skaits) sasnieg\u0161anas termi\u0146u l\u012bdz 5 gadiem p\u0113c projekta pabeig\u0161anas,\u00a0nep\u0101rsniedzot\u00a0 31.12.2028.<strong>\u00a0<\/strong>Preciz\u0113tais nosac\u012bjums ir vien\u0101di attiecin\u0101ms uz visiem projektiem vis\u0101s atlases k\u0101rt\u0101s \u2013 \u00a0pa\u0161vald\u012bb\u0101m tiek dots<strong>\u00a0<\/strong>papildu laiks iepriek\u0161 pl\u0101noto r\u0101d\u012bt\u0101ju sasnieg\u0161anai (\u0161obr\u012bd r\u0101d\u012bt\u0101ji j\u0101sasniedz l\u012bdz 31.12.2023; termi\u0146\u0161 ir vien\u0101ds ar projektu \u012bsteno\u0161anas termi\u0146u);<\/li>\n\n\n\n<li>15% atlaidi r\u0101d\u012bt\u0101ju nesasnieg\u0161anai \u2013 s\u0101kt ERAF finans\u0113juma atmaksu par r\u0101d\u012bt\u0101ju neizpildi virs 15% neizpildes, nevis no 1%, k\u0101 tas ir noteikts \u0161obr\u012bd. Preciz\u0113tais nosac\u012bjums ir vien\u0101di attiecin\u0101ms uz visiem projektiem vis\u0101s atlases k\u0101rt\u0101s, vienlaikus 15% elast\u012bbas pieeja tiek sal\u0101gota ar 5.6.2.SAM \u012bsteno\u0161anas nosac\u012bjumiem, kur \u0161\u0101da 15% atlaide r\u0101d\u012bt\u0101ju nesasnieg\u0161anai jau ir noteikta.<\/li>\n<\/ol>\n\n\n\n<p>Savuk\u0101rt MK noteikumu groz\u012bjumi\u00a0par 5.6.2. SAM un 13.1.3.3.pas\u0101kuma projektu r\u0101d\u012bt\u0101ju sasnieg\u0161anu\u00a0paredz\u00a0pagarin\u0101t projektu nacion\u0101lo r\u0101d\u012bt\u0101ju (komersantu darba vietas un nefinan\u0161u invest\u012bcijas) sasnieg\u0161anas termi\u0146u l\u012bdz 5 gadiem p\u0113c projekta pabeig\u0161anas, nep\u0101rsniedzot 31.12.2028.\u00a0Preciz\u0113tais nosac\u012bjums ir vien\u0101di attiecin\u0101ms uz visiem projektiem vis\u0101s atlases k\u0101rt\u0101s \u2013 \u00a0pa\u0161vald\u012bb\u0101m tiek dots<strong>\u00a0<\/strong>papildu laiks iepriek\u0161 pl\u0101noto nacion\u0101lo r\u0101d\u012bt\u0101ju sasnieg\u0161anai. Vienlaikus skaidrojam, ka\u00a0netiek pagarin\u0101ts termi\u0146\u0161 atjaunot\u0101s degrad\u0113t\u0101s teritorijas (ha) r\u0101d\u012bt\u0101ja sasnieg\u0161anai, kas ir Eiropas Savien\u012bbas fondu 2014.-2020.gada pl\u0101no\u0161anas perioda darb\u012bbas programm\u0101 \u201cIzaugsme un nodarbin\u0101t\u012bba\u201d noteiktais izn\u0101kuma r\u0101d\u012bt\u0101js.<\/p>\n\n\n\n<p>VARAM uzsver, ka\u00a0projekta darb\u012bbu pabeig\u0161anas un izdevumu attiecin\u0101m\u012bbas beigu termi\u0146\u0161 netiek main\u012bts \u2013 tas ir 31.12.2023. \u0145emot v\u0113r\u0101, ka Eiropas Komisija nav pagarin\u0101jusi ES fondu 2014.-2020.gada pl\u0101no\u0161anas periodu (t.sk. saglab\u0101jas\u00a0<em>n+3<\/em>\u00a0pieeja bud\u017eeta pl\u0101no\u0161an\u0101), ar\u012b izmaksu attiecin\u0101m\u012bbas termi\u0146a pagarin\u0101\u0161ana nav iesp\u0113jama. Iev\u0113rojot min\u0113to,\u00a0VARAM\u00a0aicina pa\u0161vald\u012bbas vad\u012bt riskus, lai nodro\u0161in\u0101tu projektos paredz\u0113t\u0101s infrastrukt\u016bras izb\u016bvi l\u012bdz 31.12.2023.\u00a0\u00a0<\/p>\n","protected":false},"excerpt":{"rendered":"<p>L\u012bdz ar groz\u012bjumiem Ministru kabineta (MK) noteikumos ir main\u012btas projektu r\u0101d\u012bt\u0101ju sasnieg\u0161anas pras\u012bbas vair\u0101k\u0101s Eiropas Savien\u012bbas (ES) fondu programm\u0101s, kuras ir Vides aizsardz\u012bbas un re\u0123ion\u0101l\u0101s att\u012bst\u012bbas ministrijas (VARAM) p\u0101rzi\u0146\u0101.<\/p>\n","protected":false},"author":1938,"featured_media":20207,"comment_status":"closed","ping_status":"open","sticky":false,"template":"","format":"standard","meta":{"footnotes":""},"categories":[120],"tags":[],"_links":{"self":[{"href":"https:\/\/zurnalsiepirkumi.lv\/index.php?rest_route=\/wp\/v2\/posts\/20208"}],"collection":[{"href":"https:\/\/zurnalsiepirkumi.lv\/index.php?rest_route=\/wp\/v2\/posts"}],"about":[{"href":"https:\/\/zurnalsiepirkumi.lv\/index.php?rest_route=\/wp\/v2\/types\/post"}],"author":[{"embeddable":true,"href":"https:\/\/zurnalsiepirkumi.lv\/index.php?rest_route=\/wp\/v2\/users\/1938"}],"replies":[{"embeddable":true,"href":"https:\/\/zurnalsiepirkumi.lv\/index.php?rest_route=%2Fwp%2Fv2%2Fcomments&post=20208"}],"version-history":[{"count":1,"href":"https:\/\/zurnalsiepirkumi.lv\/index.php?rest_route=\/wp\/v2\/posts\/20208\/revisions"}],"predecessor-version":[{"id":20209,"href":"https:\/\/zurnalsiepirkumi.lv\/index.php?rest_route=\/wp\/v2\/posts\/20208\/revisions\/20209"}],"wp:featuredmedia":[{"embeddable":true,"href":"https:\/\/zurnalsiepirkumi.lv\/index.php?rest_route=\/wp\/v2\/media\/20207"}],"wp:attachment":[{"href":"https:\/\/zurnalsiepirkumi.lv\/index.php?rest_route=%2Fwp%2Fv2%2Fmedia&parent=20208"}],"wp:term":[{"taxonomy":"category","embeddable":true,"href":"https:\/\/zurnalsiepirkumi.lv\/index.php?rest_route=%2Fwp%2Fv2%2Fcategories&post=20208"},{"taxonomy":"post_tag","embeddable":true,"href":"https:\/\/zurnalsiepirkumi.lv\/index.php?rest_route=%2Fwp%2Fv2%2Ftags&post=20208"}],"curies":[{"name":"wp","href":"https:\/\/api.w.org\/{rel}","templated":true}]}}