{"id":20204,"date":"2023-02-07T17:53:59","date_gmt":"2023-02-07T15:53:59","guid":{"rendered":"https:\/\/zurnalsiepirkumi.lv\/?p=20204"},"modified":"2023-02-07T17:53:59","modified_gmt":"2023-02-07T15:53:59","slug":"es-konkuretspejas-ministri-diskute-par-zala-kursa-ietekmi-uz-es-konkuretspeju-un-vienoto-tirgu","status":"publish","type":"post","link":"https:\/\/zurnalsiepirkumi.lv\/?p=20204","title":{"rendered":"ES konkur\u0113tsp\u0113jas ministri diskut\u0113 par za\u013c\u0101 kursa ietekmi uz ES konkur\u0113tsp\u0113ju un vienoto tirgu"},"content":{"rendered":"\n<p>Ekonomikas ministrija<\/p>\n\n\n\n<p>\u0160.g. 6. un 7. febru\u0101r\u012b Zviedrijas prezident\u016bra r\u012bkoja Eiropas Savien\u012bbas konkur\u0113tsp\u0113jas ministru neform\u0101lo san\u0101ksmi par ES Za\u013c\u0101 kursa ietekmi uz ES konkur\u0113tsp\u0113ju un vienoto tirgu. Latvijas viedokli san\u0101ksm\u0113 p\u0101rst\u0101v\u0113ja Ekonomikas ministrijas parlament\u0101rais sekret\u0101rs Adris \u010cuda.<\/p>\n\n\n\n<p>Pirmdien, 6. febru\u0101r\u012b EM parlament\u0101rais sekret\u0101rs piedal\u012bj\u0101s Zviedrijas prezident\u016bras un Zviedrijas Uz\u0146\u0113m\u0113ju konfeder\u0101cijas r\u012bkotaj\u0101 Skandin\u0101vijas uz\u0146\u0113m\u0113ju XPO izst\u0101d\u0113 \u201cZviedrijas biznesa safari\u201d. T\u0101 ietvaros da\u017e\u0101di Zviedrijas uz\u0146\u0113mumi prezent\u0113ja savus sasniegumus ilgtsp\u0113j\u012bgu risin\u0101jumu pielieto\u0161an\u0101 ikdien\u0101.<\/p>\n\n\n\n<p>Savuk\u0101rt otrdien, 7. febru\u0101r\u012b Stokholm\u0101 notika ES Konkur\u0113tsp\u0113jas ministru neform\u0101l\u0101 san\u0101ksme par ES vienot\u0101 tirgus konkur\u0113tsp\u0113jas jaut\u0101jumiem, kur\u0101 piedal\u012bj\u0101s par vienot\u0101 tirgus un r\u016bpniec\u012bbas jaut\u0101jumiem atbild\u012bgie ministri.<\/p>\n\n\n\n<p>San\u0101ksmes laik\u0101 ministri diskut\u0113ja par \u012bstermi\u0146a un ilgtermi\u0146a pas\u0101kumiem, kas veicami vienotaj\u0101 tirg\u016b rea\u0123\u0113jot uz \u0161\u012b br\u012b\u017ea ener\u0123\u0113tikas kr\u012bzi un \u0123eopolitisko situ\u0101ciju, lai saglab\u0101tu konkur\u0113tsp\u0113ju un produktivit\u0101ti , vienlaikus veicinot \u201cza\u013co\u201d p\u0101reju.<\/p>\n\n\n\n<p>Pau\u017eot Latvijas viedokli diskusijas laik\u0101, A.\u010cuda uzsv\u0113ra nepiecie\u0161am\u012bbu p\u0113c p\u0101rdom\u0101t\u0101m un ilgtermi\u0146\u0101 m\u0113r\u0137\u0113t\u0101m atbalsta aktivit\u0101t\u0113m, k\u0101 ar\u012b nosac\u012bjumiem eksporta att\u012bst\u012bbai un jaunu konkur\u0113tsp\u0113jas priek\u0161roc\u012bbu veido\u0161anai, kas ir saist\u012bti ar invest\u012bcij\u0101m cilv\u0113kkapit\u0101l\u0101, tehnolo\u0123ij\u0101s, inov\u0101cij\u0101s, p\u0113tniec\u012bb\u0101 un digitaliz\u0101cij\u0101. \u201cES pa\u0161laik saskaras ar konkurences izaicin\u0101jumiem un skaidrs, ka nepiecie\u0161ama m\u0113r\u0137tiec\u012bga politika, lai pa\u0101trin\u0101tu strat\u0113\u0123iski svar\u012bgu jaut\u0101jumu virz\u012bbu. Veicinot ES p\u0101reju uz za\u013co tehnolo\u0123iju izmanto\u0161anu, b\u016btiski ir veidot t\u0101dus nosac\u012bjumus, kas invest\u012bcijas \u013cauj piesaist\u012bt bez administrat\u012bviem \u0161\u0137\u0113r\u0161\u013ciem, t\u0101d\u0113j\u0101di nekav\u0113jot priv\u0101t\u0101 sektora iesp\u0113jas sniegt ieguld\u012bjumu klimata neitralit\u0101tes m\u0113r\u0137u sasnieg\u0161an\u0101,\u201d uzsv\u0113ra EM parlament\u0101rais sekret\u0101rs.<\/p>\n\n\n\n<p>San\u0101ksmes turpin\u0101jum\u0101 notika diskusijas par to, k\u0101\u00a0rad\u012bt vislab\u0101kos apst\u0101k\u013cus priv\u0101t\u0101m invest\u012bcij\u0101m ce\u013c\u0101 uz za\u013co p\u0101reju.\u00a0Latvijas ieskat\u0101, lai \u012bstenotu klimata amb\u012bcijas, b\u016bs j\u0101piel\u0101gojas vis\u0101m nozar\u0113m. Ra\u017eo\u0161anas uz\u0146\u0113mumiem un, jo \u012bpa\u0161i energoietilp\u012bgiem uz\u0146\u0113mumiem, tas noz\u012bm\u0113s procesu un energoresursu izmanto\u0161anas efektivit\u0101tes palielin\u0101\u0161anu, tostarp viedo risin\u0101jumu ievie\u0161anu. T\u0101d\u0113\u013c, lai uz\u0146\u0113mumus motiv\u0113tu mekl\u0113t un piesaist\u012bt finans\u0113jumu ilgtsp\u0113j\u012bgas produktu un pakalpojumu biznesa idejas att\u012bst\u012bbai, b\u016bs nepiecie\u0161ams gan sp\u0113c\u012bgs publisk\u0101 sektora atbalsts, gan pat\u0113r\u0113t\u0101ju atbalsts.<\/p>\n\n\n\n<p>Pusdienu diskusiju ietvaros dal\u012bbnieki apmain\u012bj\u0101s ar viedok\u013ciem pirms 2023. gada 2. marta ES Konkur\u0113tsp\u0113jas ministru padomes debat\u0113m un gaid\u0101maj\u0101m Eiropadomes diskusij\u0101m par ilgtermi\u0146a konkur\u0113tsp\u0113jas veicin\u0101\u0161anu un produktivit\u0101ti Eirop\u0101. Dal\u012bbvalstis pauda priek\u0161likumus par ES l\u012bme\u0146a ilgtermi\u0146a strat\u0113\u0123iju konkur\u0113tsp\u0113jas un produktivit\u0101tes veicin\u0101\u0161anai, ar kuru Eiropas Komisijai tika uzdots n\u0101kt klaj\u0101 2023. gada s\u0101kum\u0101.<\/p>\n\n\n\n<p>Latvijas skat\u012bjum\u0101 jebk\u0101dai ES ilgtermi\u0146a strat\u0113\u0123ijai ir j\u0101b\u016bt balst\u012btai uz atv\u0113rtu strat\u0113\u0123isko autonomiju, veicinot strat\u0113\u0123iski svar\u012bgu tehnolo\u0123isko att\u012bst\u012bbu ES un izejvielu ieguvi, vienlaic\u012bgi saglab\u0101jot atv\u0113rt\u012bbu pret uzticam\u0101m tirdzniec\u012bbas partnervalst\u012bm. T\u0101pat nepiecie\u0161ams atbalsts uz\u0146\u0113mumiem kredit\u0113\u0161anas pieejam\u012bbas un konkur\u0113tsp\u0113jas uzlabo\u0161anai. Diskusijas laik\u0101 EM parlament\u0101rais sekret\u0101rs A.\u010cuda uzsv\u0113ra, ka ES iniciat\u012bvas, kas v\u0113rstas uz protekcionisma veicin\u0101\u0161anu, nav atbalst\u0101mas, jo bremz\u0113 glob\u0101lo ekonomisko izaugsmi un savstarp\u0113jais protekcionisms kav\u0113s pieg\u0101\u017eu un v\u0113rt\u012bbu \u0137\u0113\u017eu darb\u012bbu. ES svar\u012bgi \u0161obr\u012bd ir pan\u0101kt vienl\u012bdz\u012bgu konkurences apst\u0101k\u013cu nodro\u0161in\u0101\u0161anu starpvalstu dialog\u0101 ar ASV un \u0136\u012bnu.<\/p>\n","protected":false},"excerpt":{"rendered":"<p>\u0160.g. 6. un 7. febru\u0101r\u012b Zviedrijas prezident\u016bra r\u012bkoja Eiropas Savien\u012bbas konkur\u0113tsp\u0113jas ministru neform\u0101lo san\u0101ksmi par ES Za\u013c\u0101 kursa ietekmi uz ES konkur\u0113tsp\u0113ju un vienoto tirgu. <\/p>\n","protected":false},"author":1938,"featured_media":20203,"comment_status":"closed","ping_status":"open","sticky":false,"template":"","format":"standard","meta":{"footnotes":""},"categories":[47],"tags":[],"_links":{"self":[{"href":"https:\/\/zurnalsiepirkumi.lv\/index.php?rest_route=\/wp\/v2\/posts\/20204"}],"collection":[{"href":"https:\/\/zurnalsiepirkumi.lv\/index.php?rest_route=\/wp\/v2\/posts"}],"about":[{"href":"https:\/\/zurnalsiepirkumi.lv\/index.php?rest_route=\/wp\/v2\/types\/post"}],"author":[{"embeddable":true,"href":"https:\/\/zurnalsiepirkumi.lv\/index.php?rest_route=\/wp\/v2\/users\/1938"}],"replies":[{"embeddable":true,"href":"https:\/\/zurnalsiepirkumi.lv\/index.php?rest_route=%2Fwp%2Fv2%2Fcomments&post=20204"}],"version-history":[{"count":2,"href":"https:\/\/zurnalsiepirkumi.lv\/index.php?rest_route=\/wp\/v2\/posts\/20204\/revisions"}],"predecessor-version":[{"id":20206,"href":"https:\/\/zurnalsiepirkumi.lv\/index.php?rest_route=\/wp\/v2\/posts\/20204\/revisions\/20206"}],"wp:featuredmedia":[{"embeddable":true,"href":"https:\/\/zurnalsiepirkumi.lv\/index.php?rest_route=\/wp\/v2\/media\/20203"}],"wp:attachment":[{"href":"https:\/\/zurnalsiepirkumi.lv\/index.php?rest_route=%2Fwp%2Fv2%2Fmedia&parent=20204"}],"wp:term":[{"taxonomy":"category","embeddable":true,"href":"https:\/\/zurnalsiepirkumi.lv\/index.php?rest_route=%2Fwp%2Fv2%2Fcategories&post=20204"},{"taxonomy":"post_tag","embeddable":true,"href":"https:\/\/zurnalsiepirkumi.lv\/index.php?rest_route=%2Fwp%2Fv2%2Ftags&post=20204"}],"curies":[{"name":"wp","href":"https:\/\/api.w.org\/{rel}","templated":true}]}}