{"id":20156,"date":"2023-02-02T08:49:35","date_gmt":"2023-02-02T06:49:35","guid":{"rendered":"https:\/\/zurnalsiepirkumi.lv\/?p=20156"},"modified":"2023-02-02T08:49:36","modified_gmt":"2023-02-02T06:49:36","slug":"tieslietu-ministrijas-sagatavotie-likumu-grozijumi-uzlabos-uznemejdarbibas-vidi","status":"publish","type":"post","link":"https:\/\/zurnalsiepirkumi.lv\/?p=20156","title":{"rendered":"Tieslietu ministrijas sagatavotie likumu groz\u012bjumi uzlabos uz\u0146\u0113m\u0113jdarb\u012bbas vidi"},"content":{"rendered":"\n<p>Tieslietu ministrija<\/p>\n\n\n\n<p>31. janv\u0101r\u012b, Ministru kabinet\u0101 pie\u0146emti Tieslietu ministrijas iesniegtie likumprojekti, kas paredz ES P\u0101rrobe\u017eu reorganiz\u0101cijas direkt\u012bvas un ES Digitaliz\u0101cijas direkt\u012bvas ievie\u0161anu.<sup><a href=\"#fn1\" id=\"ref1\">*<\/a><\/sup> Lai ties\u012bbu aktos ieviestu abu ES direkt\u012bvu nosac\u012bjumus, izstr\u0101d\u0101ti groz\u012bjumi Komerclikum\u0101, likum\u0101 \u201cPar Latvijas Republikas Uz\u0146\u0113mumu re\u0123istru\u201d, k\u0101 ar\u012b groz\u012bjumi likum\u0101 \u201cPar darbinieku iesaist\u012b\u0161anu l\u0113mumu pie\u0146em\u0161an\u0101 Eiropas komercsabiedr\u012bb\u0101, Eiropas kooperat\u012bvaj\u0101 sabiedr\u012bb\u0101 un kapit\u0101lsabiedr\u012bbu p\u0101rrobe\u017eu apvieno\u0161anas gad\u012bjum\u0101&#8221;.<\/p>\n\n\n\n<p>Tieslietu ministre Inese L\u012bbi\u0146a-Egnere uzsver: \u201c\u0160ie groz\u012bjumi padar\u012bs komercdarb\u012bbas tiesisko vidi ne tikai dro\u0161\u0101ku, bet ar\u012b sak\u0101rtot\u0101ku, \u013caujot komercsabiedr\u012bb\u0101m vienk\u0101r\u0161\u0101k\u0101 veid\u0101 veikt reorganiz\u0101ciju gan nacion\u0101l\u0101, gan p\u0101rrobe\u017eu l\u012bmen\u012b.\u201d<\/p>\n\n\n\n<p>Groz\u012bjumi Komerclikum\u0101 paredz p\u0101rskat\u012bt komercsabiedr\u012bbu p\u0101rrobe\u017eu apvieno\u0161anas k\u0101rt\u012bbu un ievie\u0161 divus jaunus p\u0101rrobe\u017eu reorganiz\u0101cijas veidus: komercsabiedr\u012bbu p\u0101rrobe\u017eu sadal\u012b\u0161ana un p\u0101rrobe\u017eu p\u0101rveido\u0161ana. Vienlaikus tiek uzlabots un vienk\u0101r\u0161ots ar\u012b nacion\u0101lais komercsabiedr\u012bbu reorganiz\u0101cijas process, lai tas b\u016btiski neat\u0161\u0137irtos no p\u0101rrobe\u017eu reorganiz\u0101cijas procesa. T\u0101pat komercsabiedr\u012bbu reorganiz\u0101cijas process padar\u012bts efekt\u012bv\u0101ks, optimiz\u0113jot termi\u0146us un p\u0101rskatot reorganiz\u0101cijas proces\u0101 veicam\u0101s darb\u012bbas.<\/p>\n\n\n\n<p>Ar Komerclikuma groz\u012bjumu sagatavo\u0161anu pabeigts ar\u012b Uz\u0146\u0113m\u0113jdarb\u012bbas vides pilnveido\u0161anas pas\u0101kumu pl\u0101ns 2019.-2022. gadam, kas paredz\u0113ja vienk\u0101r\u0161ot komercsabiedr\u012bbas reorganiz\u0101cijas procesu un sa\u012bsin\u0101t Komerclikum\u0101 noteiktos termi\u0146us, ja tiek veikta SIA p\u0101rveido\u0161ana par AS, p\u0101rskatot visus p\u0101rveido\u0161anas procesus, vienk\u0101r\u0161ojot tos un sa\u012bsinot \u0161o procesu norisi un samazinot to izmaksas.<\/p>\n\n\n\n<p>\u0160odien MK atbalst\u012btie groz\u012bjumi Komerclikum\u0101 paredz ar\u012b no komerctiesisk\u0101s vides un aprites izsl\u0113gt&nbsp;personas, kur\u0101m k\u0101d\u0101 no ES dal\u012bbvalst\u012bm piem\u0113rots liegums jeb ierobe\u017eojums komercdarb\u012bbas veik\u0161anai, stiprinot jau \u0161obr\u012bd normat\u012bvajos aktos noteikt\u0101 un piem\u0113rot\u0101 soda izpildi ne vien nacion\u0101l\u0101, bet ar\u012b p\u0101rrobe\u017eu m\u0113rog\u0101, l\u012bdz ar to komercdarb\u012bbas veik\u0161ana norit\u0113s sak\u0101rtot\u0101 un prognoz\u0113jam\u0101 tiesiskaj\u0101 vid\u0113.<\/p>\n\n\n\n<p>T\u0101pat tiek p\u0101rskat\u012bta ar\u012b kapit\u0101lsabiedr\u012bbu padomes loma un kompetence, k\u0101 ar\u012b stiprin\u0101ta padomes p\u0101rraudz\u012bbas funkcija, lai Latvijas uz\u0146\u0113mumos veicin\u0101tu starptautisk\u0101s lab\u0101s prakses p\u0101r\u0146em\u0161anu un nostiprin\u0101tu kapit\u0101lsabiedr\u012bbas padomes strat\u0113\u0123isk\u0101s p\u0101rvald\u012bbas lomu. Un p\u0101rskat\u012bts ar\u012b dividen\u017eu sadales meh\u0101nisms, kas \u013caus kapit\u0101lsabiedr\u012bbas dividendes dal\u012bbniekiem sadal\u012bt ne tikai iev\u0113rojot proporcionalit\u0101tes principu, bet ar\u012b vienojoties par citu dividen\u017eu sadales k\u0101rt\u012bbu.<\/p>\n\n\n\n<p>Samazin\u0101ts likum\u0101 noteiktais minim\u0101lais valdes un padomes locek\u013cu skaits bir\u017e\u0101 kot\u0113taj\u0101s sabiedr\u012bb\u0101s, t\u0101d\u0101 veid\u0101 mazinot administrat\u012bvo slogu.<\/p>\n\n\n\n<p>Ar groz\u012bjumiem likum\u0101 \u201cPar Latvijas Republikas Uz\u0146\u0113mumu re\u0123istru\u201d tiek p\u0101r\u0146emtas Digitaliz\u0101cijas direkt\u012bvas normas, nodro\u0161inot inform\u0101cijas apmai\u0146u starp ES dal\u012bbvalstu re\u0123istriem par dal\u012bbvalst\u012bs piem\u0113rotiem komercdarb\u012bbas ierobe\u017eojumiem (liegumiem ie\u0146emt amatus) un nodro\u0161inot komercdarb\u012bbas ierobe\u017eojumu izpildi.<\/p>\n\n\n\n<p>P\u0101rrobe\u017eu reorganiz\u0101cijas direkt\u012bvas normas paredz Uz\u0146\u0113mumu re\u0123istra r\u012bc\u012bbu, p\u0101rbaudot komercsabiedr\u012bbu reorganiz\u0101cijas likum\u012bbu un nodro\u0161inot inform\u0101cijas apmai\u0146u starp ES dal\u012bbvalstu re\u0123istriem, k\u0101 ar\u012b nodro\u0161inot pien\u0101c\u012bgu p\u0101rredzam\u012bbu un digit\u0101lo r\u012bku un procesu izmanto\u0161anu inform\u0101cijas apmai\u0146\u0101.<\/p>\n\n\n\n<p>Groz\u012bjumi likum\u0101 &#8220;Par darbinieku iesaist\u012b\u0161anu l\u0113mumu pie\u0146em\u0161an\u0101 Eiropas komercsabiedr\u012bb\u0101, Eiropas kooperat\u012bvaj\u0101 sabiedr\u012bb\u0101 un kapit\u0101lsabiedr\u012bbu p\u0101rrobe\u017eu apvieno\u0161anas gad\u012bjum\u0101&#8221; ir izstr\u0101d\u0101ti, \u0146emot v\u0113r\u0101, ka P\u0101rrobe\u017eu reorganiz\u0101cijas direkt\u012bva paredz, ka dal\u012bbvalst\u012bm j\u0101ievie\u0161 nosac\u012bjumi par darbinieku l\u012bdzdal\u012bbas nodro\u0161in\u0101\u0161anu visiem taj\u0101 paredz\u0113tajiem reorganiz\u0101cijas veidiem, t.i. ne tikai p\u0101rrobe\u017eu apvieno\u0161anai, bet ar\u012b p\u0101rrobe\u017eu sadal\u012b\u0161anai un p\u0101rveido\u0161anai.<\/p>\n\n\n\n<p>Min\u0113tie likumprojekti p\u0113c apstiprin\u0101\u0161anas Ministru kabinet\u0101 v\u0113l j\u0101izskata un j\u0101pie\u0146em Saeim\u0101 pirms to st\u0101\u0161an\u0101s sp\u0113k\u0101.<\/p>\n\n\n\n<p><sup id=\"fn1\">*P\u0101rrobe\u017eu reorganiz\u0101cijas direkt\u012bva (Eiropas Parlamenta un Padomes 2019. gada 27. novembra direkt\u012bva (ES) 2019\/2121) un Digitaliz\u0101cijas direkt\u012bva (Eiropas Parlamenta un Padomes 2019. gada 20. j\u016bnija direkt\u012bva (ES) 2019\/1151).<a href=\"#ref1\" title=\"Jump back to footnote 1 in the text.\">\u21a9<\/a><\/sup><\/p>\n","protected":false},"excerpt":{"rendered":"<p>31. janv\u0101r\u012b, Ministru kabinet\u0101 pie\u0146emti Tieslietu ministrijas iesniegtie likumprojekti, kas paredz ES P\u0101rrobe\u017eu reorganiz\u0101cijas direkt\u012bvas un ES Digitaliz\u0101cijas direkt\u012bvas ievie\u0161anu.<\/p>\n","protected":false},"author":1938,"featured_media":20155,"comment_status":"closed","ping_status":"open","sticky":false,"template":"","format":"standard","meta":{"footnotes":""},"categories":[71,1],"tags":[],"_links":{"self":[{"href":"https:\/\/zurnalsiepirkumi.lv\/index.php?rest_route=\/wp\/v2\/posts\/20156"}],"collection":[{"href":"https:\/\/zurnalsiepirkumi.lv\/index.php?rest_route=\/wp\/v2\/posts"}],"about":[{"href":"https:\/\/zurnalsiepirkumi.lv\/index.php?rest_route=\/wp\/v2\/types\/post"}],"author":[{"embeddable":true,"href":"https:\/\/zurnalsiepirkumi.lv\/index.php?rest_route=\/wp\/v2\/users\/1938"}],"replies":[{"embeddable":true,"href":"https:\/\/zurnalsiepirkumi.lv\/index.php?rest_route=%2Fwp%2Fv2%2Fcomments&post=20156"}],"version-history":[{"count":3,"href":"https:\/\/zurnalsiepirkumi.lv\/index.php?rest_route=\/wp\/v2\/posts\/20156\/revisions"}],"predecessor-version":[{"id":20159,"href":"https:\/\/zurnalsiepirkumi.lv\/index.php?rest_route=\/wp\/v2\/posts\/20156\/revisions\/20159"}],"wp:featuredmedia":[{"embeddable":true,"href":"https:\/\/zurnalsiepirkumi.lv\/index.php?rest_route=\/wp\/v2\/media\/20155"}],"wp:attachment":[{"href":"https:\/\/zurnalsiepirkumi.lv\/index.php?rest_route=%2Fwp%2Fv2%2Fmedia&parent=20156"}],"wp:term":[{"taxonomy":"category","embeddable":true,"href":"https:\/\/zurnalsiepirkumi.lv\/index.php?rest_route=%2Fwp%2Fv2%2Fcategories&post=20156"},{"taxonomy":"post_tag","embeddable":true,"href":"https:\/\/zurnalsiepirkumi.lv\/index.php?rest_route=%2Fwp%2Fv2%2Ftags&post=20156"}],"curies":[{"name":"wp","href":"https:\/\/api.w.org\/{rel}","templated":true}]}}