{"id":20008,"date":"2023-01-18T09:36:40","date_gmt":"2023-01-18T07:36:40","guid":{"rendered":"https:\/\/zurnalsiepirkumi.lv\/?p=20008"},"modified":"2023-01-18T09:36:41","modified_gmt":"2023-01-18T07:36:41","slug":"atvieglo-kvalifikacijas-prasibas-buvinspektoriem","status":"publish","type":"post","link":"https:\/\/zurnalsiepirkumi.lv\/?p=20008","title":{"rendered":"Atvieglo kvalifik\u0101cijas pras\u012bbas b\u016bvinspektoriem"},"content":{"rendered":"\n<p>Ekonomikas ministrija<\/p>\n\n\n\n<p>2023. gada 17. janv\u0101ra s\u0113d\u0113 Ministru kabinets apstiprin\u0101ja izmai\u0146as noteikumos par b\u016bvinspektoriem, kas\u00a0\u013caus papla\u0161in\u0101t pretendentu loku uz b\u016bvinspektora amatiem un vienk\u0101r\u0161os jaunu b\u016bvinspektoru atlases procesu, k\u0101 ar\u012b\u00a0nodro\u0161in\u0101s sam\u0113r\u012bguma principa iev\u0113ro\u0161anu attiec\u012bb\u0101 uz b\u016bvinspektoram izvirz\u0101maj\u0101m kvalifik\u0101cijas pras\u012bb\u0101m.<\/p>\n\n\n\n<p>Pieaugot b\u016bvniec\u012bbas apjomiem, k\u0101 ar\u012b b\u016bvju sare\u017e\u0123\u012bt\u012bbai un kompleksumam, pieaug ar\u012b darba apjoms pa\u0161vald\u012bbas b\u016bvvaldei un t\u0101s amatperson\u0101m \u2013 b\u016bvinspektoriem. Daudzas pa\u0161vald\u012bbu b\u016bvvaldes ir nor\u0101d\u012bju\u0161as uz b\u016bvinspektoru tr\u016bkumu un gr\u016bt\u012bb\u0101m piesaist\u012bt jaunus b\u016bvinspektorus.<\/p>\n\n\n\n<p>Uz b\u016bvinspektora ties\u012bbu ieg\u016b\u0161anu var pretend\u0113t b\u016bvspeci\u0101lists, kuram p\u0113d\u0113jo divu gadu laik\u0101 nav izteikts vair\u0101k k\u0101 viens br\u012bdin\u0101jums, vai nav aptur\u0113ta vai anul\u0113ta b\u016bvspeci\u0101lista sertifik\u0101ta darb\u012bba. Proti, profesion\u0101lo atbild\u012bbu b\u016bvspeci\u0101listam piem\u0113ro par t\u0101diem p\u0101rk\u0101pumiem, kas liecina par b\u016bvspeci\u0101lista nepietiekamu r\u016bp\u012bbu vai \u013caunpr\u0101t\u012bgu darb\u012bbu &#8211; r\u012bc\u012bbu, kas nav savienojama ar darbo\u0161anos reglament\u0113taj\u0101 profesij\u0101.<\/p>\n\n\n\n<p>Vienlaikus, \u0161obr\u012bd b\u016bvspeci\u0101lista sertifik\u0101tu var aptur\u0113t un vi\u0146u izsl\u0113gt no b\u016bvinspektoru re\u0123istra ar\u012b gad\u012bjum\u0101, ja b\u016bvspeci\u0101lists noteiktaj\u0101 termi\u0146\u0101 nav samaks\u0101jis uzraudz\u012bbas maksu, nav ievad\u012bjis re\u0123istr\u0101 inform\u0101ciju&nbsp;par iepriek\u0161\u0113j\u0101 kalend\u0101ra gad\u0101 apg\u016btaj\u0101m profesion\u0101l\u0101s pilnveides programm\u0101m, semin\u0101riem un citiem kompetenci paaugstino\u0161iem pas\u0101kumiem vai patst\u0101v\u012bgo praksi, vai nav sniedzis kompetences p\u0101rbaudes iest\u0101des piepras\u012bto inform\u0101ciju, kas nepiecie\u0161ama b\u016bvspeci\u0101lista patst\u0101v\u012bg\u0101s prakses izv\u0113rt\u0113\u0161anai.<\/p>\n\n\n\n<p>Iepriek\u0161 min\u0113tie p\u0101rk\u0101pumi p\u0113c savas b\u016bt\u012bbas ir form\u0101li un neliecina par personas faktiskaj\u0101m sp\u0113j\u0101m atbilsto\u0161i pild\u012bt savus profesion\u0101los pien\u0101kumus vai tr\u016bkumiem profesion\u0101lo pien\u0101kumu izpild\u0113.\u00a0T\u0101d\u0113\u013c turpm\u0101k no regul\u0113juma tiks izsl\u0113gts ierobe\u017eojums b\u016bvspeci\u0101listam ie\u0146emt b\u016bvinspektora amatu, ja ir bijis aptur\u0113ts patst\u0101v\u012bg\u0101s prakses sertifik\u0101ts par uzraudz\u012bbas gada maksas nemaks\u0101\u0161anu vai b\u016bvspeci\u0101listu re\u0123istr\u0101 neievad\u012bto inform\u0101ciju par profesion\u0101lo pilnveidi, vai veikto patst\u0101v\u012bgo praksi, vai ar\u012b par kompetences p\u0101rbaudes iest\u0101dei nesniegto inform\u0101ciju.<\/p>\n\n\n\n<p>Detaliz\u0113t\u0101k ar apstiprin\u0101tajiem groz\u012bjumiem Ministru kabineta 2014. gada 19. augusta noteikumos Nr. 499 &#8220;Noteikumi par b\u016bvinspektoriem&#8221; var iepaz\u012bties vienotaj\u0101\u00a0<a href=\"https:\/\/tapportals.mk.gov.lv\/legal_acts\/076ca419-0c6e-4918-a671-d4392fa7a823\" target=\"_blank\" rel=\"noreferrer noopener\">Ties\u012bbu aktu port\u0101l\u0101<\/a>.<\/p>\n","protected":false},"excerpt":{"rendered":"<p>2023. gada 17. janv\u0101ra s\u0113d\u0113 Ministru kabinets apstiprin\u0101ja izmai\u0146as noteikumos par b\u016bvinspektoriem, kas\u00a0\u013caus papla\u0161in\u0101t pretendentu loku uz b\u016bvinspektora amatiem un vienk\u0101r\u0161os jaunu b\u016bvinspektoru atlases procesu, k\u0101 ar\u012b\u00a0nodro\u0161in\u0101s sam\u0113r\u012bguma principa iev\u0113ro\u0161anu attiec\u012bb\u0101 uz b\u016bvinspektoram izvirz\u0101maj\u0101m kvalifik\u0101cijas pras\u012bb\u0101m.<\/p>\n","protected":false},"author":1938,"featured_media":20007,"comment_status":"closed","ping_status":"open","sticky":false,"template":"","format":"standard","meta":{"footnotes":""},"categories":[405,20],"tags":[],"_links":{"self":[{"href":"https:\/\/zurnalsiepirkumi.lv\/index.php?rest_route=\/wp\/v2\/posts\/20008"}],"collection":[{"href":"https:\/\/zurnalsiepirkumi.lv\/index.php?rest_route=\/wp\/v2\/posts"}],"about":[{"href":"https:\/\/zurnalsiepirkumi.lv\/index.php?rest_route=\/wp\/v2\/types\/post"}],"author":[{"embeddable":true,"href":"https:\/\/zurnalsiepirkumi.lv\/index.php?rest_route=\/wp\/v2\/users\/1938"}],"replies":[{"embeddable":true,"href":"https:\/\/zurnalsiepirkumi.lv\/index.php?rest_route=%2Fwp%2Fv2%2Fcomments&post=20008"}],"version-history":[{"count":1,"href":"https:\/\/zurnalsiepirkumi.lv\/index.php?rest_route=\/wp\/v2\/posts\/20008\/revisions"}],"predecessor-version":[{"id":20009,"href":"https:\/\/zurnalsiepirkumi.lv\/index.php?rest_route=\/wp\/v2\/posts\/20008\/revisions\/20009"}],"wp:featuredmedia":[{"embeddable":true,"href":"https:\/\/zurnalsiepirkumi.lv\/index.php?rest_route=\/wp\/v2\/media\/20007"}],"wp:attachment":[{"href":"https:\/\/zurnalsiepirkumi.lv\/index.php?rest_route=%2Fwp%2Fv2%2Fmedia&parent=20008"}],"wp:term":[{"taxonomy":"category","embeddable":true,"href":"https:\/\/zurnalsiepirkumi.lv\/index.php?rest_route=%2Fwp%2Fv2%2Fcategories&post=20008"},{"taxonomy":"post_tag","embeddable":true,"href":"https:\/\/zurnalsiepirkumi.lv\/index.php?rest_route=%2Fwp%2Fv2%2Ftags&post=20008"}],"curies":[{"name":"wp","href":"https:\/\/api.w.org\/{rel}","templated":true}]}}