{"id":19839,"date":"2023-01-05T07:48:18","date_gmt":"2023-01-05T05:48:18","guid":{"rendered":"https:\/\/zurnalsiepirkumi.lv\/?p=19839"},"modified":"2023-01-06T07:55:57","modified_gmt":"2023-01-06T05:55:57","slug":"varam-aicina-piedalities-centrala-baltijas-juras-regiona-programmas-2021-2023-g-projektu-konkursos","status":"publish","type":"post","link":"https:\/\/zurnalsiepirkumi.lv\/?p=19839","title":{"rendered":"VARAM aicina piedal\u012bties Centr\u0101l\u0101 Baltijas j\u016bras re\u0123iona programmas 2021.\u20132023.g. projektu konkursos"},"content":{"rendered":"\n<p>Vides aizsardz\u012bbas un re\u0123ion\u0101l\u0101s att\u012bst\u012bbas ministrija<\/p>\n\n\n\n<p>Vides aizsardz\u012bbas un re\u0123ion\u0101l\u0101s att\u012bst\u012bbas ministrija k\u0101 par Eiropas Savien\u012bbas Koh\u0113zijas politikas m\u0113r\u0137a \u201cEiropas teritori\u0101l\u0101 sadarb\u012bba\u201d programmu \u012bsteno\u0161anas koordin\u0101ciju Latvij\u0101 atbild\u012bg\u0101 iest\u0101de, tai skait\u0101 Centr\u0101l\u0101 Baltijas j\u016bras re\u0123iona p\u0101rrobe\u017eu sadarb\u012bbas programmu 2021.-2027.gadam (turpm\u0101k &#8211; programma), aicina\u00a0piedal\u012bties programmas otraj\u0101 un tre\u0161aj\u0101 projektu konkurs\u0101.<\/p>\n\n\n\n<p>Centr\u0101l\u0101 Baltijas j\u016bras re\u0123iona programma nodro\u0161ina Eiropas Savien\u012bbas finans\u0113jumu p\u0101rrobe\u017eu projektiem Baltijas j\u016bras centr\u0101laj\u0101 re\u0123ion\u0101. Programma ietver 27 Baltijas j\u016bras re\u0123ionus \u010detr\u0101s valst\u012bs \u2013 Latvij\u0101, Igaunij\u0101, Zviedrij\u0101 un Somij\u0101, tai skait\u0101 \u0100landu sal\u0101s.&nbsp;Latvij\u0101 tie ir Kurzemes, Vidzemes un Zemgales re\u0123ioni, R\u012bga un Pier\u012bga.<\/p>\n\n\n\n<p>Programma veidota ar m\u0113r\u0137i stiprin\u0101t sadarb\u012bbu starp re\u0123ioniem, veicinot inovat\u012bvu uz\u0146\u0113m\u0113jdarb\u012bbas att\u012bst\u012bbu, Centr\u0101l\u0101 Baltijas j\u016bras re\u0123iona vides un resursu izmanto\u0161anu, pieejamu un iek\u013caujo\u0161u darba tirgus att\u012bst\u012bbu, k\u0101 ar\u012b publiskos pakalpojumus un risin\u0101jumus Centr\u0101l\u0101 Baltijas j\u016bras re\u0123ionu iedz\u012bvot\u0101jiem. Taj\u0101 pl\u0101nots atbalst\u012bt \u0161\u0101das\u00a0p\u0101rrobe\u017eu aktivit\u0101tes: produktu un pakalpojumu att\u012bst\u012bba (tai skait\u0101 publiskie pakalpojumi), procesu digitaliz\u0101cija, izpratnes sekm\u0113\u0161ana un prasmju att\u012bst\u012bba, m\u0101rketinga aktivit\u0101tes, pieredzes apmai\u0146a un lab\u0101s prakses p\u0101r\u0146em\u0161ana, priek\u0161izp\u0113te un pl\u0101nu izstr\u0101de, jaunu meto\u017eu un tehnolo\u0123iju izstr\u0101de un \u012bsteno\u0161ana, pilota darb\u012bbas.<\/p>\n\n\n\n<p>Otrais projektu\u00a0konkurss dom\u0101ts mazo un regul\u0101ro projektu iesnieg\u0161anai. Regul\u0101rajiem projektiem iesnieg\u0161ana notiek div\u0101s pak\u0101p\u0113s, pirm\u0101 pak\u0101pe jau ir atv\u0113rta un turpin\u0101sies l\u012bdz 10. martam, bet otr\u0101 pak\u0101pe jeb k\u0101rta atlas\u012btaj\u0101m projektu idej\u0101m b\u016bs atv\u0113rta \u0161\u012b gada ruden\u012b no\u00a025. septembra l\u012bdz 16. oktobrim.<\/p>\n\n\n\n<p>\u012asteno\u0161anas ilgums mazajiem projektiem ir 18 m\u0113ne\u0161i, bet regul\u0101rajiem projektiem parasti tie ir 3 gadi. &nbsp;<\/p>\n\n\n\n<p>J\u0101\u0146em v\u0113r\u0101, ja v\u0113laties pieteikties konkurs\u0101 nepiecie\u0161ami partneri no vismaz div\u0101m dal\u012bbvalst\u012bm, projekta rezult\u0101tiem visos gad\u012bjumos j\u0101attiecas uz programmas teritoriju, j\u0101b\u016bt skaidrai p\u0101rrobe\u017eu sadarb\u012bbas pievienotajai v\u0113rt\u012bbai, k\u0101 ar\u012b projekta partneri pa\u0161i priek\u0161finans\u0113 projekta \u012bsteno\u0161anu, programmas finans\u0113jumu sa\u0146emot p\u0113c projekta atskaites apstiprin\u0101\u0161anas.<\/p>\n\n\n\n<p>Finans\u0113juma sa\u0146\u0113m\u0113ji var b\u016bt valsts, re\u0123ion\u0101l\u0101s un viet\u0113j\u0101s publisk\u0101s p\u0101rvaldes iest\u0101des (tai skait\u0101 universit\u0101tes un zin\u0101tnisk\u0101s instit\u016bcijas), nevalstisk\u0101s organiz\u0101cijas, un atsevi\u0161\u0137iem programmas m\u0113r\u0137iem ar\u012b mazie vai vid\u0113jie uz\u0146\u0113mumi.<\/p>\n\n\n\n<p>Projektu iesnieg\u0161ana notiks elektroniskaj\u0101 platforma\u00a0JEMS,\u00a0kas b\u016bs atv\u0113rta no 20. febru\u0101ra l\u012bdz 10. martam.<\/p>\n\n\n\n<p>Iesak\u0101m iepaz\u012bties ar\u00a0<a rel=\"noreferrer noopener\" href=\"https:\/\/centralbaltic.eu\/for-applicants\/key-documents\/#programme-documents\" target=\"_blank\">Programmas dokumentiem<\/a>,\u00a0<a rel=\"noreferrer noopener\" href=\"https:\/\/centralbaltic.eu\/for-applicants\/key-documents\/#application-documents\" target=\"_blank\">Rokasgr\u0101matu u.c<\/a>., kur\u0101 paskaidrots kas var b\u016bt programmas projektu pretendenti, k\u0101 ar\u012b cita b\u016btiska inform\u0101cija. T\u0101pat ar\u012b aizpild\u012bt\u00a0<a rel=\"noreferrer noopener\" href=\"https:\/\/centralbaltic.eu\/for-applicants\/key-documents\/present-your-project-idea\/\" target=\"_blank\">projektu idejas formu<\/a>\u00a0un pieteikties\u00a0<a rel=\"noreferrer noopener\" href=\"https:\/\/centralbaltic.eu\/for-applicants\/key-documents\/present-your-project-idea\/\" target=\"_blank\">konsult\u0101cij\u0101m pie Programmas projektu vad\u012bt\u0101jiem<\/a>!\u00a0\u00a0<\/p>\n\n\n\n<p>Aicin\u0101m sekot l\u012bdzi\u00a0<a href=\"https:\/\/centralbaltic.eu\/news\/\" target=\"_blank\" rel=\"noreferrer noopener\">Programmas aktualit\u0101t\u0113m<\/a>\u00a0un piedal\u012bties\u00a0<a href=\"https:\/\/centralbaltic.eu\/events\/\" target=\"_blank\" rel=\"noreferrer noopener\">Programmas pas\u0101kumos<\/a>, k\u0101 ar\u012b pieteikties\u00a0<a href=\"https:\/\/centralbaltic.eu\/newsletter\/\" target=\"_blank\" rel=\"noreferrer noopener\">Jaunumu sa\u0146em\u0161anai<\/a>\u00a0sav\u0101 e-past\u0101!<\/p>\n\n\n\n<p>\u00a024.janv\u0101r\u012b\u00a0aicin\u0101m piedal\u012bties\u00a0\u00a0<a href=\"https:\/\/centralbaltic.eu\/event\/paw-budget-and-planning\/\" target=\"_blank\" rel=\"noreferrer noopener\">Programmas tie\u0161saistes pas\u0101kum\u0101<\/a>, kur\u0101 tiksiet inform\u0113ti\u00a0par bud\u017eeta un pl\u0101no\u0161anas jaut\u0101jumiem.\u00a0<a rel=\"noreferrer noopener\" href=\"https:\/\/www.lyyti.fi\/reg\/PAW_2023\" target=\"_blank\">Re\u0123istr\u0101cija pas\u0101kumam<\/a><em>\u00a0\u00a0<\/em>atv\u0113rta l\u012bdz 19.janv\u0101rim!<\/p>\n\n\n\n<p>Savuk\u0101rt, tre\u0161ais projektu konkurss mazo projektu iesnieg\u0161anai norisin\u0101sies \u00a0no 25. septembra l\u012bdz 16 oktobrim.<\/p>\n\n\n\n<p>Visa inform\u0101cija par\u00a0<a href=\"https:\/\/centralbaltic.eu\/news\/second-and-third-call\/\" target=\"_blank\" rel=\"noreferrer noopener\">projektu konkursiem<\/a>, tai skait\u0101, projektu\u00a0<a href=\"https:\/\/centralbaltic.eu\/for-applicants\/call-calendar\/\" target=\"_blank\" rel=\"noreferrer noopener\">konkursu kalend\u0101rs<\/a>, atrodama Programmas m\u0101jas lap\u0101.<\/p>\n\n\n\n<p>Kop\u0113jais Eiropas Re\u0123ion\u0101l\u0101s att\u012bst\u012bbas fonda finans\u0113jums programmai ir 126,7 miljoni eiro.<\/p>\n\n\n\n<p>Ar programmas projektu 1.konkursa rezult\u0101tiem var iepaz\u012bties\u00a0<a href=\"https:\/\/centralbaltic.eu\/news\/31-regular-projects-approved-for-funding\/\" target=\"_blank\" rel=\"noreferrer noopener\">programmas m\u0101jas lap\u0101<\/a>, gan vietn\u0113\u00a0<a href=\"https:\/\/www.interreg.lv\/lv\/projektirezultati\/uzzini-par-projektu-rezultatiem-latvija\/interreg-centrala-baltijas-juras-regiona-programmas-2021-2027gadam-uzraudzibas-komiteja-apstiprinats-31-projekts\/\" target=\"_blank\" rel=\"noreferrer noopener\">interreg.lv<\/a>.<\/p>\n\n\n\n<p>Programmas komunik\u0101cijas kan\u0101li:<\/p>\n\n\n\n<p>\u00a0&#8211; M\u0101jas lapa:\u00a0<a rel=\"noreferrer noopener\" href=\"https:\/\/centralbaltic.eu\/\" target=\"_blank\">centralbaltic.eu<\/a><\/p>\n\n\n\n<p>\u00a0&#8211; Facebook:\u00a0<a href=\"https:\/\/www.facebook.com\/centralbaltic\/\" target=\"_blank\" rel=\"noreferrer noopener\">#centralbaltic<\/a><\/p>\n\n\n\n<p>\u00a0&#8211; Twitter:\u00a0<a href=\"https:\/\/twitter.com\/CentralBaltic\" target=\"_blank\" rel=\"noreferrer noopener\">#CentralBaltic<\/a><\/p>\n\n\n\n<p>\u00a0&#8211; Instagram:\u00a0<a href=\"https:\/\/www.instagram.com\/centralbalticprogramme\/\" target=\"_blank\" rel=\"noreferrer noopener\">#centralbalticprogramme<\/a><\/p>\n\n\n\n<p><\/p>\n","protected":false},"excerpt":{"rendered":"<p>Vides aizsardz\u012bbas un re\u0123ion\u0101l\u0101s att\u012bst\u012bbas ministrija k\u0101 par Eiropas Savien\u012bbas Koh\u0113zijas politikas m\u0113r\u0137a \u201cEiropas teritori\u0101l\u0101 sadarb\u012bba\u201d programmu \u012bsteno\u0161anas koordin\u0101ciju Latvij\u0101 atbild\u012bg\u0101 iest\u0101de, tai skait\u0101 Centr\u0101l\u0101 Baltijas j\u016bras re\u0123iona p\u0101rrobe\u017eu sadarb\u012bbas programmu 2021.-2027.gadam (turpm\u0101k &#8211; programma), aicina\u00a0piedal\u012bties programmas otraj\u0101 un tre\u0161aj\u0101 projektu konkurs\u0101.<\/p>\n","protected":false},"author":1938,"featured_media":19838,"comment_status":"closed","ping_status":"open","sticky":false,"template":"","format":"standard","meta":{"footnotes":""},"categories":[120,47],"tags":[],"_links":{"self":[{"href":"https:\/\/zurnalsiepirkumi.lv\/index.php?rest_route=\/wp\/v2\/posts\/19839"}],"collection":[{"href":"https:\/\/zurnalsiepirkumi.lv\/index.php?rest_route=\/wp\/v2\/posts"}],"about":[{"href":"https:\/\/zurnalsiepirkumi.lv\/index.php?rest_route=\/wp\/v2\/types\/post"}],"author":[{"embeddable":true,"href":"https:\/\/zurnalsiepirkumi.lv\/index.php?rest_route=\/wp\/v2\/users\/1938"}],"replies":[{"embeddable":true,"href":"https:\/\/zurnalsiepirkumi.lv\/index.php?rest_route=%2Fwp%2Fv2%2Fcomments&post=19839"}],"version-history":[{"count":1,"href":"https:\/\/zurnalsiepirkumi.lv\/index.php?rest_route=\/wp\/v2\/posts\/19839\/revisions"}],"predecessor-version":[{"id":19840,"href":"https:\/\/zurnalsiepirkumi.lv\/index.php?rest_route=\/wp\/v2\/posts\/19839\/revisions\/19840"}],"wp:featuredmedia":[{"embeddable":true,"href":"https:\/\/zurnalsiepirkumi.lv\/index.php?rest_route=\/wp\/v2\/media\/19838"}],"wp:attachment":[{"href":"https:\/\/zurnalsiepirkumi.lv\/index.php?rest_route=%2Fwp%2Fv2%2Fmedia&parent=19839"}],"wp:term":[{"taxonomy":"category","embeddable":true,"href":"https:\/\/zurnalsiepirkumi.lv\/index.php?rest_route=%2Fwp%2Fv2%2Fcategories&post=19839"},{"taxonomy":"post_tag","embeddable":true,"href":"https:\/\/zurnalsiepirkumi.lv\/index.php?rest_route=%2Fwp%2Fv2%2Ftags&post=19839"}],"curies":[{"name":"wp","href":"https:\/\/api.w.org\/{rel}","templated":true}]}}