{"id":19775,"date":"2022-12-30T12:20:32","date_gmt":"2022-12-30T10:20:32","guid":{"rendered":"https:\/\/zurnalsiepirkumi.lv\/?p=19775"},"modified":"2022-12-30T12:27:22","modified_gmt":"2022-12-30T10:27:22","slug":"iedzivotajiem-butiskakas-izmainas-likumos-un-noteikumos-2023-gada-sakuma","status":"publish","type":"post","link":"https:\/\/zurnalsiepirkumi.lv\/?p=19775","title":{"rendered":"Iedz\u012bvot\u0101jiem b\u016btisk\u0101k\u0101s izmai\u0146as likumos un noteikumos 2023. gada s\u0101kum\u0101"},"content":{"rendered":"\n<p>Ministru kabinets<\/p>\n\n\n\n<p>Minim\u0101l\u0101s algas pieaugums l\u012bdz 620 eiro m\u0113nes\u012b, eID karte k\u0101 oblig\u0101ts personu apliecino\u0161s dokuments ikvienam Latvijas iedz\u012bvot\u0101jam no 15 gadu vecuma, pirmskolas izgl\u012bt\u012bbas pedagogu zem\u0101k\u0101s algas likmes k\u0101pums par 100 eiro, pension\u0113\u0161an\u0101s vecuma paaugstin\u0101\u0161ana l\u012bdz 64 gadiem un 6 m\u0113ne\u0161iem, jauns Pa\u0161vald\u012bbu likums. \u0160\u012bs un citas b\u016btiskas izmai\u0146as likumos un noteikumos, kas st\u0101sies sp\u0113k\u0101 2023.gada s\u0101kum\u0101, apkopojusi Valsts kanceleja sadarb\u012bb\u0101 ar nozaru ministrij\u0101m.<\/p>\n\n\n\n<h3 class=\"wp-block-heading\">Labkl\u0101j\u012bba un soci\u0101l\u0101 joma<\/h3>\n\n\n\n<p>&#8211; No 1. janv\u0101ra minim\u0101l\u0101 alga Latvij\u0101 b\u016bs\u00a0<a rel=\"noreferrer noopener\" href=\"https:\/\/www.lm.gov.lv\/lv\/jaunums\/valdiba-veic-grozijumus-noteikumos-par-minimalo-algu\" target=\"_blank\">620 eiro m\u0113nes\u012b<\/a>\u00a0(sal\u012bdzin\u0101jumam \u2013 \u0161ogad un 2021.gad\u0101 t\u0101 bija 500 eiro apm\u0113r\u0101).<\/p>\n\n\n\n<p> &#8211; Palielin\u0101sies ar\u012b pirmsskolas izgl\u012bt\u012bbas pedagogu atl\u012bdz\u012bba \u2013 \u00a0zem\u0101k\u0101 samaksa par darba algas likmi augs par 100 eiro\u00a0\u2013 no 970 eiro\u00a0<a rel=\"noreferrer noopener\" href=\"https:\/\/www.izm.gov.lv\/lv\/jaunums\/izpildita-vienosanas-par-pedagogu-darba-slodzu-sabalansesanu-un-citas-pedagogu-prasibas\" target=\"_blank\">uz 1070 eiro<\/a>. T\u0101d\u0113j\u0101di turpin\u0101s sarukt b\u0113rnud\u0101rzu pedagogu darba samaksas at\u0161\u0137ir\u012bba sal\u012bdzin\u0101jum\u0101 ar atalgojumu p\u0101r\u0113j\u0101s izgl\u012bt\u012bbas pak\u0101p\u0113s.<\/p>\n\n\n\n<p> &#8211; Palielin\u0101s vec\u0101ku pabalsta apm\u0113ru str\u0101d\u0101jo\u0161iem vec\u0101ku pabalsta sa\u0146\u0113m\u0113jiem. Ja vec\u0101ku pabalsta sa\u0146\u0113m\u0113js turpina str\u0101d\u0101t un neatrodas b\u0113rna kop\u0161anas atva\u013cin\u0101jum\u0101, \u0161ai personai izmaks\u0101 da\u013cu no apr\u0113\u0137in\u0101t\u0101 pabalsta. Pa\u0161reiz tie ir 30 %, savuk\u0101rt no 2023. gada 1. janv\u0101ra tie b\u016bs\u00a0<a rel=\"noreferrer noopener\" href=\"https:\/\/www.lm.gov.lv\/lv\/jaunums\/saeima-palielina-valsts-atbalstu-stradajosajiem-vecaku-pabalsta-sanemejiem\" target=\"_blank\">50 % no apr\u0113\u0137in\u0101t\u0101 pabalsta<\/a>.<\/p>\n\n\n\n<p>&#8211; Ar\u012b 2023. gad\u0101 saglab\u0101sies likum\u0101 \u201cPar iedz\u012bvot\u0101ju ien\u0101kuma nodokli\u201d p\u0101rejas noteikumos noteiktais\u00a0<a rel=\"noreferrer noopener\" href=\"https:\/\/www.fm.gov.lv\/lv\/izmainas-nodoklu-joma-sakot-ar-2023gadu#iedzivotaju-ienakuma-nodoklis-iin\" target=\"_blank\">iedz\u012bvot\u0101ju ien\u0101kumu nodok\u013ca re\u017e\u012bms autoratl\u012bdz\u012bbas ien\u0101kuma sa\u0146\u0113m\u0113jiem<\/a>. Tas noz\u012bm\u0113, ka l\u012bdz 2023.gada 31.decembrim autoratl\u012bdz\u012bbu sa\u0146\u0113m\u0113jiem, kuriem autoratl\u012bdz\u012bbu izmaks\u0101 ien\u0101kuma izmaks\u0101t\u0101js, kas nav kolekt\u012bv\u0101 p\u0101rvald\u012bjuma organiz\u0101cija, ir ties\u012bbas nere\u0123istr\u0113ties k\u0101 saimniecisk\u0101s darb\u012bbas veic\u0113jiem, bet nodok\u013cus (IIN un VSAOI) par vi\u0146iem nomaks\u0101s ien\u0101kuma izmaks\u0101t\u0101js. Ie\u0146\u0113mumiem l\u012bdz 25 000 eiro piem\u0113ro IIN likmi 25% apm\u0113r\u0101, bet ie\u0146\u0113mumiem, kas p\u0101rsniedz 25 000 eiro \u2013 IIN likmi 40% apm\u0113r\u0101.<\/p>\n\n\n\n<p> &#8211; T\u0101pat no 2023. gada pirm\u0101s dienas paaugstin\u0101sies pension\u0113\u0161an\u0101s vecums. Ties\u012bbas uz valsts vecuma pensiju 2023. gad\u0101 b\u016bs person\u0101m, kuras sasniegu\u0161as\u00a0<a rel=\"noreferrer noopener\" href=\"https:\/\/www.lm.gov.lv\/lv\/jaunums\/izmainas-socialaja-joma-2023-gada\" target=\"_blank\">64 gadu un 6 m\u0113ne\u0161u vecumu<\/a>, ja apdro\u0161in\u0101\u0161anas st\u0101\u017es nav maz\u0101ks par 15 gadiem. Person\u0101m, kuru apdro\u0161in\u0101\u0161anas st\u0101\u017es nav maz\u0101ks par 30 gadiem ir ties\u012bbas pension\u0113ties priek\u0161laic\u012bgi, proti, 2 gadus pirms visp\u0101r\u0113j\u0101 pension\u0113\u0161an\u0101s vecuma sasnieg\u0161anas. 2023. gad\u0101 pension\u0113ties priek\u0161laic\u012bgi var\u0113s personas, kuras sasniegu\u0161as 62 gadu un 6 m\u0113ne\u0161u vecumu.<\/p>\n\n\n\n<h3 class=\"wp-block-heading\">eID karte un E-adrese<\/h3>\n\n\n\n<p>No 1. janv\u0101ra juridisk\u0101m person\u0101m sazi\u0146ai ar valsts un pa\u0161vald\u012bbas iest\u0101d\u0113m oblig\u0101ti j\u0101izveido un j\u0101lieto ofici\u0101l\u0101 elektronisk\u0101 adrese jeb e-adrese.<\/p>\n\n\n\n<p> &#8211; T\u0101pat no 1. febru\u0101ra priv\u0101to e-pakalpojumu sniedz\u0113ji pie\u0146ems nacion\u0101lo elektronisk\u0101s identifik\u0101cijas l\u012bdzekli (eIDkarte un eParaksts mobile) e-pakalpojumu piepras\u012b\u0161anai un sa\u0146em\u0161anai. Tas iedz\u012bvot\u0101jiem sniegs iesp\u0113ju pa\u013cauties uz vienota, dro\u0161a, visiem pieejama risin\u0101juma izmanto\u0161anu identit\u0101tes apliecin\u0101\u0161anai digit\u0101laj\u0101 vid\u0113. <\/p>\n\n\n\n<p>  &#8211; Savuk\u0101rt no 1. maija\u00a0<a rel=\"noreferrer noopener\" href=\"https:\/\/www.pmlp.gov.lv\/lv\/jautajumi-un-atbildes-par-eid-karti\" target=\"_blank\">Personas apliec\u012bba jeb eID karte<\/a>\u00a0b\u016bs oblig\u0101ts personu apliecino\u0161s dokuments Latvijas pilsonim un nepilsonim, kur\u0161 sasniedzis 15 gadu vecumu. Pase turpm\u0101k b\u016bs izv\u0113les personu apliecino\u0161s dokuments vai k\u0101 ce\u013co\u0161anas dokuments uz valst\u012bm, kur\u0101s eID karte netiek atz\u012bta par personu apliecino\u0161u un ce\u013co\u0161anas dokumentu.\u00a0Vienlaikus Personu apliecino\u0161u dokumentu likum\u0101 ir noteikts atsevi\u0161\u0137s personu loks, uz kuru pien\u0101kums par eID karti k\u0101 oblig\u0101tu dokumentu attiecin\u0101ms ilg\u0101k\u0101 p\u0101rejas period\u0101, piem\u0113ram, pension\u0101riem \u0161\u0101ds dokuments j\u0101noform\u0113 l\u012bdz 2030.\u00a0gada 31.\u00a0decembrim.<\/p>\n\n\n\n<h3 class=\"wp-block-heading\">Izgl\u012bt\u012bba un l\u012bdzdal\u012bbas iesp\u0113jas<\/h3>\n\n\n\n<p> &#8211; No 1. janv\u0101ra uzs\u0101ks\u00a0<a rel=\"noreferrer noopener\" href=\"https:\/\/likumi.lv\/ta\/id\/330669-noteikumi-par-valsts-valodas-zinasanu-apjomu-un-valsts-valodas-prasmes-parbaudes-kartibu\" target=\"_blank\">valsts valodas prasmes p\u0101rbaudes procesa moderniz\u0101ciju<\/a>, gandr\u012bz piln\u012bb\u0101 nodro\u0161inot to Valsts p\u0101rbaud\u012bjumu inform\u0101cijas sist\u0113m\u0101. Persona var\u0113s k\u0101rtot k\u0101du no se\u0161\u0101m valodas prasmes pak\u0101p\u0113m. T\u0101pat sp\u0113k\u0101 st\u0101sies ar\u012b augst\u0101ki profesion\u0101lie krit\u0113riji un stingr\u0101kas pras\u012bbas p\u0101rbaudes v\u0113rt\u0113t\u0101jiem.<\/p>\n\n\n\n<p> &#8211; P\u0101rmai\u0146as skars ar\u012b izgl\u012bt\u012bbas iest\u0101\u017eu administrat\u012bvo darb\u012bbu. No 1. janv\u0101ra s\u0101ks darboties izgl\u012bt\u012bbas iest\u0101des\u00a0<a rel=\"noreferrer noopener\" href=\"https:\/\/likumi.lv\/ta\/id\/334730-grozijumi-ministru-kabineta-2020-gada-6-oktobra-noteikumos-nr-618-izglitibas-iestazu-eksaminacijas-centru-citu-izglitibas-likum...\" target=\"_blank\">vad\u012bt\u0101ju profesion\u0101l\u0101s darb\u012bbas att\u012bst\u012bbas un nov\u0113rt\u0113\u0161anas sist\u0113ma<\/a>, iek\u013caujot taj\u0101 gan profesion\u0101l\u0101s kompetences kursus un pieredzes apmai\u0146u, gan nov\u0113rt\u0113\u0161anas procesu. T\u0101pat tiks atvieglota Izgl\u012bt\u012bbas iest\u0101\u017eu\u00a0<a rel=\"noreferrer noopener\" href=\"https:\/\/likumi.lv\/ta\/id\/336975-izglitibas-iestazu-registracijas-kartiba\" target=\"_blank\">re\u0123istra datu sak\u0101rto\u0161ana<\/a>\u00a0gad\u012bjumos, kad citos re\u0123istros ir zi\u0146as, ka izgl\u012bt\u012bbas iest\u0101des dibin\u0101t\u0101js ir likvid\u0113ts.<\/p>\n\n\n\n<p> &#8211; T\u0101pat gada pirmaj\u0101 dien\u0101 st\u0101sies sp\u0113k\u0101 jaun\u0101\u00a0<a rel=\"noreferrer noopener\" href=\"https:\/\/likumi.lv\/ta\/id\/336956-pasvaldibu-likums\" target=\"_blank\">Pa\u0161vald\u012bbu likuma<\/a>\u00a0normas, kas papla\u0161in\u0101s l\u012bdzdal\u012bbas iesp\u0113ju kl\u0101stu jaunie\u0161iem. 16 gadu vecumu sasniegu\u0161ie jaunie\u0161i var\u0113s iesniegt kolekt\u012bvo iesniegumu, darboties iedz\u012bvot\u0101ju padom\u0113s, piedal\u012bties bud\u017eeta projektu ideju iesnieg\u0161an\u0101 un atlas\u0113. Vienlaikus turpm\u0101k pa\u0161vald\u012bbu autonom\u0101 funkcija b\u016bs ar\u012b veikt darbu ar jaunatni.<\/p>\n\n\n\n<h3 class=\"wp-block-heading\">Tautsaimniec\u012bba<\/h3>\n\n\n\n<p> &#8211; 2023. gadu s\u0101ksim ar\u00a0<a rel=\"noreferrer noopener\" href=\"https:\/\/www.fm.gov.lv\/lv\/jaunums\/2023-gadu-saksim-ar-pagaidu-jeb-tehnisko-valsts-budzetu\" target=\"_blank\">pagaidu jeb tehnisko valsts bud\u017eetu<\/a>. Ja, s\u0101koties saimnieciskajam gadam, nav st\u0101jies sp\u0113k\u0101 gadsk\u0101rt\u0113jais valsts bud\u017eeta likums, tiek apstiprin\u0101ts pagaidu jeb tehniskais bud\u017eets, kas paredz izpild\u012bt l\u012bdz\u0161in\u0113jo politiku, nemainot to. Pagaidu bud\u017eets neparedz politikas izmai\u0146as, jaunas iniciat\u012bvas un jaunus risin\u0101jumus \u2013 priek\u0161likumus tiem izvirz\u012bs jaun\u0101 vald\u012bba, vienojoties par 2023. gada bud\u017eeta priorit\u0101t\u0113m.<\/p>\n\n\n\n<p> &#8211; No 2023. gada 1. janv\u0101ra piem\u0113ros jaunu pras\u012bbu me\u017eistr\u0101d\u0113. P\u0113c kailcirtes me\u017eaudz\u0113, kas sasniegusi galven\u0101s cirtes caurm\u0113ru, me\u017es j\u0101atjauno tr\u012bs kalend\u0101ra gadu laik\u0101 p\u0113c cirtes gada. L\u012bdz \u0161im to vajadz\u0113ja izdar\u012bt piecu gadu laik\u0101. Atjauno\u0161anas termi\u0146a samazin\u0101\u0161ana \u013cauj racion\u0101li izmantot me\u017ea zemi un \u0101tr\u0101k izaudz\u0113t me\u017eaudzi. Pras\u012bba me\u017ea atjauno\u0161an\u0101 st\u0101d\u012bt selekcion\u0113tu st\u0101d\u0101mo materi\u0101lu ir ieguld\u012bjums n\u0101kotn\u0113, kas veicina me\u017ea \u012bpa\u0161umu ilgtsp\u0113ju.<\/p>\n\n\n\n<p> &#8211; Savuk\u0101rt, lai mazin\u0101tu elektropre\u010du ietekmi uz vidi un veicin\u0101tu ilgtsp\u0113j\u012bgu resursu pat\u0113ri\u0146u, 1. mart\u0101 st\u0101sies sp\u0113k\u0101\u00a0<a rel=\"noreferrer noopener\" href=\"https:\/\/eur-lex.europa.eu\/legal-content\/LV\/TXT\/PDF\/?uri=CELEX:32019R2021&amp;from=EN\" target=\"_blank\">Eiropas Komisijas regulas noteikumi<\/a>, kas energopat\u0113ri\u0146a ierobe\u017eo\u0161anas pras\u012bbu attiecin\u0101s uz 8K iz\u0161\u0137irtsp\u0113jas televizoriem. Eiropas Savien\u012bb\u0101 \u0161\u012bs pras\u012bbas ir sp\u0113k\u0101 ar\u012b p\u0101r\u0113j\u0101m televizoru kategorij\u0101m un ier\u012bc\u0113m ar ekr\u0101niem kop\u0161 2021. gada.<\/p>\n\n\n\n<p> &#8211; 2023. gada 1. janv\u0101r\u012b st\u0101jas sp\u0113k\u0101 izmai\u0146as\u00a0<a rel=\"noreferrer noopener\" href=\"https:\/\/likumi.lv\/ta\/id\/336720-valsts-agenturas-latvijas-nacionalais-akreditacijas-birojs-maksas-pakalpojumu-cenradis\" target=\"_blank\">Latvijas Nacion\u0101l\u0101 akredit\u0101cijas biroja maksas pakalpojumu cenr\u0101d\u012b<\/a>. Izmai\u0146as vienk\u0101r\u0161os un pilnveidos l\u012bdz\u0161in\u0113jo cenr\u0101di, padarot to A\u0123ent\u016bras klientiem viegl\u0101k saprotamu un A\u0123ent\u016brai \u2013 viegl\u0101k administr\u0113jamu. Vienlaikus palielin\u0101sies maksa par A\u0123ent\u016bras sniegtajiem maksas pakalpojumiem, lai nodro\u0161in\u0101tu cenu politikas atbilst\u012bbu A\u0123ent\u016bras pakalpojumu izveides un snieg\u0161anas, kvalit\u0101tes un att\u012bst\u012bbas nodro\u0161in\u0101\u0161anas izmaksu apjomam, k\u0101 ar\u012b veicin\u0101tu pilnv\u0113rt\u012bgu A\u0123ent\u016bras darb\u012bbas un att\u012bst\u012bbas m\u0113r\u0137u sasnieg\u0161anu.<\/p>\n\n\n\n<p> &#8211; T\u0101pat 1. janv\u0101r\u012b st\u0101sies sp\u0113k\u0101 jaun\u0101 Centr\u0101l\u0101s statistikas p\u0101rvaldes un 38 citu iest\u0101\u017eu\u00a0<a rel=\"noreferrer noopener\" href=\"https:\/\/likumi.lv\/ta\/id\/337525-noteikumi-par-oficialas-statistikas-programmu-20232025-gadam\" target=\"_blank\">Ofici\u0101l\u0101 statistikas programma 2023. \u2013 2025. gadam<\/a>.<\/p>\n\n\n\n<h3 class=\"wp-block-heading\">Pa\u0161vald\u012bbas<\/h3>\n\n\n\n<p> &#8211; 2023.\u00a0gada 1.\u00a0janv\u0101r\u012b, sp\u0113k\u0101 st\u0101joties jaunajam Pa\u0161vald\u012bbu likumam, pa\u0161vald\u012bb\u0101m vairs neb\u016bs pirmpirkuma ties\u012bbu gad\u012bjumos, kad pa\u0161vald\u012bbas teritorij\u0101 atsavina nekustamo \u012bpa\u0161umu.<\/p>\n\n\n\n<p> &#8211; Pamatojoties uz izmai\u0146\u0101m likum\u0101 \u201cPar kult\u016bras pieminek\u013cu aizsardz\u012bbu\u201d, no 2023.\u00a0gada 1.\u00a0janv\u0101ra kult\u016bras pieminek\u013cu uzraudz\u012bb\u0101 vair\u0101k tiek iesaist\u012btas pa\u0161vald\u012bbas. Nacion\u0101l\u0101 kult\u016bras mantojuma p\u0101rvalde uzraudz\u012bs valsts un re\u0123iona noz\u012bmes kult\u016bras pieminek\u013cus, bet pa\u0161vald\u012bbas \u2013 viet\u0113j\u0101s noz\u012bmes kult\u016bras pieminek\u013cus. Attiec\u012bgi pa\u0161vald\u012bb\u0101m par viet\u0113j\u0101s noz\u012bmes kult\u016bras pieminek\u013ciem b\u016bs ties\u012bbas izdot visp\u0101r\u012bgus administrat\u012bvos aktus, izsniegt at\u013caujas remonta un restaur\u0101cijas darbiem, k\u0101 ar\u012b pie\u0146emt l\u0113mumus administrat\u012bv\u0101 p\u0101rk\u0101puma gad\u012bjumos. Valsts aizsarg\u0101jamo kult\u016bras pieminek\u013cu saraksts ir izteikts jaun\u0101 redakcij\u0101, visus kult\u016bras pieminek\u013cus sadalot 3 v\u0113rt\u012bbu grup\u0101s \u2013 valsts, re\u0123iona un viet\u0113j\u0101s noz\u012bmes kult\u016bras pieminek\u013cos.<\/p>\n\n\n\n<h3 class=\"wp-block-heading\">Transports un dro\u0161\u012bba<\/h3>\n\n\n\n<p> &#8211; Ku\u0123o\u0161anas nozar\u0113 no 1. janv\u0101ra papla\u0161in\u0101s atp\u016btas ku\u0123u vad\u012bt\u0101ju sertific\u0113\u0161anas iesp\u0113jas Ce\u013cu satiksmes dro\u0161\u012bbas direkcij\u0101, ievie\u0161ot jaunas atp\u016btas ku\u0123u vad\u012bt\u0101ju kvalifik\u0101cijas. Var\u0113s sertific\u0113t ar\u012b buru atp\u016btas ku\u0123u vad\u012bt\u0101jus un b\u016bs iesp\u0113jams ieg\u016bt vienotu apliec\u012bbu motoriz\u0113to atp\u016btas ku\u0123u un buru atp\u016btas ku\u0123u vad\u012b\u0161anai.<\/p>\n\n\n\n<p> &#8211; T\u0101pat noteiktas ar\u012b papildu dro\u0161\u012bbas pras\u012bbas ku\u0123o\u0161anas l\u012bdzek\u013cu apr\u012bkojumam un gl\u0101b\u0161anas l\u012bdzek\u013ciem ku\u0123o\u0161anai j\u016br\u0101, kas atbilst CSDD no 2023.gada 1.janv\u0101ra ieg\u016bstamaj\u0101m jaunaj\u0101m atp\u016btas ku\u0123u vad\u012bt\u0101ju kvalifik\u0101cij\u0101m.<\/p>\n\n\n\n<p> &#8211; Groz\u012bjumi likum\u0101 \u201cPar avi\u0101ciju\u201d, kas st\u0101sies sp\u0113k\u0101 1.janv\u0101r\u012b, nodro\u0161in\u0101s nacion\u0101l\u0101 normat\u012bv\u0101 regul\u0113juma atbilst\u012bbu Eiropas Savien\u012bbas tiesiskajam regul\u0113jumam, tostarp paredz\u0113s k\u0101rt\u012bbu, k\u0101d\u0101 nodro\u0161ina apkalpes u.c. avi\u0101cijas jom\u0101 nodarbin\u0101to p\u0101rbaudes attiec\u012bb\u0101 uz psihotrop\u0101m viel\u0101m. T\u0101pat regul\u0113jum\u0101 noteiktas stingr\u0101kas pras\u012bbas avi\u0101cijas nozar\u0113 str\u0101d\u0101jo\u0161ajiem, tostarp attiec\u012bb\u0101 uz sod\u0101m\u012bbu.<\/p>\n","protected":false},"excerpt":{"rendered":"<p>Minim\u0101l\u0101s algas pieaugums l\u012bdz 620 eiro m\u0113nes\u012b, eID karte k\u0101 oblig\u0101ts personu apliecino\u0161s dokuments ikvienam Latvijas iedz\u012bvot\u0101jam no 15 gadu vecuma, pirmskolas izgl\u012bt\u012bbas pedagogu zem\u0101k\u0101s algas likmes k\u0101pums par 100 eiro, pension\u0113\u0161an\u0101s vecuma paaugstin\u0101\u0161ana l\u012bdz 64 gadiem un 6 m\u0113ne\u0161iem, jauns Pa\u0161vald\u012bbu likums.<\/p>\n","protected":false},"author":1938,"featured_media":19774,"comment_status":"closed","ping_status":"open","sticky":false,"template":"","format":"standard","meta":{"footnotes":""},"categories":[71],"tags":[],"_links":{"self":[{"href":"https:\/\/zurnalsiepirkumi.lv\/index.php?rest_route=\/wp\/v2\/posts\/19775"}],"collection":[{"href":"https:\/\/zurnalsiepirkumi.lv\/index.php?rest_route=\/wp\/v2\/posts"}],"about":[{"href":"https:\/\/zurnalsiepirkumi.lv\/index.php?rest_route=\/wp\/v2\/types\/post"}],"author":[{"embeddable":true,"href":"https:\/\/zurnalsiepirkumi.lv\/index.php?rest_route=\/wp\/v2\/users\/1938"}],"replies":[{"embeddable":true,"href":"https:\/\/zurnalsiepirkumi.lv\/index.php?rest_route=%2Fwp%2Fv2%2Fcomments&post=19775"}],"version-history":[{"count":4,"href":"https:\/\/zurnalsiepirkumi.lv\/index.php?rest_route=\/wp\/v2\/posts\/19775\/revisions"}],"predecessor-version":[{"id":19781,"href":"https:\/\/zurnalsiepirkumi.lv\/index.php?rest_route=\/wp\/v2\/posts\/19775\/revisions\/19781"}],"wp:featuredmedia":[{"embeddable":true,"href":"https:\/\/zurnalsiepirkumi.lv\/index.php?rest_route=\/wp\/v2\/media\/19774"}],"wp:attachment":[{"href":"https:\/\/zurnalsiepirkumi.lv\/index.php?rest_route=%2Fwp%2Fv2%2Fmedia&parent=19775"}],"wp:term":[{"taxonomy":"category","embeddable":true,"href":"https:\/\/zurnalsiepirkumi.lv\/index.php?rest_route=%2Fwp%2Fv2%2Fcategories&post=19775"},{"taxonomy":"post_tag","embeddable":true,"href":"https:\/\/zurnalsiepirkumi.lv\/index.php?rest_route=%2Fwp%2Fv2%2Ftags&post=19775"}],"curies":[{"name":"wp","href":"https:\/\/api.w.org\/{rel}","templated":true}]}}