{"id":19629,"date":"2022-12-15T09:25:11","date_gmt":"2022-12-15T07:25:11","guid":{"rendered":"https:\/\/zurnalsiepirkumi.lv\/?p=19629"},"modified":"2022-12-19T13:15:15","modified_gmt":"2022-12-19T11:15:15","slug":"satiksmes-ministrs-janis-vitenbergs-par-savam-prioritatem-izvirzisu-dzelzcela-sabiedriska-transporta-un-autocelu-infrastrukturas-attistibu","status":"publish","type":"post","link":"https:\/\/zurnalsiepirkumi.lv\/?p=19629","title":{"rendered":"Satiksmes ministrs J\u0101nis Vitenbergs: par sav\u0101m priorit\u0101t\u0113m izvirz\u012b\u0161u dzelzce\u013ca, sabiedrisk\u0101 transporta un autoce\u013cu infrastrukt\u016bras att\u012bst\u012bbu"},"content":{"rendered":"\n<p>Satiksmes ministrija<\/p>\n\n\n\n<p>Saeima 14. decembr\u012b par satiksmes ministru apstiprin\u0101ja J\u0101ni Vitenbergu, kur\u0161 ministra amat\u0101 str\u0101d\u0101s pie pas\u0101kumiem, kuru m\u0113r\u0137is ir att\u012bst\u012bt dro\u0161u, \u0113rtu un videi draudz\u012bgu transporta infrastrukt\u016bru, kas nodro\u0161in\u0101s iedz\u012bvot\u0101ju mobilit\u0101tes vajadz\u012bbas un ilgtermi\u0146\u0101 main\u012bs ikdienas p\u0101rvieto\u0161an\u0101s paradumus.<\/p>\n\n\n\n<p>\u201cNozares liel\u0101kais izaicin\u0101jums ir &#8220;za\u013cin\u0101t&#8221; satiksmi, \u0146emot v\u0113r\u0101, ka transportl\u012bdzek\u013ci ir viens no liel\u0101kajiem gaisa pies\u0101r\u0146o\u0161anas avotiem. T\u0101pat k\u0101 citur Eirop\u0101<strong>&nbsp;<\/strong>Latvij\u0101 turpin\u0101sim stiprin\u0101t dzelzce\u013cu k\u0101 sabiedrisk\u0101 transporta mugurkaulu, ieguldot t\u0101 att\u012bst\u012bb\u0101 valsts bud\u017eeta un Eiropas Savien\u012bbas (ES) fondu finans\u0113jumu,\u201d uzsver Vitenbergs.<\/p>\n\n\n\n<p>Dzelzce\u013ca satiksmes moderniz\u0101cijas ietvaros n\u0101kamgad s\u0101ks kurs\u0113t jauni, m\u016bsdien\u012bgi elektrovilcieni mar\u0161rutos R\u012bga-Jelgavu, R\u012bga-Aizkraukle, R\u012bga-Skulte un R\u012bga-Tukums. T\u0101pat l\u012bdz 2023. gada beig\u0101m pl\u0101nots moderniz\u0113t dzelzce\u013ca stacijas un pieturas, izb\u016bv\u0113t 48 paaugstin\u0101t\u0101s vilcienu platformas un \u012bstenot projektus dro\u0161\u012bbas uzlabo\u0161anai un \u0101truma palielin\u0101\u0161anai.<\/p>\n\n\n\n<p>K\u0101 akcent\u0113 satiksmes ministrs, stiprinot dzelzce\u013ca satiksmi, n\u0101kamgad j\u0101turpina darbs pie Rail Baltica projekta \u012bsteno\u0161ana, kur &nbsp;noz\u012bm\u012bg\u0101kie pas\u0101kumi b\u016bs iepirkuma proced\u016bras Rail Baltica pamattrases b\u016bvdarbiem&nbsp;Latvij\u0101 nosl\u0113g\u0161ana un b\u016bvniec\u012bbas uzs\u0101k\u0161ana \u0101rpus R\u012bgas priorit\u0101raj\u0101 posm\u0101 Misa-Lietuvas robe\u017ea. T\u0101pat turpin\u0101sies R\u012bgas Centr\u0101l\u0101 dzelzce\u013ca mezgla un starptautisk\u0101s lidostas \u201cR\u012bga\u201d sekcijas b\u016bvniec\u012bba, pamattrases posmu projekt\u0113\u0161ana, k\u0101 ar\u012b Salaspils Intermod\u0101l\u0101 kravu termin\u0101\u013ca, Rail Baltica re\u0123ion\u0101lo staciju un infrastrukt\u016bras apkopes punktu b\u016bvprojektu izstr\u0101de.<\/p>\n\n\n\n<p>\u201cIedz\u012bvot\u0101ju mobilit\u0101tes nodro\u0161in\u0101\u0161anai vis\u0101 valsts teritorij\u0101 noz\u012bm\u012bga loma ir re\u0123ion\u0101lajam sabiedriskajam transportam. Sagaid\u0101ms, ka n\u0101kam\u0101 gada otraj\u0101 pus\u0113 re\u0123ion\u0101laj\u0101 autobusu satiksm\u0113 vis\u0101 valst\u012b pasa\u017eieru p\u0101rvad\u0101jumi tiks nodro\u0161in\u0101ti ar m\u016bsdien\u012bgi apr\u012bkotiem un \u0113rtiem autobusiem. T\u0101pat pl\u0101nota vienot\u0101s sabiedrisk\u0101 transporta bi\u013ce\u0161u sist\u0113mas pla\u0161\u0101ka ievie\u0161ana re\u0123ion\u0101lajos pasa\u017eieru p\u0101rvad\u0101jumos, dodot iesp\u0113ju ieg\u0101d\u0101ties vienotu bi\u013ceti no brauciena s\u0101kuma punkta l\u012bdz galam\u0113r\u0137im re\u0123ion\u0101l\u0101s noz\u012bmes mar\u0161rutos,\u201d nor\u0101da Vitenbergs. &nbsp;<\/p>\n\n\n\n<p>Atvese\u013co\u0161anas fonda reformas \u012bsteno\u0161anas ietvaros pl\u0101nots izstr\u0101d\u0101t integr\u0113tu, ilgtsp\u0113j\u012bgu R\u012bgas metropoles are\u0101la sabiedrisk\u0101 transporta pl\u0101nu. Savuk\u0101rt ar ES fondu finans\u0113jumu l\u012bdz n\u0101kam\u0101 gada beig\u0101m turpin\u0101sies valstspils\u0113tu autoparku moderniz\u0101cija, ieg\u0101d\u0101joties videi draudz\u012bgus autobusus.<\/p>\n\n\n\n<p>Saska\u0146\u0101 ar ministra pausto n\u0101kamgad turpin\u0101sies valsts autoce\u013cu infrastrukt\u016bras uzlabo\u0161ana, uzsvaru liekot uz re\u0123ion\u0101lo un viet\u0113j\u0101s noz\u012bmes ce\u013cu, k\u0101 ar\u012b tiltu b\u016bvniec\u012bbas darbiem. \u201cLai sekm\u0113tu dro\u0161\u0101ku un \u0113rt\u0101ku ikdienas p\u0101rvieto\u0161anos velobrauc\u0113jiem un g\u0101j\u0113jiem, tiks turpin\u0101ta mikromobilit\u0101tes infrastrukt\u016bras att\u012bst\u012bba un \u012bsteno\u0161ana. N\u0101kamgad pl\u0101nots uzs\u0101kt vair\u0101ku g\u0101j\u0113ju \u2013 velosip\u0113distu ce\u013cu posmu izb\u016bvi,\u201d nor\u0101da Vitenbergs.<\/p>\n","protected":false},"excerpt":{"rendered":"<p>Saeima 14. decembr\u012b par satiksmes ministru apstiprin\u0101ja J\u0101ni Vitenbergu, kur\u0161 ministra amat\u0101 str\u0101d\u0101s pie pas\u0101kumiem, kuru m\u0113r\u0137is ir att\u012bst\u012bt dro\u0161u, \u0113rtu un videi draudz\u012bgu transporta infrastrukt\u016bru, kas nodro\u0161in\u0101s iedz\u012bvot\u0101ju mobilit\u0101tes vajadz\u012bbas un ilgtermi\u0146\u0101 main\u012bs ikdienas p\u0101rvieto\u0161an\u0101s paradumus.<\/p>\n","protected":false},"author":1936,"featured_media":19631,"comment_status":"closed","ping_status":"closed","sticky":false,"template":"","format":"standard","meta":{"footnotes":""},"categories":[233,46],"tags":[],"_links":{"self":[{"href":"https:\/\/zurnalsiepirkumi.lv\/index.php?rest_route=\/wp\/v2\/posts\/19629"}],"collection":[{"href":"https:\/\/zurnalsiepirkumi.lv\/index.php?rest_route=\/wp\/v2\/posts"}],"about":[{"href":"https:\/\/zurnalsiepirkumi.lv\/index.php?rest_route=\/wp\/v2\/types\/post"}],"author":[{"embeddable":true,"href":"https:\/\/zurnalsiepirkumi.lv\/index.php?rest_route=\/wp\/v2\/users\/1936"}],"replies":[{"embeddable":true,"href":"https:\/\/zurnalsiepirkumi.lv\/index.php?rest_route=%2Fwp%2Fv2%2Fcomments&post=19629"}],"version-history":[{"count":2,"href":"https:\/\/zurnalsiepirkumi.lv\/index.php?rest_route=\/wp\/v2\/posts\/19629\/revisions"}],"predecessor-version":[{"id":19632,"href":"https:\/\/zurnalsiepirkumi.lv\/index.php?rest_route=\/wp\/v2\/posts\/19629\/revisions\/19632"}],"wp:featuredmedia":[{"embeddable":true,"href":"https:\/\/zurnalsiepirkumi.lv\/index.php?rest_route=\/wp\/v2\/media\/19631"}],"wp:attachment":[{"href":"https:\/\/zurnalsiepirkumi.lv\/index.php?rest_route=%2Fwp%2Fv2%2Fmedia&parent=19629"}],"wp:term":[{"taxonomy":"category","embeddable":true,"href":"https:\/\/zurnalsiepirkumi.lv\/index.php?rest_route=%2Fwp%2Fv2%2Fcategories&post=19629"},{"taxonomy":"post_tag","embeddable":true,"href":"https:\/\/zurnalsiepirkumi.lv\/index.php?rest_route=%2Fwp%2Fv2%2Ftags&post=19629"}],"curies":[{"name":"wp","href":"https:\/\/api.w.org\/{rel}","templated":true}]}}