{"id":19414,"date":"2022-11-22T09:51:59","date_gmt":"2022-11-22T07:51:59","guid":{"rendered":"https:\/\/zurnalsiepirkumi.lv\/?p=19414"},"modified":"2022-11-22T09:52:00","modified_gmt":"2022-11-22T07:52:00","slug":"latvijai-jarada-vienots-un-caurskatams-zalas-energijas-attistibas-plans","status":"publish","type":"post","link":"https:\/\/zurnalsiepirkumi.lv\/?p=19414","title":{"rendered":"Latvijai j\u0101rada vienots un caurskat\u0101ms za\u013c\u0101s ener\u0123ijas att\u012bst\u012bbas pl\u0101ns"},"content":{"rendered":"\n<p>Vides aizsardz\u012bbas un re\u0123ion\u0101l\u0101s att\u012bst\u012bbas ministrija\u00a0<\/p>\n\n\n\n<p>2022. gada 21. novembris, R\u012bga \u2013 Sv\u0113tdien, 20. novembr\u012b nosl\u0113dz\u0101s Apvienoto N\u0101ciju Organiz\u0101cijas (ANO) Visp\u0101r\u0113j\u0101s konvencijas par klimata p\u0101rmai\u0146\u0101m 27. san\u0101ksme jeb COP27, un Latviju taj\u0101 p\u0101rst\u0101v\u0113ja Vides aizsardz\u012bbas un re\u0123ion\u0101l\u0101s att\u012bst\u012bbas ministrijas (VARAM) deleg\u0101cija ministra Art\u016bra Toma Ple\u0161a vad\u012bb\u0101. Konferences laik\u0101 pie\u0146emti vair\u0101ki b\u016btiski l\u0113mumi, kas tostarp saist\u012bti ar klimata p\u0101rmai\u0146u mazin\u0101\u0161anu un piel\u0101go\u0161anos t\u0101m, atjaun\u012bgo resursu pla\u0161\u0101ku izmanto\u0161anu un zaud\u0113jumu atl\u012bdzin\u0101\u0161anas meh\u0101nisma izveidi att\u012bst\u012bbas valst\u012bm, kuras cie\u0161 no klimata p\u0101rmai\u0146u rad\u012btaj\u0101m sek\u0101m.<\/p>\n\n\n\n<p>Konferences nosl\u0113guma dokumentos liels uzsvars likts tie\u0161i uz atjaun\u012bg\u0101s ener\u0123ijas att\u012bst\u012bbu un t\u0101s pla\u0161\u0101ku izmanto\u0161anu, k\u0101 ar\u012b uz siltumn\u012bcefekta g\u0101zu (SEG) emisiju steidzamu samazin\u0101jumu visos sektoros. T\u0101pat izcelta bezprecedenta ener\u0123\u0113tikas kr\u012bze, kuras ietekm\u0113 valst\u012bm nepiecie\u0161ams strauji transform\u0113t ener\u0123\u0113tikas sektoru t\u0101, lai tas k\u013c\u016btu dro\u0161\u0101ks un notur\u012bg\u0101ks pret \u0101r\u0113jiem satricin\u0101jumiem, \u2013 tostarp pa\u0101trinot p\u0101reju uz atjaun\u012bg\u0101s ener\u0123ijas izmanto\u0161anu \u0161\u012bs desmitgades laik\u0101. Ar\u012b Latvij\u0101 j\u0101b\u016bt saska\u0146otiem r\u012bc\u012bbas mode\u013ciem, lai vis\u0101m iesaist\u012btaj\u0101m pus\u0113m b\u016btu ne vien vienots redz\u0113jums par t\u0101l\u0101ko att\u012bst\u012bbas pl\u0101nu, bet ar\u012b skaidri defin\u0113ts algoritms p\u0101r\u0113jai uz za\u013c\u0101s ener\u0123ijas att\u012bst\u012bbu valst\u012b.<\/p>\n\n\n\n<p>Ministrs Ple\u0161s: \u201cKonference ir nosl\u0113gusies, ta\u010du darbs pie klimata m\u0113r\u0137u sasnieg\u0161anas turpin\u0101s \u2013 un tam j\u0101k\u013c\u016bst arvien ambicioz\u0101kam, \u012bpa\u0161i Latvij\u0101. Turkl\u0101t tam j\u0101b\u016bt caurskat\u0101mam, p\u0101rredzamam un saprotamam. T\u0101, piem\u0113ram, ska\u013ci izskan\u0113jusi inform\u0101cija, ka \u201cAugstsprieguma t\u012bkls\u201d un \u201cSadales t\u012bkls\u201d pl\u0101no paaugstin\u0101t tarifus, ta\u010du, manupr\u0101t, \u0161obr\u012bd pa\u0161reiz\u0113jos \u0123eopolitiskajos apst\u0101k\u013cos \u0161\u0101dus so\u013cus spert nedr\u012bkst, ja nav pilnas skaidr\u012bbas par to, k\u0101 tas var\u0113tu ietekm\u0113t za\u013c\u0101s ener\u0123ijas att\u012bst\u012bbu valst\u012b. Te svar\u012bgi atz\u012bm\u0113t, ka nepiecie\u0161ams ieguld\u012bt t\u012bklu moderniz\u0101cij\u0101, un tam atv\u0113l\u0113ti ar\u012b iev\u0113rojami Eiropas Savien\u012bbas l\u012bdzek\u013ci, kas gudri j\u0101izmanto, lai celtu t\u012bkla kapacit\u0101ti. Energoefektivit\u0101te un za\u013c\u0101s ener\u0123ijas izmanto\u0161ana ir j\u0101atbalsta, nevis j\u0101soda ar papildu izmaks\u0101m. Mums ir j\u0101k\u0101pina saules un v\u0113ja jaudas \u2013 tas pal\u012bdz gan samazin\u0101t r\u0113\u0137inus iedz\u012bvot\u0101jiem, gan \u013caus sasniegt klimata m\u0113r\u0137us un samazin\u0101t emisiju apjomu, t\u0101d\u0113\u013c iet soli atpaka\u013c un uzlikt papildu slogu m\u0101jsaimniec\u012bb\u0101m, manupr\u0101t, ir pretrun\u012bgi.\u201d<\/p>\n\n\n\n<p>Ministra ieskat\u0101 Ekonomikas ministrijai (EM) sadarb\u012bb\u0101 ar citiem sektoriem un uz\u0146\u0113m\u0113jiem nepiecie\u0161ams p\u0113c iesp\u0113jas \u0101tr\u0101k atjaunot Nacion\u0101lo ener\u0123\u0113tikas un klimata pl\u0101nu &nbsp;(NEKP), taj\u0101 palielinot amb\u012bcijas atjaun\u012bg\u0101s ener\u0123ijas izmanto\u0161anai \u2013 \u0161obr\u012bd m\u0113r\u0137is ir nodro\u0161in\u0101t vismaz 50% atjaunojam\u0101s ener\u0123ijas \u012bpatsvaru Latvijas ener\u0123ijas gala pat\u0113ri\u0146\u0101, ta\u010du, lai sasniegtu klimata m\u0113r\u0137us, mazin\u0101tu SEG emisijas un vairotu m\u016bsu ener\u0123\u0113tisko dro\u0161\u012bbu un neatkar\u012bbu, noteiktie m\u0113r\u0137i ir j\u0101k\u0101pina. Turkl\u0101t papildu za\u013c\u0101s ener\u0123ijas jaudas kalpos par noz\u012bm\u012bgu pienesumu tautsaimniec\u012bbai: maz\u0101kas izmaksas par elektr\u012bbu un siltumener\u0123iju ilgtermi\u0146\u0101 cels Latvijas konkur\u0113tsp\u0113ju.<\/p>\n\n\n\n<p>Tas saskan ar\u012b ar COP27 konferences laik\u0101 lemto \u2013 valst\u012bm ir strauji j\u0101k\u0101pina t\u012bras un za\u013cas ener\u0123ijas att\u012bst\u012bba, tostarp pak\u0101peniski atsakoties no fosil\u0101 kurin\u0101m\u0101 izmanto\u0161anas ener\u0123\u0113tik\u0101. Tas ietver strauj\u0101ku un v\u0113rien\u012bg\u0101ku v\u0113ja un saules ener\u0123ijas izmanto\u0161anu k\u0101 nacion\u0101laj\u0101 ener\u0123\u0113tikas politik\u0101, t\u0101 m\u0101jsaimniec\u012bbu l\u012bmen\u012b, kas \u0161\u012b gada laik\u0101 piedz\u012bvojis strauju k\u0101pumu \u2013 \u0161\u012b gada laik\u0101 saules pane\u013ci uzst\u0101d\u012bti vair\u0101k nek\u0101 10 t\u016bksto\u0161os m\u0101jsaimniec\u012bbu vis\u0101 Latvij\u0101, tostarp VARAM izstr\u0101d\u0101t\u0101s atbalsta programmas ietvaros.<\/p>\n","protected":false},"excerpt":{"rendered":"<p>2022. gada 21. novembris, R\u012bga \u2013 Sv\u0113tdien, 20. novembr\u012b nosl\u0113dz\u0101s Apvienoto N\u0101ciju Organiz\u0101cijas (ANO) Visp\u0101r\u0113j\u0101s konvencijas par klimata p\u0101rmai\u0146\u0101m 27. san\u0101ksme jeb COP27, un Latviju taj\u0101 p\u0101rst\u0101v\u0113ja Vides aizsardz\u012bbas un re\u0123ion\u0101l\u0101s att\u012bst\u012bbas ministrijas (VARAM) deleg\u0101cija ministra Art\u016bra Toma Ple\u0161a vad\u012bb\u0101.<\/p>\n","protected":false},"author":1938,"featured_media":19413,"comment_status":"closed","ping_status":"open","sticky":false,"template":"","format":"standard","meta":{"footnotes":""},"categories":[22,418],"tags":[],"_links":{"self":[{"href":"https:\/\/zurnalsiepirkumi.lv\/index.php?rest_route=\/wp\/v2\/posts\/19414"}],"collection":[{"href":"https:\/\/zurnalsiepirkumi.lv\/index.php?rest_route=\/wp\/v2\/posts"}],"about":[{"href":"https:\/\/zurnalsiepirkumi.lv\/index.php?rest_route=\/wp\/v2\/types\/post"}],"author":[{"embeddable":true,"href":"https:\/\/zurnalsiepirkumi.lv\/index.php?rest_route=\/wp\/v2\/users\/1938"}],"replies":[{"embeddable":true,"href":"https:\/\/zurnalsiepirkumi.lv\/index.php?rest_route=%2Fwp%2Fv2%2Fcomments&post=19414"}],"version-history":[{"count":1,"href":"https:\/\/zurnalsiepirkumi.lv\/index.php?rest_route=\/wp\/v2\/posts\/19414\/revisions"}],"predecessor-version":[{"id":19415,"href":"https:\/\/zurnalsiepirkumi.lv\/index.php?rest_route=\/wp\/v2\/posts\/19414\/revisions\/19415"}],"wp:featuredmedia":[{"embeddable":true,"href":"https:\/\/zurnalsiepirkumi.lv\/index.php?rest_route=\/wp\/v2\/media\/19413"}],"wp:attachment":[{"href":"https:\/\/zurnalsiepirkumi.lv\/index.php?rest_route=%2Fwp%2Fv2%2Fmedia&parent=19414"}],"wp:term":[{"taxonomy":"category","embeddable":true,"href":"https:\/\/zurnalsiepirkumi.lv\/index.php?rest_route=%2Fwp%2Fv2%2Fcategories&post=19414"},{"taxonomy":"post_tag","embeddable":true,"href":"https:\/\/zurnalsiepirkumi.lv\/index.php?rest_route=%2Fwp%2Fv2%2Ftags&post=19414"}],"curies":[{"name":"wp","href":"https:\/\/api.w.org\/{rel}","templated":true}]}}