{"id":19387,"date":"2022-11-15T09:07:00","date_gmt":"2022-11-15T07:07:00","guid":{"rendered":"https:\/\/zurnalsiepirkumi.lv\/?p=19387"},"modified":"2022-11-16T09:19:17","modified_gmt":"2022-11-16T07:19:17","slug":"baltijas-konkurences-konference-riga-diskute-par-valsts-un-pasvaldibu-iesaisti-uznemejdarbiba-digitala-tirgus-attistibu-un-jaunako-tiesu-praksi","status":"publish","type":"post","link":"https:\/\/zurnalsiepirkumi.lv\/?p=19387","title":{"rendered":"Baltijas Konkurences konferenc\u0113 R\u012bg\u0101 diskut\u0113 par valsts un pa\u0161vald\u012bbu iesaisti uz\u0146\u0113m\u0113jdarb\u012bb\u0101, digit\u0101l\u0101 tirgus att\u012bst\u012bbu un jaun\u0101ko tiesu praksi"},"content":{"rendered":"\n<p>Konkurences padome<\/p>\n\n\n\n<p>14. un 15. novembr\u012b R\u012bg\u0101 norit\u0113ja 18. Baltijas Konkurences konference, kas \u0161ogad velt\u012bta Konkurences padomes (KP) 30. gadadienai. \u0160\u012b gada konferenc\u0113 starp b\u016btisk\u0101kajiem konkurences ties\u012bbu piem\u0113ro\u0161anas tematiem \u012bpa\u0161a uzman\u012bba velt\u012bta publisko personu \u2013 valsts un pa\u0161vald\u012bbu \u2013 iesaistei uz\u0146\u0113m\u0113jdarb\u012bb\u0101, k\u0101 ar\u012b m\u016bslaiku konkurences ties\u012bbu izaicin\u0101jumiem, kas saist\u012bti ar digit\u0101l\u0101 tirgus att\u012bst\u012bbu un jaun\u0101ko tiesu praksi konkurences ties\u012bb\u0101s.<\/p>\n\n\n\n<p>Pas\u0101kums velt\u012bts iest\u0101des 30. gadadienai, t\u0101p\u0113c Konkurences padomes priek\u0161s\u0113d\u0113t\u0101js Juris Gai\u0137is iepaz\u012bstin\u0101ja kl\u0101teso\u0161os ar iest\u0101des darba rezult\u0101tiem: 30 gadu period\u0101 pie\u0146emti ap 500 l\u0113mumi par konkurences ties\u012bbu p\u0101rk\u0101pumiem, piem\u0113ram, aizliegt\u0101m vieno\u0161an\u0101m un uz\u0146\u0113mumu domin\u0113jo\u0161\u0101 st\u0101vok\u013ca \u013caunpr\u0101t\u012bgu izmanto\u0161anu, izv\u0113rt\u0113tas vair\u0101k nek\u0101 400 uz\u0146\u0113mumu apvieno\u0161an\u0101s, piem\u0113roti vair\u0101k nek\u0101 65 miljoni eiro sodi uz\u0146\u0113mumiem par konkurences likuma p\u0101rk\u0101pumiem un apr\u0113\u0137in\u0101to sabiedr\u012bbas ieguvumu, kas gadu no gada vair\u0101kk\u0101rt\u012bgi p\u0101rsniedz iest\u0101dei pie\u0161\u0137irto bud\u017eetu. T\u0101pat kl\u0101teso\u0161ie tika iepaz\u012bstin\u0101ti ar jaun\u0101kajiem datiem par sabiedr\u012bbas v\u0113rt\u0113jumu par konkurences uzraudz\u012bbu Latvij\u0101 un izaicin\u0101jumiem, ar kuriem pa\u0161laik saskaras uz\u0146\u0113mumi Latvij\u0101, t.sk. COVID-19 sek\u0101m, kara izrais\u012bto infl\u0101ciju, ener\u0123\u0113tikas kr\u012bzi, digit\u0101l\u0101 tirgus att\u012bst\u012bbu u.c.<\/p>\n\n\n\n<p>Konkurences padomes priek\u0161s\u0113d\u0113t\u0101js Juris Gai\u0137is: \u201cPriec\u0101jamies, ka iest\u0101des jubileju var\u0113j\u0101m sagaid\u012bt kop\u0101 ar saviem kol\u0113\u0123iem no Lietuvas un Igaunijas, starptautiskiem ekspertiem un nacion\u0101la l\u012bme\u0146a konkurences ties\u012bbu ekspertiem, lai p\u0101rrun\u0101tu past\u0101vo\u0161\u0101s konkurences probl\u0113mas un mekl\u0113tu vienotu pieeju to risin\u0101\u0161anai. Konference \u013cauj Baltijas valstu konkurences uzraugiem apkopot lab\u0101ko praksi un p\u0101r\u0146emt veiksm\u012bg\u0101kos risin\u0101jumus n\u0101kotn\u0113, it \u012bpa\u0161i publisku personu uzraudz\u012bb\u0101, kam \u0161ogad konferenc\u0113 tika velt\u012bta \u012bpa\u0161a uzman\u012bba.\u201d<\/p>\n\n\n\n<p>\u0145emot v\u0113r\u0101 digit\u0101lo tirgu nemit\u012bgo att\u012bst\u012bbu, \u0161\u012b gada 1. novembr\u012b Eirop\u0101 st\u0101j\u0101s sp\u0113k\u0101 Digit\u0101l\u0101 tirgus akts, kura m\u0113r\u0137is ir padar\u012bt digit\u0101lo nozari taisn\u012bg\u0101ku un konkur\u0113tsp\u0113j\u012bg\u0101ku, nosakot skaidrus noteikumus attiec\u012bb\u0101 uz liel\u0101m tie\u0161saistes platform\u0101m un to sadarb\u012bbu ar klientiem un pat\u0113r\u0113t\u0101jiem.&nbsp; Konferenc\u0113 ar prezent\u0101ciju par jauno Digit\u0101l\u0101 tirgus aktu un nacion\u0101lo konkurences iest\u0101\u017eu turpm\u0101ko sadarb\u012bbu ar Eiropas komisiju par digit\u0101lo platformu uzraudz\u012bbu uzst\u0101j\u0101s Eiropas komisijas p\u0101rst\u0101ve Ksandra Reinjes (Xandra Reintjes).<\/p>\n\n\n\n<p>Savuk\u0101rt konferenc\u0113 par jaun\u0101ko tiesu praksi konkurences ties\u012bb\u0101s ar prezent\u0101ciju uzst\u0101j\u0101s Laila Medi\u0146a, Latvijas pirm\u0101 p\u0101rst\u0101ve Eiropas Savien\u012bbas ties\u0101, kas kop\u0161 2021. gada ie\u0146em \u0122ener\u0101ladvok\u0101tes amatu. \u0145emot v\u0113r\u0101, ka Latvijas konkurences ties\u012bbas sak\u0146ojas Eiropas Savien\u012bbas ties\u012bb\u0101s, Eiropas Savien\u012bbas tiesas spriedumi b\u016btiski ietekm\u0113 konkurences ties\u012bbu t\u0101l\u0101kveido\u0161anos ne vien Latvij\u0101, bet vis\u0101 Eiropas Savien\u012bb\u0101.<\/p>\n\n\n\n<p>Pas\u0101kum\u0101 \u012bpa\u0161a uzman\u012bba tika velt\u012bta ar\u012b publisku personu iesaistei uz\u0146\u0113m\u0113jdarb\u012bb\u0101. Konferenc\u0113 uzst\u0101j\u0101s Ekonomisk\u0101s sadarb\u012bbas un att\u012bst\u012bbas organiz\u0101cijas (OECD) Konkurences div\u012bzijas vec\u0101k\u0101 eksperte Federika Maiorano (Federica Maiorano) ar prezent\u0101ciju par OECD apstiprin\u0101taj\u0101m Konkurences neitralit\u0101tes rekomend\u0101cij\u0101m, kas aicina valstis nodro\u0161in\u0101t neitralit\u0101tes principu iev\u0113ro\u0161anu, t\u0101d\u0113j\u0101di nepamatoti nekav\u0113jot, neierobe\u017eojot vai nekrop\u013cojot konkurenci tirg\u016b.<\/p>\n\n\n\n<p>Latvijas Konkurences padome neitralit\u0101tes regul\u0113jumu, kas pieprasa iev\u0113rot vienl\u012bdz\u012bgus sp\u0113les noteikumus k\u0101 priv\u0101tajiem, t\u0101 publiskajiem tirgus dal\u012bbniekiem, uzrauga jau no 2020. gada, kad sp\u0113k\u0101 st\u0101j\u0101s groz\u012bjumi Konkurences likum\u0101. T\u0101p\u0113c, lai diskut\u0113tu par nacion\u0101la l\u012bme\u0146a probl\u0113m\u0101m publisku personu iesaistei uz\u0146\u0113m\u0113jdarb\u012bb\u0101 un konkurences neitralit\u0101tes iev\u0113ro\u0161an\u0101, tik organiz\u0113ts nacion\u0101la l\u012bme\u0146a diskusiju panelis. Diskusij\u0101s piedal\u012bj\u0101s Latvijas Tirdzniec\u012bbas un r\u016bpniec\u012bbas kameras (LTRK) p\u0101rst\u0101vis J\u0101nis Lielp\u0113teris, \u0100rvalstu investoru padomes (FICIL) p\u0101rst\u0101vis M\u0101ris But\u0101ns, P\u0101rresoru koordin\u0101cijas centra vad\u012bt\u0101js P\u0113teris Vilks un C\u0113su pa\u0161vald\u012bbas vad\u012bt\u0101js J\u0101nis Rozenbergs. Diskusiju moder\u0113ja Konkurences padomes ilggad\u0113j\u0101 vad\u012bt\u0101ja Skaidr\u012bte \u0100brama, kuras vad\u012bbas laik\u0101 p\u0113c vair\u0101ku gadu p\u016bli\u0146iem tika groz\u012bts Konkurences likums, kas noteica valstij un pa\u0161vald\u012bb\u0101m pien\u0101kumu iev\u0113rot konkurences neitralit\u0101ti Latvij\u0101, k\u0101 ar\u012b pie\u0161\u0137\u012bra Konkurences padomei pla\u0161\u0101kas pilnvaras v\u0113rsties pret \u0161\u0101diem p\u0101rk\u0101pumiem.<\/p>\n\n\n\n<p>Re\u0123ion\u0101l\u0101s Baltijas valstu konkurences konferences organiz\u0113\u0161ana reizi trijos gados tiek uztic\u0113ta katrai no trim Baltijas valst\u012bm. Konferences m\u0113r\u0137is ir veidot diskusiju platformu.&nbsp;Konferenc\u0113 R\u012bg\u0101 piedal\u012bj\u0101s Baltijas konkurences iest\u0101\u017eu vad\u012bt\u0101ji un eksperti, Latvijas juridisko biroju p\u0101rst\u0101vji, akad\u0113mi\u0137i, iest\u0101des sadarb\u012bbas partneri u.c.<\/p>\n\n\n\n<p>Pas\u0101kums norit gan kop\u0113jo diskusiju form\u0101t\u0101, gan atsevi\u0161\u0137\u0101s ekspertu darba grup\u0101s par uz\u0146\u0113mumu apvieno\u0161an\u0101m, aizliegt\u0101m vieno\u0161an\u0101m un domin\u0113jo\u0161\u0101 st\u0101vok\u013ca \u013caunpr\u0101t\u012bgu izmanto\u0161anu, digit\u0101lajiem tirgiem u.c. tematiem.<\/p>\n","protected":false},"excerpt":{"rendered":"<p>14. un 15. novembr\u012b R\u012bg\u0101 norit\u0113ja 18. Baltijas Konkurences konference, kas \u0161ogad velt\u012bta Konkurences padomes (KP) 30. gadadienai. \u0160\u012b gada konferenc\u0113 starp b\u016btisk\u0101kajiem konkurences ties\u012bbu piem\u0113ro\u0161anas tematiem \u012bpa\u0161a uzman\u012bba velt\u012bta publisko personu \u2013 valsts un pa\u0161vald\u012bbu \u2013 iesaistei uz\u0146\u0113m\u0113jdarb\u012bb\u0101, k\u0101 ar\u012b m\u016bslaiku konkurences ties\u012bbu izaicin\u0101jumiem, kas saist\u012bti ar digit\u0101l\u0101 tirgus att\u012bst\u012bbu un jaun\u0101ko tiesu praksi konkurences ties\u012bb\u0101s.<\/p>\n","protected":false},"author":1938,"featured_media":19386,"comment_status":"closed","ping_status":"open","sticky":false,"template":"","format":"standard","meta":{"footnotes":""},"categories":[1,95,47],"tags":[],"_links":{"self":[{"href":"https:\/\/zurnalsiepirkumi.lv\/index.php?rest_route=\/wp\/v2\/posts\/19387"}],"collection":[{"href":"https:\/\/zurnalsiepirkumi.lv\/index.php?rest_route=\/wp\/v2\/posts"}],"about":[{"href":"https:\/\/zurnalsiepirkumi.lv\/index.php?rest_route=\/wp\/v2\/types\/post"}],"author":[{"embeddable":true,"href":"https:\/\/zurnalsiepirkumi.lv\/index.php?rest_route=\/wp\/v2\/users\/1938"}],"replies":[{"embeddable":true,"href":"https:\/\/zurnalsiepirkumi.lv\/index.php?rest_route=%2Fwp%2Fv2%2Fcomments&post=19387"}],"version-history":[{"count":1,"href":"https:\/\/zurnalsiepirkumi.lv\/index.php?rest_route=\/wp\/v2\/posts\/19387\/revisions"}],"predecessor-version":[{"id":19388,"href":"https:\/\/zurnalsiepirkumi.lv\/index.php?rest_route=\/wp\/v2\/posts\/19387\/revisions\/19388"}],"wp:featuredmedia":[{"embeddable":true,"href":"https:\/\/zurnalsiepirkumi.lv\/index.php?rest_route=\/wp\/v2\/media\/19386"}],"wp:attachment":[{"href":"https:\/\/zurnalsiepirkumi.lv\/index.php?rest_route=%2Fwp%2Fv2%2Fmedia&parent=19387"}],"wp:term":[{"taxonomy":"category","embeddable":true,"href":"https:\/\/zurnalsiepirkumi.lv\/index.php?rest_route=%2Fwp%2Fv2%2Fcategories&post=19387"},{"taxonomy":"post_tag","embeddable":true,"href":"https:\/\/zurnalsiepirkumi.lv\/index.php?rest_route=%2Fwp%2Fv2%2Ftags&post=19387"}],"curies":[{"name":"wp","href":"https:\/\/api.w.org\/{rel}","templated":true}]}}