{"id":19278,"date":"2022-11-10T09:44:20","date_gmt":"2022-11-10T07:44:20","guid":{"rendered":"https:\/\/zurnalsiepirkumi.lv\/?p=19278"},"modified":"2022-11-10T09:44:21","modified_gmt":"2022-11-10T07:44:21","slug":"atverts-pirmais-projektu-konkurss-igaunijas-latvijas-programma-2021-2027-gadam","status":"publish","type":"post","link":"https:\/\/zurnalsiepirkumi.lv\/?p=19278","title":{"rendered":"Atv\u0113rts pirmais projektu konkurss Igaunijas-Latvijas programm\u0101 2021.-2027. gadam"},"content":{"rendered":"\n<p> Vides aizsardz\u012bbas un re\u0123ion\u0101l\u0101s att\u012bst\u012bbas ministrija <\/p>\n\n\n\n<p>Vides aizsardz\u012bbas un re\u0123ion\u0101l\u0101s att\u012bst\u012bbas ministrija (VARAM) aicina piedal\u012bties Igaunijas \u2013 Latvijas programmas 2021.-2027.gada pirmaj\u0101 projektu konkurs\u0101, kas atv\u0113rts no 2022.gada 7.novembra un norisin\u0101sies l\u012bdz 2023.gada 15.febru\u0101rim.<\/p>\n\n\n\n<p>Programmas m\u0113r\u0137is ir stiprin\u0101t sadarb\u012bbu starp re\u0123ioniem \u0161\u0101dos tematiskajos virzienos:<\/p>\n\n\n\n<ul><li>Kop\u012bgi un viedi augo\u0161i uz\u0146\u0113mumi<\/li><\/ul>\n\n\n\n<p>Sadarb\u012bbas stiprin\u0101\u0161ana starp izp\u0113tes, mazo vid\u0113jo uz\u0146\u0113mumu (MVU) un sabiedrisko sektoru, lai stimul\u0113tu inov\u0101cijas un uz\u0146\u0113m\u0113jdarb\u012bbu. Transnacion\u0101lu inov\u0101ciju t\u012bklu un klasteru izveide un stiprin\u0101\u0161ana un internacionaliz\u0101cijas atbalsts.&nbsp;\u0160aj\u0101 priorit\u0101t\u0113 ieguld\u012bjumi infrastrukt\u016br\u0101 vai b\u016bvniec\u012bb\u0101 nav pl\u0101noti.<\/p>\n\n\n\n<ul><li>Ilgtsp\u0113j\u012bga un notur\u012bga programmas teritorija<\/li><\/ul>\n\n\n\n<p>Darb\u012bbas dabas aizsardz\u012bbas un biolo\u0123isk\u0101s daudzveid\u012bbas uzlabo\u0161anai, pies\u0101r\u0146ojuma mazin\u0101\u0161anai. Kop\u012bgas darb\u012bbas p\u0101rrobe\u017eu probl\u0113mu risin\u0101\u0161anai programmas teritorij\u0101, piem\u0113ram, kop\u012bgo \u016bdenstilp\u0146u pies\u0101r\u0146ojums, p\u0101rrobe\u017eu za\u013co t\u012bklojumu p\u0101rvald\u012bba, dabas objektu att\u012bst\u012b\u0161ana atp\u016btas vajadz\u012bb\u0101m un ilgtsp\u0113j\u012bgam dabas t\u016brismam u.c..<\/p>\n\n\n\n<ul><li>Pieejam\u0101ka un ilgtsp\u0113j\u012bg\u0101ka p\u0101rrobe\u017eu t\u016brisma pieredze<\/li><\/ul>\n\n\n\n<p>Uz programmas teritorijas daudzveid\u012bg\u0101 dabas un kult\u016bras mantojuma balst\u012btu ilgtsp\u0113j\u012bgu un pieejamu t\u016brisma produktu kop\u012bga izstr\u0101de, T\u016brisma pied\u0101v\u0101jumu, apskates objektu, produktu un pakalpojumu pieejam\u012bbas uzlabo\u0161ana vis\u0101m sabiedr\u012bbas grup\u0101m.<\/p>\n\n\n\n<ul><li>Vair\u0101k sadarb\u012bbas p\u0101rrobe\u017eu re\u0123ionos un kop\u012bgu pakalpojumu att\u012bst\u012bba<\/li><\/ul>\n\n\n\n<p>Ilgtsp\u0113j\u012bgas sadarb\u012bbas prakses izveide pierobe\u017eas re\u0123ion\u0101 p\u0101rrobe\u017eu strat\u0113\u0123iskajai pl\u0101no\u0161anai un efekt\u012bvai kop\u012bgo p\u0101rrobe\u017eu izaicin\u0101jumu risin\u0101\u0161anai, pilotaktivit\u0101tes un \u012bstenoti risin\u0101jumi sabiedrisko pakalpojumu ievie\u0161anai.&nbsp;\u0160aj\u0101 priorit\u0101t\u0113 ieguld\u012bjumi infrastrukt\u016br\u0101 vai b\u016bvniec\u012bb\u0101 nav pl\u0101noti.<\/p>\n\n\n\n<figure class=\"wp-block-image size-full\"><img loading=\"lazy\" decoding=\"async\" width=\"400\" height=\"335\" src=\"https:\/\/zurnalsiepirkumi.lv\/wp-content\/uploads\/2022\/11\/10.11.2022_Igaun_Latv.jpg\" alt=\"\" class=\"wp-image-19279\" srcset=\"https:\/\/zurnalsiepirkumi.lv\/wp-content\/uploads\/2022\/11\/10.11.2022_Igaun_Latv.jpg 400w, https:\/\/zurnalsiepirkumi.lv\/wp-content\/uploads\/2022\/11\/10.11.2022_Igaun_Latv-336x281.jpg 336w\" sizes=\"(max-width: 400px) 100vw, 400px\" \/><\/figure>\n\n\n\n<p>rogrammas teritorij\u0101 ietilpst \u0161\u0101di NUTS<sup><a href=\"#fn1\" id=\"ref1\">*<\/a><\/sup> 3 re\u0123ioni:<\/p>\n\n\n\n<p><strong>Latvij\u0101:<\/strong>&nbsp;Kurzeme, Pier\u012bga, R\u012bga un Vidzeme;<\/p>\n\n\n\n<p><strong>Igaunij\u0101:<\/strong>&nbsp;L\u00f5una-Eesti (Dienvidigaunija) un L\u00e4\u00e4ne-Eesti (Rietumigaunija).<\/p>\n\n\n\n<p><strong>Programmas finans\u0113juma sa\u0146\u0113m\u0113ji<\/strong>&nbsp;ir valsts bud\u017eeta iest\u0101des, pa\u0161vald\u012bbas un to izveidot\u0101s iest\u0101des, biedr\u012bbas un nodibin\u0101jumi, priv\u0101tie uz\u0146\u0113mumi.<\/p>\n\n\n\n<p>Programmu l\u012bdzfinans\u0113 Eiropas Re\u0123ion\u0101l\u0101s att\u012bst\u012bbas fonds (ERAF) un 2021.\u20132027.&nbsp;gada periodam&nbsp;24&nbsp;miljoni euro no kop\u0113j\u0101 ERAF bud\u017eeta tiks pie\u0161\u0137irti p\u0101rrobe\u017eu sadarb\u012bbas projektu atbalstam.<\/p>\n\n\n\n<p>ERAF l\u012bdzfinans\u0113jums&nbsp;finans\u0113juma sa\u0146\u0113m\u0113jiem sadarb\u012bbas projektu \u012bsteno\u0161anai ir&nbsp;<strong>80%&nbsp;<\/strong>apm\u0113r\u0101 no attiecin\u0101majiem izdevumiem.<\/p>\n\n\n\n<p><u>Aicin\u0101m visus interesentus 22.novembr\u012b no plkst.10 l\u012bdz 12:30 piedal\u012bties virtu\u0101laj\u0101 informat\u012bvaj\u0101 semin\u0101r\u0101<\/u>\u00a0par atbalsta iesp\u0113j\u0101m Programm\u0101 un pirm\u0101 projektu konkursa nosac\u012bjumiem. Pieteik\u0161an\u0101s\u00a0<a rel=\"noreferrer noopener\" href=\"https:\/\/estlat.eu\/en\/events\/information-seminar-first-call-for-applications.html\" target=\"_blank\">Programmas m\u0101jaslap\u0101.<\/a><\/p>\n\n\n\n<p>Detaliz\u0113ta inform\u0101cija par konkursa norisi un nosac\u012bjumiem ir atrodama Programmas&nbsp;<a href=\"https:\/\/estlat.eu\/en\/2021-2027\/1st-call-for-applications\" target=\"_blank\" rel=\"noreferrer noopener\">t\u012bmek\u013ca vietn\u0113<\/a>. N.B.! L\u016bdzu \u0146emiet v\u0113r\u0101, ka konsult\u0101cijas ar Programmas sekretari\u0101tu par projekta ideju pirms iesnieg\u0161anas ir oblig\u0101tas! Programmas sekretari\u0101ta kontaktinform\u0101cija ir<a href=\"https:\/\/estlat.eu\/en\/contacts\" target=\"_blank\" rel=\"noreferrer noopener\">&nbsp;\u0161eit<\/a>.<\/p>\n\n\n\n<p>Programmas komunik\u0101cijas kan\u0101li:<\/p>\n\n\n\n<ul><li>\u00a0M\u0101jas lapa:\u00a0<strong><u><a href=\"https:\/\/estlat.eu\/\" target=\"_blank\" rel=\"noreferrer noopener\">estlat.eu<\/a><\/u><\/strong><\/li><li>\u00a0Facebook:\u00a0<strong><u><a href=\"https:\/\/www.facebook.com\/estlat\" target=\"_blank\" rel=\"noreferrer noopener\">@estlat<\/a><\/u><\/strong><\/li><\/ul>\n\n\n\n<p><sup id=\"fn1\">*Eiropas Savien\u012bbas statistiski teritori\u0101lo vien\u012bbu klasifik\u0101cijas dal\u012bjums.* NUTS klasifik\u0101cija nosaka dal\u012bbvalstu ekonomisk\u0101s teritorijas iedal\u012bjumu, kas ietver ar\u012b to \u0101rpusre\u0123ion\u0101lo teritoriju. Klasifik\u0101cija ir hierarhiska, t\u0101 katru dal\u012bbvalsti iedala trijos l\u012bme\u0146os \u2013 NUTS 1, NUTS 2 un NUTS 3. Otrais un tre\u0161ais l\u012bmenis attiec\u012bgi ir pirm\u0101 un otr\u0101 l\u012bme\u0146a apak\u0161vien\u012bbas. Teritori\u0101lo vien\u012bbu defin\u012bcija ir balst\u012bta uz administrat\u012bvi teritori\u0101laj\u0101m vien\u012bb\u0101m, k\u0101das past\u0101v Eiropas Savien\u012bbas dal\u012bbvalst\u012bs.<a title=\"Jump back to footnote 1 in the text.\" href=\"#ref1\">\u21a9<\/a><\/sup><\/p>\n","protected":false},"excerpt":{"rendered":"<p>Vides aizsardz\u012bbas un re\u0123ion\u0101l\u0101s att\u012bst\u012bbas ministrija (VARAM) aicina piedal\u012bties Igaunijas \u2013 Latvijas programmas 2021.-2027.gada pirmaj\u0101 projektu konkurs\u0101, kas atv\u0113rts no 2022.gada 7.novembra un norisin\u0101sies l\u012bdz 2023.gada 15.febru\u0101rim.<\/p>\n","protected":false},"author":1938,"featured_media":19277,"comment_status":"closed","ping_status":"open","sticky":false,"template":"","format":"standard","meta":{"footnotes":""},"categories":[1,47],"tags":[],"_links":{"self":[{"href":"https:\/\/zurnalsiepirkumi.lv\/index.php?rest_route=\/wp\/v2\/posts\/19278"}],"collection":[{"href":"https:\/\/zurnalsiepirkumi.lv\/index.php?rest_route=\/wp\/v2\/posts"}],"about":[{"href":"https:\/\/zurnalsiepirkumi.lv\/index.php?rest_route=\/wp\/v2\/types\/post"}],"author":[{"embeddable":true,"href":"https:\/\/zurnalsiepirkumi.lv\/index.php?rest_route=\/wp\/v2\/users\/1938"}],"replies":[{"embeddable":true,"href":"https:\/\/zurnalsiepirkumi.lv\/index.php?rest_route=%2Fwp%2Fv2%2Fcomments&post=19278"}],"version-history":[{"count":2,"href":"https:\/\/zurnalsiepirkumi.lv\/index.php?rest_route=\/wp\/v2\/posts\/19278\/revisions"}],"predecessor-version":[{"id":19281,"href":"https:\/\/zurnalsiepirkumi.lv\/index.php?rest_route=\/wp\/v2\/posts\/19278\/revisions\/19281"}],"wp:featuredmedia":[{"embeddable":true,"href":"https:\/\/zurnalsiepirkumi.lv\/index.php?rest_route=\/wp\/v2\/media\/19277"}],"wp:attachment":[{"href":"https:\/\/zurnalsiepirkumi.lv\/index.php?rest_route=%2Fwp%2Fv2%2Fmedia&parent=19278"}],"wp:term":[{"taxonomy":"category","embeddable":true,"href":"https:\/\/zurnalsiepirkumi.lv\/index.php?rest_route=%2Fwp%2Fv2%2Fcategories&post=19278"},{"taxonomy":"post_tag","embeddable":true,"href":"https:\/\/zurnalsiepirkumi.lv\/index.php?rest_route=%2Fwp%2Fv2%2Ftags&post=19278"}],"curies":[{"name":"wp","href":"https:\/\/api.w.org\/{rel}","templated":true}]}}