{"id":18958,"date":"2022-09-27T06:45:00","date_gmt":"2022-09-27T04:45:00","guid":{"rendered":"https:\/\/zurnalsiepirkumi.lv\/?p=18958"},"modified":"2022-09-28T06:48:33","modified_gmt":"2022-09-28T04:48:33","slug":"par-ipaso-grupu-ukrainas-civiliedzivotaju-izmitinasanu-pasvaldibam-segs-izdevumus-lielaka-apmera","status":"publish","type":"post","link":"https:\/\/zurnalsiepirkumi.lv\/?p=18958","title":{"rendered":"Par \u012bpa\u0161o grupu Ukrainas civiliedz\u012bvot\u0101ju izmitin\u0101\u0161anu pa\u0161vald\u012bb\u0101m segs izdevumus liel\u0101k\u0101 apm\u0113r\u0101"},"content":{"rendered":"\n<p>Ekonomikas ministrija<\/p>\n\n\n\n<p>Ministru kabinets 2022. gada 27. septembra s\u0113d\u0113 atbalst\u012bja izmai\u0146as izmaksu seg\u0161anai pa\u0161vald\u012bb\u0101m par prim\u0101r\u0101 atbalsta snieg\u0161anu noteiktu Ukrainas civiliedz\u012bvot\u0101ju grupu izmitin\u0101\u0161anai.\u00a0Paredz\u0113ta iesp\u0113ja no 1.oktobra l\u012bdz \u0161\u012b gada beig\u0101m iz\u0146\u0113muma gad\u012bjum\u0101 segt izdevumus pa\u0161vald\u012bb\u0101m par atsevi\u0161\u0137u Ukrainas civiliedz\u012bvot\u0101ju izmitin\u0101\u0161anu liel\u0101k\u0101 apm\u0113r\u0101.<\/p>\n\n\n\n<p>Izmai\u0146as attiecas uz Ukrainas civiliedz\u012bvot\u0101jiem, kas atbilst k\u0101dai no Ukrainas civiliedz\u012bvot\u0101ju atbalsta likum\u0101 noteiktaj\u0101m \u012bpa\u0161aj\u0101m personu grup\u0101m &#8211; persona ar invalidit\u0101ti vai kurai nepiecie\u0161ama \u012bpa\u0161a kop\u0161ana un persona, kas nodro\u0161ina t\u0101 apkopi, persona pensijas vecum\u0101, sieviete vis\u0101 gr\u016btniec\u012bbas period\u0101, b\u0113rns pirmsskolas vecum\u0101, kuram nav iesp\u0113jas apmekl\u0113t pirmsskolas izgl\u012bt\u012bbas iest\u0101di, persona, kas Latvij\u0101 ieg\u016bst izgl\u012bt\u012bbu kl\u0101tien\u0113 pirmsskolas, pamatizgl\u012bt\u012bbas, visp\u0101r\u0113j\u0101s vid\u0113j\u0101s vai profesion\u0101l\u0101s vid\u0113j\u0101s izgl\u012bt\u012bbas iest\u0101d\u0113 vai p\u0101riet uz m\u0101c\u012bb\u0101m n\u0101kamaj\u0101 izgl\u012bt\u012bbas pak\u0101p\u0113, ieg\u016bst izgl\u012bt\u012bbu augst\u0101k\u0101s izgl\u012bt\u012bbas iest\u0101d\u0113 vai turpina izgl\u012bt\u012bbas ieguvi Ukrain\u0101 t\u0101lm\u0101c\u012bb\u0101 vai att\u0101lin\u0101ti pamatizgl\u012bt\u012bbas, visp\u0101r\u0113j\u0101s vid\u0113j\u0101s vai profesion\u0101l\u0101s vid\u0113j\u0101s izgl\u012bt\u012bbas iest\u0101d\u0113, viens no b\u0113rna vec\u0101kiem vai \u0101rk\u0101rtas aizbildnis, kur\u0161 kopj b\u0113rnu l\u012bdz divu gadu vecumam, persona, kura nodro\u0161ina pirmsskolas vecuma b\u0113rna kop\u0161anu, apr\u016bpi un b\u0113rnam nav iesp\u0113jas apmekl\u0113t pirmsskolas izgl\u012bt\u012bbas iest\u0101di.<\/p>\n\n\n\n<p>Gad\u012bjum\u0101, ja pa\u0161vald\u012bba jau izmitina t\u0101du Ukrainas civiliedz\u012bvot\u0101ju, kas atbilst k\u0101dai no \u012bpa\u0161aj\u0101m grup\u0101m, pa\u0161vald\u012bbas \u012bpa\u0161um\u0101, vald\u012bjum\u0101 vai tur\u0113jum\u0101 eso\u0161\u0101 izmitin\u0101\u0161anas viet\u0101 vai izmanto citus izmitin\u0101\u0161anas veidus period\u0101 l\u012bdz 120 dien\u0101m vai turpina t\u0101 izmitin\u0101\u0161anu p\u0113c s\u0101kotn\u0113j\u0101 60 vai 120 dienu izmitin\u0101\u0161anas perioda beig\u0101m, un\u00a0konstat\u0113jot, ka nav iesp\u0113jams nodro\u0161in\u0101t t\u0101 izmitin\u0101\u0161anu sav\u0101 vai cit\u0101 pa\u0161vald\u012bb\u0101, iev\u0113rojot noteiktos izmaksu ierobe\u017eojumus,\u00a0s\u0101kot ar 2022.gada 1.oktobri pa\u0161vald\u012bbai tiek segti izdevumi par Ukrainas civiliedz\u012bvot\u0101jiem nodro\u0161in\u0101to izmitin\u0101\u0161anu vai pakalpojuma sniedz\u0113jam samaks\u0101t\u0101 atl\u012bdz\u012bba ne vair\u0101k k\u0101 15\u00a0eiro par katru izmitin\u0101to personu diennakt\u012b.<\/p>\n\n\n\n<p>Pa\u0161vald\u012bbai ir j\u0101iek\u013cauj attiec\u012bgais izv\u0113rt\u0113jums un pamatojums sav\u0101 l\u0113mum\u0101.<\/p>\n\n\n\n<p>P\u0101r\u0113jos gad\u012bjumos,\u00a0izmitinot pa\u0161vald\u012bbas \u012bpa\u0161um\u0101, vald\u012bjum\u0101 vai tur\u0113jum\u0101 eso\u0161\u0101 izmitin\u0101\u0161anas viet\u0101 vai izmantojot citus izmitin\u0101\u0161anas veidus 120 dienu period\u0101 un p\u0113c s\u0101kotn\u0113j\u0101 60 vai 120 dienu perioda,\u00a0pa\u0161vald\u012bbai tiek segti izdevumi visp\u0101r\u0113j\u0101 k\u0101rt\u012bb\u0101 &#8211;\u00a0par Ukrainas civiliedz\u012bvot\u0101jiem nodro\u0161in\u0101to izmitin\u0101\u0161anu vai pakalpojuma sniedz\u0113jam samaks\u0101t\u0101 atl\u012bdz\u012bba ir ne vair\u0101k k\u0101\u00a0100\u00a0eiro\/m\u0113nes\u012b par katru izmitin\u0101to personu, ja dz\u012bvo\u0161anai piel\u0101gotaj\u0101 telp\u0101 vai telpu grup\u0101 tiek izmitin\u0101tas ne vair\u0101k k\u0101 3 personas, bet, ja tiek izmitin\u0101tas vair\u0101k nek\u0101 3\u00a0personas,\u00a0par katru n\u0101kamo personu sedz izdevumus ne vair\u0101k k\u0101 50\u00a0eiro\/m\u0113nes\u012b.<\/p>\n\n\n\n<p>J\u0101\u0146em v\u0113r\u0101, ka izmaksas liel\u0101k\u0101 apm\u0113r\u0101 pa\u0161vald\u012bb\u0101m tiks segtas s\u0101kot ar 2022.gada 1.oktobri un neb\u016bs attiecin\u0101mas uz izmitin\u0101\u0161anas periodu l\u012bdz 2022.gada 30.septembrim (ieskaitot).<\/p>\n\n\n\n<p>Groz\u012bjumi Ministru kabineta noteikumos st\u0101sies sp\u0113k\u0101 2022. gada 1. oktobr\u012b.<\/p>\n\n\n\n<p>K\u0101 jau min\u0113ts iepriek\u0161, prim\u0101ri sniedzamais atbalsts ir termin\u0113ts atbalsta pas\u0101kums, kas tiek \u012bstenots ne ilg\u0101k k\u0101 l\u012bdz 2022. gada 31. decembrim.<\/p>\n\n\n\n<p>Pla\u0161\u0101k ar groz\u012bjumiem Ministru kabineta 2022. gada 8. j\u016bnija noteikumos Nr.\u00a0339 &#8220;Noteikumi par prim\u0101ri sniedzam\u0101 atbalsta nodro\u0161in\u0101\u0161anu Ukrainas civiliedz\u012bvot\u0101jiem&#8221; var iepaz\u012bties\u00a0<a href=\"https:\/\/tapportals.mk.gov.lv\/legal_acts\/43831d86-1a2d-44e3-9d30-a7327f54b6ce\" target=\"_blank\" rel=\"noreferrer noopener\">Vienotaj\u0101 ties\u012bbu aktu port\u0101l\u0101<\/a>.<\/p>\n","protected":false},"excerpt":{"rendered":"<p>Ministru kabinets 2022. gada 27. septembra s\u0113d\u0113 atbalst\u012bja izmai\u0146as izmaksu seg\u0161anai pa\u0161vald\u012bb\u0101m par prim\u0101r\u0101 atbalsta snieg\u0161anu noteiktu Ukrainas civiliedz\u012bvot\u0101ju grupu izmitin\u0101\u0161anai.<\/p>\n","protected":false},"author":1938,"featured_media":18957,"comment_status":"closed","ping_status":"open","sticky":false,"template":"","format":"standard","meta":{"footnotes":""},"categories":[23,95],"tags":[],"_links":{"self":[{"href":"https:\/\/zurnalsiepirkumi.lv\/index.php?rest_route=\/wp\/v2\/posts\/18958"}],"collection":[{"href":"https:\/\/zurnalsiepirkumi.lv\/index.php?rest_route=\/wp\/v2\/posts"}],"about":[{"href":"https:\/\/zurnalsiepirkumi.lv\/index.php?rest_route=\/wp\/v2\/types\/post"}],"author":[{"embeddable":true,"href":"https:\/\/zurnalsiepirkumi.lv\/index.php?rest_route=\/wp\/v2\/users\/1938"}],"replies":[{"embeddable":true,"href":"https:\/\/zurnalsiepirkumi.lv\/index.php?rest_route=%2Fwp%2Fv2%2Fcomments&post=18958"}],"version-history":[{"count":1,"href":"https:\/\/zurnalsiepirkumi.lv\/index.php?rest_route=\/wp\/v2\/posts\/18958\/revisions"}],"predecessor-version":[{"id":18959,"href":"https:\/\/zurnalsiepirkumi.lv\/index.php?rest_route=\/wp\/v2\/posts\/18958\/revisions\/18959"}],"wp:featuredmedia":[{"embeddable":true,"href":"https:\/\/zurnalsiepirkumi.lv\/index.php?rest_route=\/wp\/v2\/media\/18957"}],"wp:attachment":[{"href":"https:\/\/zurnalsiepirkumi.lv\/index.php?rest_route=%2Fwp%2Fv2%2Fmedia&parent=18958"}],"wp:term":[{"taxonomy":"category","embeddable":true,"href":"https:\/\/zurnalsiepirkumi.lv\/index.php?rest_route=%2Fwp%2Fv2%2Fcategories&post=18958"},{"taxonomy":"post_tag","embeddable":true,"href":"https:\/\/zurnalsiepirkumi.lv\/index.php?rest_route=%2Fwp%2Fv2%2Ftags&post=18958"}],"curies":[{"name":"wp","href":"https:\/\/api.w.org\/{rel}","templated":true}]}}